{"id":31294,"date":"2024-11-20T18:28:05","date_gmt":"2024-11-20T17:28:05","guid":{"rendered":"https:\/\/www.iceagetv.com\/radiosite\/?p=31294"},"modified":"2024-11-20T18:28:08","modified_gmt":"2024-11-20T17:28:08","slug":"proces-de-pierre-palmade-cinq-ans-de-prison-dont-deux-ferme-requis-contre-le-comedien","status":"publish","type":"post","link":"https:\/\/www.iceagetv.com\/radiosite\/proces-de-pierre-palmade-cinq-ans-de-prison-dont-deux-ferme-requis-contre-le-comedien\/","title":{"rendered":"Proc\u00e8s de Pierre Palmade: cinq ans de prison dont deux ferme requis contre le com\u00e9dien"},"content":{"rendered":"\n<p class=\"\">Le proc\u00e8s de Pierre Palmade s&rsquo;est ouvert ce mardi 20 novembre. L&rsquo;humoriste a refus\u00e9 d&rsquo;\u00eatre jug\u00e9 pour \u00ab\u00a0homicide involontaire\u00a0\u00bb apr\u00e8s le grave accident de la route survenu en Seine-et-Marne en f\u00e9vrier 2023. Il a demand\u00e9 pardon aux victimes de l&rsquo;accident qu&rsquo;il a caus\u00e9.<\/p>\n\n\n\n<h2 class=\"wp-block-heading\">Cinq ans de prison dont deux ferme requis contre Pierre Palmade<\/h2>\n\n\n\n<p class=\"\">5 ans de prison dont 3 ans avec un sursis probatoire de 3 ans, ont \u00e9t\u00e9 requis contre Pierre Palmade pour le grave accident de la route survenu en Seine-et-Marne en f\u00e9vrier 2023 et qui a fait trois bless\u00e9s.<\/p>\n\n\n\n<h2 class=\"wp-block-heading\">Mes clients, eux, ont perdu le go\u00fbt \u00e0 la vie\u00a0\u00bb: la r\u00e9ponse forte de l&rsquo;avocat des parties civiles \u00e0 Pierre Palmade<\/h2>\n\n\n\n<p class=\"\">Me Mourad Battikh termine sa plaidoirie en \u00e9voquant Mila et son mari, qui lui n&rsquo;a pas d\u00e9cid\u00e9 de venir au proc\u00e8s.<\/p>\n\n\n\n<p class=\"\">\u00ab\u00a0Son mari a d\u00e9cid\u00e9 de ne pas \u00eatre pr\u00e9sent dans cette salle d\u2019audience parce que lui n\u2019avait sans doute pas autant envie de pardonner \u00e0 monsieur Palmade\u00a0\u00bb, d\u00e9clare l&rsquo;avocat, \u00ab\u00a0il ne pardonne pas que cet homme, par ses choix inconsid\u00e9r\u00e9s, a fait exploser sa famille (&#8230;) mais il a eu la d\u00e9cence de ne pas \u00eatre pr\u00e9sent.\u00a0\u00bb<\/p>\n\n\n\n<h2 class=\"wp-block-heading\">\u00ab\u00a0Il a peur des autres\u00a0\u00bb: l&rsquo;avocat des parties civiles donne des nouvelles de l&rsquo;enfant bless\u00e9 dans l&rsquo;accident<\/h2>\n\n\n\n<p class=\"\">Me Mourad Battikh prend ensuite la parole pour \u00e9voquer Devrim, l&rsquo;enfant de Yuksel Yakut, bless\u00e9 dans l&rsquo;accident.<\/p>\n\n\n\n<p class=\"\">\u00ab\u00a0Si Devrim n\u2019est pas venu, c\u2019est parce que je lui ai dit de ne pas venir\u00a0\u00bb, d\u00e9clare-t-il, \u00ab\u00a0il est dans le coin de sa classe, il est dans le coin du salon. Il est dans le coin de la cour de r\u00e9cr\u00e9ation. Il a peur des autres.\u00a0\u00bb<\/p>\n\n\n\n<p class=\"\">\u00ab\u00a0Il a la machoire qui est d\u00e9cal\u00e9e (&#8230;) il voit les regard des autres se poser l\u00e0-dessus. Il sait que quand il parle, il parle mal. Il sait que sa cicatrice sur le menton est visible, il sait que la cicatrice sur le c\u00f4t\u00e9 du cr\u00e2ne est visible. Et vous avez de l\u2019empathie. J\u2019ai de l\u2019empathie. Mais les gamins sont cruels\u00a0\u00bb, poursuit l&rsquo;avocat.<\/p>\n\n\n\n<h2 class=\"wp-block-heading\">Un drame qui aurait pu \u00eatre \u00e9vit\u00e9\u00a0\u00bb: l&rsquo;avocat des parties civiles charge Pierre Palmade \u00ab\u00a0qui a sciemment pris la d\u00e9cision de consommer de la drogue\u00a0\u00bb<\/h2>\n\n\n\n<p class=\"\">\u00ab\u00a0Sur le fond, nous avons un dossier dont le contexte est \u00e9minemment sp\u00e9cial\u00a0\u00bb, d\u00e9clare Me Mourad Battikh, avocat des parties civiles, \u00ab\u00a0nous avons un individu qui a d\u00e9lib\u00e9r\u00e9ment, qui a sciemment pris la d\u00e9cision de consommer de la drogue durant trois jours. Et d\u00e9cision a \u00e9t\u00e9 prise de prendre la route.\u00a0\u00bb<\/p>\n\n\n\n<p class=\"\">\u00ab\u00a0C\u2019est un drame qui aurait pu \u00eatre \u00e9vit\u00e9, qui aurait pu \u00eatre amoindri, si les passagers n\u2019avaient pas l\u00e2chement quitt\u00e9 la sc\u00e8ne, quitt\u00e9 les lieux\u00a0\u00bb, poursuit l&rsquo;avocat qui d\u00e9clare avoir du expliquer \u00e0 ses clients \u00ab\u00a0que monsieur Palmade n\u2019\u00e9tait pas le diable et qu\u2019il pouvait \u00eatre \u00e9cout\u00e9 et cru.\u201d<\/p>\n\n\n\n<p class=\"\">\u00ab\u00a0Avec beaucoup de dignit\u00e9, jamais une insulte, jamais une invective. Ils n\u2019ont jamais mis \u00e0 l\u2019index les choix de vie de Pierre Palmade. Ils ont compris que c\u2019est un homme avec ses hauts et ses bas\u00a0\u00bb, a enfin ajout\u00e9 Mourad Battikh.<\/p>\n","protected":false},"excerpt":{"rendered":"<p>Le proc\u00e8s de Pierre Palmade s&rsquo;est ouvert ce mardi 20 novembre. L&rsquo;humoriste a refus\u00e9 d&rsquo;\u00eatre jug\u00e9 pour \u00ab\u00a0homicide involontaire\u00a0\u00bb apr\u00e8s le grave accident de la route survenu en Seine-et-Marne en f\u00e9vrier 2023. Il a demand\u00e9 pardon aux victimes de l&rsquo;accident qu&rsquo;il a caus\u00e9. Cinq ans de prison dont deux ferme requis contre Pierre Palmade 5 [&hellip;]<\/p>\n","protected":false},"author":2,"featured_media":31296,"comment_status":"open","ping_status":"open","sticky":false,"template":"","format":"standard","meta":{"_jetpack_memberships_contains_paid_content":false,"footnotes":"","jetpack_publicize_message":"","jetpack_publicize_feature_enabled":true,"jetpack_social_post_already_shared":true,"jetpack_social_options":{"image_generator_settings":{"template":"highway","enabled":true,"token":"eyJpbWciOiJodHRwczpcL1wvd3d3LmljZWFnZXR2LmNvbVwvcmFkaW9zaXRlXC93cC1jb250ZW50XC91cGxvYWRzXC8yMDI0XC8xMVwvR2MyQ0NieVhjQUFtWnUxLmpwZyIsInR4dCI6IlByb2NcdTAwZThzIGRlIFBpZXJyZSBQYWxtYWRlOiBjaW5xIGFucyBkZSBwcmlzb24gZG9udCBkZXV4IGZlcm1lIHJlcXVpcyBjb250cmUgbGUgY29tXHUwMGU5ZGllbiIsInRlbXBsYXRlIjoiaGlnaHdheSIsImJsb2dfaWQiOjExMTAxNjQ2MX0.SC-qGPJjY1saqFbJ_yB_nEb7oYb6Tqwg1cCz22VNQyEMQ"},"version":2},"_wpas_customize_per_network":false},"categories":[405],"tags":[],"class_list":["post-31294","post","type-post","status-publish","format-standard","has-post-thumbnail","hentry","category-actu-france-monde"],"jetpack_publicize_connections":[],"jetpack_featured_media_url":"https:\/\/i0.wp.com\/www.iceagetv.com\/radiosite\/wp-content\/uploads\/2024\/11\/Gc2CCbyXcAAmZu1.jpg?fit=680%2C453&ssl=1","jetpack_sharing_enabled":true,"_links":{"self":[{"href":"https:\/\/www.iceagetv.com\/radiosite\/wp-json\/wp\/v2\/posts\/31294","targetHints":{"allow":["GET"]}}],"collection":[{"href":"https:\/\/www.iceagetv.com\/radiosite\/wp-json\/wp\/v2\/posts"}],"about":[{"href":"https:\/\/www.iceagetv.com\/radiosite\/wp-json\/wp\/v2\/types\/post"}],"author":[{"embeddable":true,"href":"https:\/\/www.iceagetv.com\/radiosite\/wp-json\/wp\/v2\/users\/2"}],"replies":[{"embeddable":true,"href":"https:\/\/www.iceagetv.com\/radiosite\/wp-json\/wp\/v2\/comments?post=31294"}],"version-history":[{"count":1,"href":"https:\/\/www.iceagetv.com\/radiosite\/wp-json\/wp\/v2\/posts\/31294\/revisions"}],"predecessor-version":[{"id":31297,"href":"https:\/\/www.iceagetv.com\/radiosite\/wp-json\/wp\/v2\/posts\/31294\/revisions\/31297"}],"wp:featuredmedia":[{"embeddable":true,"href":"https:\/\/www.iceagetv.com\/radiosite\/wp-json\/wp\/v2\/media\/31296"}],"wp:attachment":[{"href":"https:\/\/www.iceagetv.com\/radiosite\/wp-json\/wp\/v2\/media?parent=31294"}],"wp:term":[{"taxonomy":"category","embeddable":true,"href":"https:\/\/www.iceagetv.com\/radiosite\/wp-json\/wp\/v2\/categories?post=31294"},{"taxonomy":"post_tag","embeddable":true,"href":"https:\/\/www.iceagetv.com\/radiosite\/wp-json\/wp\/v2\/tags?post=31294"}],"curies":[{"name":"wp","href":"https:\/\/api.w.org\/{rel}","templated":true}]}}