{"id":31314,"date":"2024-11-21T14:59:39","date_gmt":"2024-11-21T13:59:39","guid":{"rendered":"https:\/\/www.iceagetv.com\/radiosite\/?p=31314"},"modified":"2024-11-21T14:59:43","modified_gmt":"2024-11-21T13:59:43","slug":"neige-accidents-cours-suspendus-la-tempete-caetano-provoque-des-perturbations","status":"publish","type":"post","link":"https:\/\/www.iceagetv.com\/radiosite\/neige-accidents-cours-suspendus-la-tempete-caetano-provoque-des-perturbations\/","title":{"rendered":"Neige: accidents, cours suspendus&#8230; La temp\u00eate Caetano provoque des perturbations"},"content":{"rendered":"\n<h2 class=\"wp-block-heading\">Il continuera \u00e0 neiger jusqu&rsquo;\u00e0 ce soir<\/h2>\n\n\n\n<p class=\"\">La neige devrait continuer \u00e0 tomber ce soir. Progressivement d&rsquo;Ouest en Est, les d\u00e9partements verront les chutes de neige s&rsquo;estomper.<\/p>\n\n\n\n<p class=\"\">En Normandie et en Bretagne d&rsquo;abord, les flocons se feront de plus en plus rares \u00e0 partir de 18 heures. En \u00cele-de-France, il faudra attendre 19 heures voire 20 heures pour un peu de r\u00e9pis.<\/p>\n\n\n\n<h2 class=\"wp-block-heading\">Les transports scolaires suspendus demain dans les Yvelines<\/h2>\n\n\n\n<p class=\"\">La Pr\u00e9fecture des Yvelines annonce que les transports scolaires seront suspendus demain, vendredi 22 novembre, en raison des intemp\u00e9ries.<\/p>\n\n\n\n<p class=\"\">Depuis 11 heures, le d\u00e9partement est plac\u00e9 en vigilance orange pour neige et verglas. \u00ab\u00a0Les \u00e9l\u00e8ves qui sont habituellement autoris\u00e9s \u00e0 sortir seuls pourront quitter leur \u00e9tablissement de mani\u00e8re anticip\u00e9e (aujourd&rsquo;hui) \u00e0 partir de 15 heures\u00a0\u00bb, indique la Pr\u00e9fecture.<\/p>\n\n\n\n<p class=\"\">En ce qui concerne les autres \u00e9l\u00e8ves, \u00ab\u00a0les parents sont invit\u00e9s \u00e0 venir les r\u00e9cup\u00e9rer \u00e0 partir de 15 heures \u00e9galement\u00a0\u00bb. Autrement, les services acad\u00e9miques assureront la prise en charge des \u00e9l\u00e8ves jusqu&rsquo;\u00e0 l&rsquo;arriv\u00e9e de leurs parents ou des transports scolaires.<\/p>\n\n\n\n<h2 class=\"wp-block-heading\">Le Ch\u00e2teau de Versailles m\u00e9connaissable<\/h2>\n\n\n\n<p class=\"\">Des vid\u00e9os publi\u00e9es par le site du Ch\u00e2teau de Versailles, montre les jardins et les all\u00e9s recouverts d&rsquo;un gigantesque manteau blanc. Un \u00e9pais brouillard laisse \u00e0 peine percevoir les flocons de neige qui tombent encore sur la b\u00e2tisse.<\/p>\n\n\n\n<h2 class=\"wp-block-heading\">Les C\u00f4tes d&rsquo;Armor et l&rsquo;Ille-et-Vilaine sortent de la vigilance orange neige<\/h2>\n\n\n\n<p class=\"\">Dans son bulletin de 13 heures M\u00e9t\u00e9o-France, annonce sortir deux d\u00e9partements de vigilance orange neige-verglas: les C\u00f4tes-d&rsquo;Armor et l&rsquo;Ille-et-Vilaine, qui devait sortir \u00e0 16 heures initialement.<\/p>\n\n\n\n<h2 class=\"wp-block-heading\">Tous les cours suspendus depuis 12 heures dans le Puy-de-D\u00f4me<\/h2>\n\n\n\n<p class=\"\">La pr\u00e9fecture du Puy-de-D\u00f4me indique que tous les cours sont suspendus dans tous les \u00e9tablissements scolaires du d\u00e9partement depuis 12 heures.<\/p>\n","protected":false},"excerpt":{"rendered":"<p>Il continuera \u00e0 neiger jusqu&rsquo;\u00e0 ce soir La neige devrait continuer \u00e0 tomber ce soir. Progressivement d&rsquo;Ouest en Est, les d\u00e9partements verront les chutes de neige s&rsquo;estomper. En Normandie et en Bretagne d&rsquo;abord, les flocons se feront de plus en plus rares \u00e0 partir de 18 heures. En \u00cele-de-France, il faudra attendre 19 heures voire [&hellip;]<\/p>\n","protected":false},"author":2,"featured_media":31315,"comment_status":"open","ping_status":"open","sticky":false,"template":"","format":"standard","meta":{"_jetpack_memberships_contains_paid_content":false,"footnotes":"","jetpack_publicize_message":"","jetpack_publicize_feature_enabled":true,"jetpack_social_post_already_shared":true,"jetpack_social_options":{"image_generator_settings":{"template":"highway","enabled":true,"token":"eyJpbWciOiJodHRwczpcL1wvd3d3LmljZWFnZXR2LmNvbVwvcmFkaW9zaXRlXC93cC1jb250ZW50XC91cGxvYWRzXC8yMDI0XC8xMVwvTGEtdGVtcGV0ZS1DYWV0YW5vLmpwZyIsInR4dCI6Ik5laWdlOiBhY2NpZGVudHMsIGNvdXJzIHN1c3BlbmR1cyYjODIzMDsgTGEgdGVtcFx1MDBlYXRlIENhZXRhbm8gcHJvdm9xdWUgZGVzIHBlcnR1cmJhdGlvbnMiLCJ0ZW1wbGF0ZSI6ImhpZ2h3YXkiLCJibG9nX2lkIjoxMTEwMTY0NjF9.ky9BPtj57zkur2JXsqt8JQpKfDHj5OCDi-L8U8b-E5YMQ"},"version":2},"_wpas_customize_per_network":false},"categories":[14],"tags":[],"class_list":["post-31314","post","type-post","status-publish","format-standard","has-post-thumbnail","hentry","category-actu-meteo"],"jetpack_publicize_connections":[],"jetpack_featured_media_url":"https:\/\/i0.wp.com\/www.iceagetv.com\/radiosite\/wp-content\/uploads\/2024\/11\/La-tempete-Caetano.jpg?fit=504%2C238&ssl=1","jetpack_sharing_enabled":true,"_links":{"self":[{"href":"https:\/\/www.iceagetv.com\/radiosite\/wp-json\/wp\/v2\/posts\/31314","targetHints":{"allow":["GET"]}}],"collection":[{"href":"https:\/\/www.iceagetv.com\/radiosite\/wp-json\/wp\/v2\/posts"}],"about":[{"href":"https:\/\/www.iceagetv.com\/radiosite\/wp-json\/wp\/v2\/types\/post"}],"author":[{"embeddable":true,"href":"https:\/\/www.iceagetv.com\/radiosite\/wp-json\/wp\/v2\/users\/2"}],"replies":[{"embeddable":true,"href":"https:\/\/www.iceagetv.com\/radiosite\/wp-json\/wp\/v2\/comments?post=31314"}],"version-history":[{"count":1,"href":"https:\/\/www.iceagetv.com\/radiosite\/wp-json\/wp\/v2\/posts\/31314\/revisions"}],"predecessor-version":[{"id":31316,"href":"https:\/\/www.iceagetv.com\/radiosite\/wp-json\/wp\/v2\/posts\/31314\/revisions\/31316"}],"wp:featuredmedia":[{"embeddable":true,"href":"https:\/\/www.iceagetv.com\/radiosite\/wp-json\/wp\/v2\/media\/31315"}],"wp:attachment":[{"href":"https:\/\/www.iceagetv.com\/radiosite\/wp-json\/wp\/v2\/media?parent=31314"}],"wp:term":[{"taxonomy":"category","embeddable":true,"href":"https:\/\/www.iceagetv.com\/radiosite\/wp-json\/wp\/v2\/categories?post=31314"},{"taxonomy":"post_tag","embeddable":true,"href":"https:\/\/www.iceagetv.com\/radiosite\/wp-json\/wp\/v2\/tags?post=31314"}],"curies":[{"name":"wp","href":"https:\/\/api.w.org\/{rel}","templated":true}]}}