{"id":31339,"date":"2024-11-22T16:30:05","date_gmt":"2024-11-22T15:30:05","guid":{"rendered":"https:\/\/www.iceagetv.com\/radiosite\/?p=31339"},"modified":"2024-11-22T16:30:09","modified_gmt":"2024-11-22T15:30:09","slug":"colere-de-canal-pour-le-conseil-detat-cest-trop-tot-pour-se-prononcer-sur-lavenir-de-c8-mais-pour-nos-salaries-cest-trop-tard-cest-invraisemblable-et-incomprehensible-400-famille","status":"publish","type":"post","link":"https:\/\/www.iceagetv.com\/radiosite\/colere-de-canal-pour-le-conseil-detat-cest-trop-tot-pour-se-prononcer-sur-lavenir-de-c8-mais-pour-nos-salaries-cest-trop-tard-cest-invraisemblable-et-incomprehensible-400-famille\/","title":{"rendered":"Col\u00e8re de Canal+ : \u00ab\u00a0Pour le Conseil d&rsquo;\u00c9tat, c&rsquo;est trop t\u00f4t pour se prononcer sur l&rsquo;avenir de C8, mais, pour nos salari\u00e9s, c&rsquo;est trop tard. C&rsquo;est invraisemblable et incompr\u00e9hensible ! 400 familles qui d\u00e9pendent de \u00e7a\u00a0\u00bb"},"content":{"rendered":"\n<p class=\"\">\u00ab\u00a0Pour le Conseil d&rsquo;\u00c9tat, c&rsquo;est trop t\u00f4t mais, pour nos salari\u00e9s, c&rsquo;est trop tard\u00a0\u00bb, a r\u00e9agi aupr\u00e8s de l&rsquo;AFP un dirigeant du groupe Canal+ France, G\u00e9rald-Brice Viret, apr\u00e8s que l&rsquo;instance a jug\u00e9 \u00ab\u00a0pr\u00e9matur\u00e9\u00a0\u00bb le recours de la cha\u00eene C8 contre la perte de sa fr\u00e9quence t\u00e9l\u00e9. La plus haute juridiction administrative a estim\u00e9 vendredi que ce recours \u00e9tait \u00ab\u00a0irrecevable\u00a0\u00bb car il a \u00e9t\u00e9 d\u00e9pos\u00e9 avant la finalisation de la proc\u00e9dure par l&rsquo;Arcom, le r\u00e9gulateur de l&rsquo;audiovisuel.&nbsp;<\/p>\n\n\n\n<p class=\"\">\u00ab\u00a0Cette d\u00e9cision nous para\u00eet invraisemblable et incompr\u00e9hensible\u00a0\u00bb, a d\u00e9clar\u00e9 M. Viret, directeur g\u00e9n\u00e9ral de Canal+ France charg\u00e9 des programmes et des antennes, \u00e0 l&rsquo;AFP.<\/p>\n\n\n\n<p class=\"\">Selon le Conseil d&rsquo;Etat, un nouveau recours pourra \u00eatre d\u00e9pos\u00e9 quand le r\u00e9gulateur aura annonc\u00e9 la liste d\u00e9finitive des cha\u00eenes retenues, en d\u00e9cembre.<\/p>\n\n\n\n<p class=\"\">Propri\u00e9t\u00e9 du groupe Canal+, C8 a \u00e9t\u00e9 \u00e9cart\u00e9e en juillet de la pr\u00e9s\u00e9lection pour le renouvellement de sa fr\u00e9quence, qui s&rsquo;ach\u00e8ve fin f\u00e9vrier.<\/p>\n\n\n\n<p class=\"\">\u00ab\u00a0Pour le Conseil d&rsquo;Etat, c&rsquo;est trop t\u00f4t mais, pour nos salari\u00e9s, c&rsquo;est trop tard\u00a0\u00bb, a comment\u00e9 M. Viret, en jugeant que l&rsquo;absence de C8 de la pr\u00e9s\u00e9lection \u00e9tait \u00ab\u00a0extr\u00eamement pr\u00e9judiciable d\u00e8s maintenant\u00a0\u00bb. \u00ab\u00a0Il y a 400 collaborateurs qui attendent avec beaucoup d&rsquo;angoisse ce qui va se passer \u00e0 partir du 28 f\u00e9vrier\u00a0\u00bb, a ajout\u00e9 le dirigeant.<\/p>\n\n\n\n<p class=\"\">\u00ab\u00a0Le 28 f\u00e9vrier, c&rsquo;est demain. On envoie les grilles de fin d&rsquo;ann\u00e9e, et les collaborateurs me demandent: +Qu&rsquo;est-ce qu&rsquo;on fait \u00e0 partir du 1er mars?+. J&rsquo;ai 400 familles qui d\u00e9pendent de \u00e7a\u00a0\u00bb et ont \u00ab\u00a0une \u00e9p\u00e9e de Damocl\u00e8s au-dessus de la t\u00eate\u00a0\u00bb, a argument\u00e9 M. Viret.<\/p>\n\n\n\n<p class=\"\">Selon lui, le pr\u00e9sident Maxime Saada et les autres dirigeants du groupe Canal+ vont se r\u00e9unir \u00ab\u00a0d\u00e8s lundi\u00a0\u00bb pour discuter d&rsquo;un \u00e9ventuel futur recours.<\/p>\n\n\n\n<p class=\"\">\u00ab\u00a0Il y a un v\u00e9ritable engouement autour de C8\u00a0\u00bb, a assur\u00e9 M. Viret en citant la p\u00e9tition lanc\u00e9e par la cha\u00eene pour demander le maintien de sa fr\u00e9quence. Elle cumulait 830.000 signatures vendredi apr\u00e8s-midi.<\/p>\n","protected":false},"excerpt":{"rendered":"<p>\u00ab\u00a0Pour le Conseil d&rsquo;\u00c9tat, c&rsquo;est trop t\u00f4t mais, pour nos salari\u00e9s, c&rsquo;est trop tard\u00a0\u00bb, a r\u00e9agi aupr\u00e8s de l&rsquo;AFP un dirigeant du groupe Canal+ France, G\u00e9rald-Brice Viret, apr\u00e8s que l&rsquo;instance a jug\u00e9 \u00ab\u00a0pr\u00e9matur\u00e9\u00a0\u00bb le recours de la cha\u00eene C8 contre la perte de sa fr\u00e9quence t\u00e9l\u00e9. La plus haute juridiction administrative a estim\u00e9 vendredi que [&hellip;]<\/p>\n","protected":false},"author":2,"featured_media":31340,"comment_status":"open","ping_status":"open","sticky":false,"template":"","format":"standard","meta":{"_jetpack_memberships_contains_paid_content":false,"footnotes":"","jetpack_publicize_message":"","jetpack_publicize_feature_enabled":true,"jetpack_social_post_already_shared":true,"jetpack_social_options":{"image_generator_settings":{"template":"highway","enabled":true,"token":"eyJpbWciOiJodHRwczpcL1wvd3d3LmljZWFnZXR2LmNvbVwvcmFkaW9zaXRlXC93cC1jb250ZW50XC91cGxvYWRzXC8yMDI0XC8xMVwvalA3Z2pYNVAuanBnIiwidHh0IjoiQ29sXHUwMGU4cmUgZGUgQ2FuYWwrIDogJiM4MjIwO1BvdXIgbGUgQ29uc2VpbCBkJiM4MjE3O1x1MDBjOXRhdCwgYyYjODIxNztlc3QgdHJvcCB0XHUwMGY0dCBwb3VyIHNlIHByb25vbmNlciBzdXIgbCYjODIxNzthdmVuaXIgZGUgQzgsIG1haXMsIHBvdXIgbm9zIHNhbGFyaVx1MDBlOXMsIGMmIzgyMTc7ZXN0IHRyb3AgdGFyZC4gQyYjODIxNztlc3QgaW52cmFpc2VtYmxhYmxlIGV0IGluY29tcHJcdTAwZTloZW5zaWJsZSAhIDQwMCBmYW1pbGxlcyBxdWkgZFx1MDBlOXBlbmRlbnQgZGUgXHUwMGU3YSYjODIyMTsiLCJ0ZW1wbGF0ZSI6ImhpZ2h3YXkiLCJibG9nX2lkIjoxMTEwMTY0NjF9.Zuay2-I_XTAeT29dbkGhDarVHFy0zFK1j4Khp38MJuEMQ"},"version":2},"_wpas_customize_per_network":false},"categories":[68],"tags":[],"class_list":["post-31339","post","type-post","status-publish","format-standard","has-post-thumbnail","hentry","category-actu-culturelle"],"jetpack_publicize_connections":[],"jetpack_featured_media_url":"https:\/\/i0.wp.com\/www.iceagetv.com\/radiosite\/wp-content\/uploads\/2024\/11\/jP7gjX5P.jpg?fit=679%2C293&ssl=1","jetpack_sharing_enabled":true,"_links":{"self":[{"href":"https:\/\/www.iceagetv.com\/radiosite\/wp-json\/wp\/v2\/posts\/31339","targetHints":{"allow":["GET"]}}],"collection":[{"href":"https:\/\/www.iceagetv.com\/radiosite\/wp-json\/wp\/v2\/posts"}],"about":[{"href":"https:\/\/www.iceagetv.com\/radiosite\/wp-json\/wp\/v2\/types\/post"}],"author":[{"embeddable":true,"href":"https:\/\/www.iceagetv.com\/radiosite\/wp-json\/wp\/v2\/users\/2"}],"replies":[{"embeddable":true,"href":"https:\/\/www.iceagetv.com\/radiosite\/wp-json\/wp\/v2\/comments?post=31339"}],"version-history":[{"count":1,"href":"https:\/\/www.iceagetv.com\/radiosite\/wp-json\/wp\/v2\/posts\/31339\/revisions"}],"predecessor-version":[{"id":31341,"href":"https:\/\/www.iceagetv.com\/radiosite\/wp-json\/wp\/v2\/posts\/31339\/revisions\/31341"}],"wp:featuredmedia":[{"embeddable":true,"href":"https:\/\/www.iceagetv.com\/radiosite\/wp-json\/wp\/v2\/media\/31340"}],"wp:attachment":[{"href":"https:\/\/www.iceagetv.com\/radiosite\/wp-json\/wp\/v2\/media?parent=31339"}],"wp:term":[{"taxonomy":"category","embeddable":true,"href":"https:\/\/www.iceagetv.com\/radiosite\/wp-json\/wp\/v2\/categories?post=31339"},{"taxonomy":"post_tag","embeddable":true,"href":"https:\/\/www.iceagetv.com\/radiosite\/wp-json\/wp\/v2\/tags?post=31339"}],"curies":[{"name":"wp","href":"https:\/\/api.w.org\/{rel}","templated":true}]}}