{"id":31359,"date":"2024-11-23T12:34:31","date_gmt":"2024-11-23T11:34:31","guid":{"rendered":"https:\/\/www.iceagetv.com\/radiosite\/?p=31359"},"modified":"2024-11-23T12:34:34","modified_gmt":"2024-11-23T11:34:34","slug":"le-vatican-confirme-officiellement-la-venue-du-pape-francois-en-corse-le-dimanche-15-decembre-voici-le-programme-qui-a-etabli-pour-cette-visite-exceptionnelle-qui-debutera-a-8h40-a-ajaccio","status":"publish","type":"post","link":"https:\/\/www.iceagetv.com\/radiosite\/le-vatican-confirme-officiellement-la-venue-du-pape-francois-en-corse-le-dimanche-15-decembre-voici-le-programme-qui-a-etabli-pour-cette-visite-exceptionnelle-qui-debutera-a-8h40-a-ajaccio\/","title":{"rendered":"Le Vatican confirme officiellement la venue du pape Fran\u00e7ois en Corse, le dimanche 15 d\u00e9cembre : Voici le programme qui a \u00e9tabli pour cette visite exceptionnelle qui d\u00e9butera \u00e0 8h40 \u00e0 Ajaccio"},"content":{"rendered":"\n<p class=\"\">Le Vatican vient de confirmer officiellement la venue du pape Fran\u00e7ois en Corse, le 15 d\u00e9cembre. Cette visite avait d\u00e9j\u00e0 \u00e9t\u00e9&nbsp;annonc\u00e9e par l&rsquo;\u00e9v\u00eaque d&rsquo;Ajaccio en fin de semaine derni\u00e8re.&nbsp;Le dimanche 15 d\u00e9cembre, un peu plus d\u2019un an apr\u00e8s Marseille, le Pape Fran\u00e7ois foulera une nouvelle fois le sol fran\u00e7ais, pour la troisi\u00e8me fois depuis le d\u00e9but de son pontificat.<\/p>\n\n\n\n<p class=\"\">Le Pape se rendra en Corse, \u00e0 Ajaccio, invit\u00e9 par le Cardinal Bustillo pour la messe de cl\u00f4ture d\u2019un colloque sur les traditions populaires en M\u00e9diterran\u00e9e auquel prendront par plusieurs responsables religieux du pourtour m\u00e9diterran\u00e9en.<\/p>\n\n\n\n<p class=\"\">Ce colloque int\u00e9resse l\u2019\u00e9v\u00eaque de Rome pour les deux th\u00e9matiques qu\u2019il rassemble : la pi\u00e9t\u00e9 et les traditions populaires d\u2019une part, comme source d\u2019\u00e9vang\u00e9lisation ; et la Mare Nostrum d\u2019autre part, \u00e0 la fois un espace sous tension, et pour Fran\u00e7ois une r\u00e9gion qui concentre de nombreux enjeux th\u00e9ologiques et g\u00e9opolitiques de ce troisi\u00e8me mill\u00e9naire, de la rencontre des cultures \u00e0 la crise migratoire.<\/p>\n\n\n\n<p class=\"\">Le Saint P\u00e8re, en foulant le sol de l\u2019ile de beaut\u00e9, effectuera son 47e voyage apostolique et le 18e sur les rives de la m\u00e9diterran\u00e9e. Pour le Cardinal Fran\u00e7ois Xavier Bustillo, \u00e9v\u00eaque d\u2019Ajaccio, ce premier voyage d\u2019un Pape en corse est \u00abun cadeau\u00bb pour L\u2019 \u00c9glise locale et ses traditions religieuses.&nbsp;<\/p>\n","protected":false},"excerpt":{"rendered":"<p>Le Vatican vient de confirmer officiellement la venue du pape Fran\u00e7ois en Corse, le 15 d\u00e9cembre. Cette visite avait d\u00e9j\u00e0 \u00e9t\u00e9&nbsp;annonc\u00e9e par l&rsquo;\u00e9v\u00eaque d&rsquo;Ajaccio en fin de semaine derni\u00e8re.&nbsp;Le dimanche 15 d\u00e9cembre, un peu plus d\u2019un an apr\u00e8s Marseille, le Pape Fran\u00e7ois foulera une nouvelle fois le sol fran\u00e7ais, pour la troisi\u00e8me fois depuis le [&hellip;]<\/p>\n","protected":false},"author":2,"featured_media":31360,"comment_status":"open","ping_status":"open","sticky":false,"template":"","format":"standard","meta":{"_jetpack_memberships_contains_paid_content":false,"footnotes":"","jetpack_publicize_message":"","jetpack_publicize_feature_enabled":true,"jetpack_social_post_already_shared":true,"jetpack_social_options":{"image_generator_settings":{"template":"highway","enabled":true,"token":"eyJpbWciOiJodHRwczpcL1wvd3d3LmljZWFnZXR2LmNvbVwvcmFkaW9zaXRlXC93cC1jb250ZW50XC91cGxvYWRzXC8yMDI0XC8xMVwvTGUtVmF0aWNhbi1jb25maXJtZS1vZmZpY2llbGxlbWVudC1sYS12ZW51ZS1kdS1wYXBlLUZyYW5jb2lzLWVuLUNvcnNlLWxlLWRpbWFuY2hlLTE1LWRlY2VtYnJlLmpwZyIsInR4dCI6IkxlIFZhdGljYW4gY29uZmlybWUgb2ZmaWNpZWxsZW1lbnQgbGEgdmVudWUgZHUgcGFwZSBGcmFuXHUwMGU3b2lzIGVuIENvcnNlLCBsZSBkaW1hbmNoZSAxNSBkXHUwMGU5Y2VtYnJlIDogVm9pY2kgbGUgcHJvZ3JhbW1lIHF1aSBhIFx1MDBlOXRhYmxpIHBvdXIgY2V0dGUgdmlzaXRlIGV4Y2VwdGlvbm5lbGxlIHF1aSBkXHUwMGU5YnV0ZXJhIFx1MDBlMCA4aDQwIFx1MDBlMCBBamFjY2lvIiwidGVtcGxhdGUiOiJoaWdod2F5IiwiYmxvZ19pZCI6MTExMDE2NDYxfQ.yzy-i9xNLhDkSlYVovNpTmkw1HG_s_-OMUbL8XezsuQMQ"},"version":2},"_wpas_customize_per_network":false},"categories":[405],"tags":[],"class_list":["post-31359","post","type-post","status-publish","format-standard","has-post-thumbnail","hentry","category-actu-france-monde"],"jetpack_publicize_connections":[],"jetpack_featured_media_url":"https:\/\/i0.wp.com\/www.iceagetv.com\/radiosite\/wp-content\/uploads\/2024\/11\/Le-Vatican-confirme-officiellement-la-venue-du-pape-Francois-en-Corse-le-dimanche-15-decembre.jpg?fit=679%2C293&ssl=1","jetpack_sharing_enabled":true,"_links":{"self":[{"href":"https:\/\/www.iceagetv.com\/radiosite\/wp-json\/wp\/v2\/posts\/31359","targetHints":{"allow":["GET"]}}],"collection":[{"href":"https:\/\/www.iceagetv.com\/radiosite\/wp-json\/wp\/v2\/posts"}],"about":[{"href":"https:\/\/www.iceagetv.com\/radiosite\/wp-json\/wp\/v2\/types\/post"}],"author":[{"embeddable":true,"href":"https:\/\/www.iceagetv.com\/radiosite\/wp-json\/wp\/v2\/users\/2"}],"replies":[{"embeddable":true,"href":"https:\/\/www.iceagetv.com\/radiosite\/wp-json\/wp\/v2\/comments?post=31359"}],"version-history":[{"count":1,"href":"https:\/\/www.iceagetv.com\/radiosite\/wp-json\/wp\/v2\/posts\/31359\/revisions"}],"predecessor-version":[{"id":31361,"href":"https:\/\/www.iceagetv.com\/radiosite\/wp-json\/wp\/v2\/posts\/31359\/revisions\/31361"}],"wp:featuredmedia":[{"embeddable":true,"href":"https:\/\/www.iceagetv.com\/radiosite\/wp-json\/wp\/v2\/media\/31360"}],"wp:attachment":[{"href":"https:\/\/www.iceagetv.com\/radiosite\/wp-json\/wp\/v2\/media?parent=31359"}],"wp:term":[{"taxonomy":"category","embeddable":true,"href":"https:\/\/www.iceagetv.com\/radiosite\/wp-json\/wp\/v2\/categories?post=31359"},{"taxonomy":"post_tag","embeddable":true,"href":"https:\/\/www.iceagetv.com\/radiosite\/wp-json\/wp\/v2\/tags?post=31359"}],"curies":[{"name":"wp","href":"https:\/\/api.w.org\/{rel}","templated":true}]}}