{"id":31362,"date":"2024-11-24T07:03:30","date_gmt":"2024-11-24T06:03:30","guid":{"rendered":"https:\/\/www.iceagetv.com\/radiosite\/?p=31362"},"modified":"2024-11-24T07:03:32","modified_gmt":"2024-11-24T06:03:32","slug":"un-pas-important-pas-a-la-hauteur-reactions-contrastees-des-occidentaux-apres-laccord-de-la-cop29","status":"publish","type":"post","link":"https:\/\/www.iceagetv.com\/radiosite\/un-pas-important-pas-a-la-hauteur-reactions-contrastees-des-occidentaux-apres-laccord-de-la-cop29\/","title":{"rendered":"Un pas important\u00a0\u00bb, \u00ab\u00a0pas \u00e0 la hauteur\u00a0\u00bb: r\u00e9actions contrast\u00e9es des Occidentaux apr\u00e8s l&rsquo;accord de la COP29"},"content":{"rendered":"\n<p class=\"\">Au terme d&rsquo;une&nbsp;<a href=\"https:\/\/www.bfmtv.com\/economie\/entreprises\/energie\/cop29-25-pays-riches-dont-la-france-s-engagent-a-ne-plus-jamais-ouvrir-de-centrale-au-charbon_AD-202411200554.html\">COP29 chaotique organis\u00e9e en Azerba\u00efdjan<\/a>, les pays d\u00e9velopp\u00e9s se sont engag\u00e9s dimanche 24 novembre \u00e0 Bakou \u00e0&nbsp;<a href=\"https:\/\/www.bfmtv.com\/environnement\/climat\/cop29-dans-une-conference-chaotique-les-pays-pauvres-se-resignent-a-un-accord-financier-decevant_AD-202411240135.html\">financer \u00e0 hauteur de 300 milliards de dollars par an les pays pauvres<\/a>&nbsp;menac\u00e9s par le changement climatique. Le repr\u00e9sentant des 45 pays les plus pauvres de la plan\u00e8te, qui esp\u00e9raient bien davantage, a d\u00e9nonc\u00e9 un accord \u00ab\u00a0pas ambitieux\u00a0\u00bb.<\/p>\n\n\n\n<p class=\"\">Les Occidentaux dont les Europ\u00e9ens, premiers bailleurs mondiaux de finance pour le climat, n&rsquo;\u00e9taient pas pr\u00eats \u00e0 aller au-del\u00e0 de ce montant, en p\u00e9riode de resserrement budg\u00e9taire et de secousses politiques. Mais estiment avoir contribu\u00e9 \u00e0 un r\u00e9sultat historique.<\/p>\n\n\n\n<h2 class=\"wp-block-heading\" id=\"7e1ge\">D\u00e9cevant\u00a0\u00bb<\/h2>\n\n\n\n<p class=\"\">Joe Biden a salu\u00e9 l&rsquo;accord comme un \u00ab\u00a0pas important\u00a0\u00bb dans la lutte contre le r\u00e9chauffement climatique.<\/p>\n\n\n\n<blockquote class=\"wp-block-quote is-layout-flow wp-block-quote-is-layout-flow\">\n<p class=\"\">\u00ab\u00a0Bien qu&rsquo;il nous reste encore beaucoup de travail \u00e0 r\u00e9aliser pour atteindre nos objectifs climatiques, le r\u00e9sultat d&rsquo;aujourd&rsquo;hui nous permet de faire un grand pas en avant\u00a0\u00bb, a r\u00e9agi le pr\u00e9sident am\u00e9ricain dans un communiqu\u00e9.<\/p>\n<\/blockquote>\n\n\n\n<p class=\"\">Et \u00ab\u00a0si certains cherchent \u00e0 nier ou \u00e0 retarder la r\u00e9volution des \u00e9nergies propres (&#8230;) personne ne peut revenir dessus &#8211; personne\u00a0\u00bb, a soulign\u00e9 le pr\u00e9sident am\u00e9ricain, dans une r\u00e9f\u00e9rence apparente \u00e0 l&rsquo;attitude climatosceptique de son successeur, Donald Trump.<\/p>\n\n\n\n<p class=\"\">Du point de vue de la France, le texte est \u00ab\u00a0d\u00e9cevant\u00a0\u00bb et \u00ab\u00a0pas \u00e0 la hauteur des enjeux\u00a0\u00bb, a soulign\u00e9 la ministre fran\u00e7aise de la Transition \u00e9cologique\u00a0<a href=\"https:\/\/www.bfmtv.com\/environnement\/climat\/inacceptable-en-pleine-cop-29-la-france-en-colere-apres-les-propositions-de-l-azerbaidjan_AN-202411210545.html\">Agn\u00e8s Pannier-Runacher<\/a>. Elle a regrett\u00e9 \u00ab\u00a0une absence de leadership de la pr\u00e9sidence\u00a0\u00bb azerba\u00efdjanaise\u00a0\u00bb.<\/p>\n\n\n\n<h2 class=\"wp-block-heading\" id=\"7e1ge\">D\u00e9cevant\u00a0\u00bb<\/h2>\n\n\n\n<p class=\"\">Joe Biden a salu\u00e9 l&rsquo;accord comme un \u00ab\u00a0pas important\u00a0\u00bb dans la lutte contre le r\u00e9chauffement climatique.<\/p>\n\n\n\n<blockquote class=\"wp-block-quote is-layout-flow wp-block-quote-is-layout-flow\">\n<p class=\"\">\u00ab\u00a0Bien qu&rsquo;il nous reste encore beaucoup de travail \u00e0 r\u00e9aliser pour atteindre nos objectifs climatiques, le r\u00e9sultat d&rsquo;aujourd&rsquo;hui nous permet de faire un grand pas en avant\u00a0\u00bb, a r\u00e9agi le pr\u00e9sident am\u00e9ricain dans un communiqu\u00e9.<\/p>\n<\/blockquote>\n\n\n\n<p class=\"\">Et \u00ab\u00a0si certains cherchent \u00e0 nier ou \u00e0 retarder la r\u00e9volution des \u00e9nergies propres (&#8230;) personne ne peut revenir dessus &#8211; personne\u00a0\u00bb, a soulign\u00e9 le pr\u00e9sident am\u00e9ricain, dans une r\u00e9f\u00e9rence apparente \u00e0 l&rsquo;attitude climatosceptique de son successeur, Donald Trump.<\/p>\n\n\n\n<p class=\"\">Du point de vue de la France, le texte est \u00ab\u00a0d\u00e9cevant\u00a0\u00bb et \u00ab\u00a0pas \u00e0 la hauteur des enjeux\u00a0\u00bb, a soulign\u00e9 la ministre fran\u00e7aise de la Transition \u00e9cologique&nbsp;<a href=\"https:\/\/www.bfmtv.com\/environnement\/climat\/inacceptable-en-pleine-cop-29-la-france-en-colere-apres-les-propositions-de-l-azerbaidjan_AN-202411210545.html\">Agn\u00e8s Pannier-Runacher<\/a>. Elle a regrett\u00e9 \u00ab\u00a0une absence de leadership de la pr\u00e9sidence\u00a0\u00bb azerba\u00efdjanaise\u00a0\u00bb.<\/p>\n","protected":false},"excerpt":{"rendered":"<p>Au terme d&rsquo;une&nbsp;COP29 chaotique organis\u00e9e en Azerba\u00efdjan, les pays d\u00e9velopp\u00e9s se sont engag\u00e9s dimanche 24 novembre \u00e0 Bakou \u00e0&nbsp;financer \u00e0 hauteur de 300 milliards de dollars par an les pays pauvres&nbsp;menac\u00e9s par le changement climatique. Le repr\u00e9sentant des 45 pays les plus pauvres de la plan\u00e8te, qui esp\u00e9raient bien davantage, a d\u00e9nonc\u00e9 un accord \u00ab\u00a0pas [&hellip;]<\/p>\n","protected":false},"author":2,"featured_media":31363,"comment_status":"open","ping_status":"open","sticky":false,"template":"","format":"standard","meta":{"_jetpack_memberships_contains_paid_content":false,"footnotes":"","jetpack_publicize_message":"","jetpack_publicize_feature_enabled":true,"jetpack_social_post_already_shared":true,"jetpack_social_options":{"image_generator_settings":{"template":"highway","enabled":true,"token":"eyJpbWciOiJodHRwczpcL1wvd3d3LmljZWFnZXR2LmNvbVwvcmFkaW9zaXRlXC93cC1jb250ZW50XC91cGxvYWRzXC8yMDI0XC8xMVwvTGUtcHJlc2lkZW50LWFtZXJpY2Fpbi1Kb2UtQmlkZW4tcy1leHByaW1lLWxvcnMtZC11bmUtY29uZmVyZW5jZS1kZS1wcmVzc2UtY29uam9pbnRlLWF2ZWMtbGEtY2hhbmNlbGllcmUtYWxsZW1hbmRlLWF2YW50LXVuZS1yZXVuaW9uLWEtbGEtQ2hhbmNlbGxlcmllLWEtQmVybGluLWxlLTE4LW9jdG9icmUtMjAyNC0xOTU5MTg2LndlYnAiLCJ0eHQiOiJVbiBwYXMgaW1wb3J0YW50JiM4MjIxOywgJiM4MjIwO3BhcyBcdTAwZTAgbGEgaGF1dGV1ciYjODIyMTs6IHJcdTAwZTlhY3Rpb25zIGNvbnRyYXN0XHUwMGU5ZXMgZGVzIE9jY2lkZW50YXV4IGFwclx1MDBlOHMgbCYjODIxNzthY2NvcmQgZGUgbGEgQ09QMjkiLCJ0ZW1wbGF0ZSI6ImhpZ2h3YXkiLCJibG9nX2lkIjoxMTEwMTY0NjF9.1tWg7dQ6cHDEuODZsWgdS0anl2JlWUczHOrcrOEzl-QMQ"},"version":2},"_wpas_customize_per_network":false},"categories":[405],"tags":[],"class_list":["post-31362","post","type-post","status-publish","format-standard","has-post-thumbnail","hentry","category-actu-france-monde"],"jetpack_publicize_connections":[],"jetpack_featured_media_url":"https:\/\/i0.wp.com\/www.iceagetv.com\/radiosite\/wp-content\/uploads\/2024\/11\/Le-president-americain-Joe-Biden-s-exprime-lors-d-une-conference-de-presse-conjointe-avec-la-chanceliere-allemande-avant-une-reunion-a-la-Chancellerie-a-Berlin-le-18-octobre-2024-1959186.webp?fit=736%2C414&ssl=1","jetpack_sharing_enabled":true,"_links":{"self":[{"href":"https:\/\/www.iceagetv.com\/radiosite\/wp-json\/wp\/v2\/posts\/31362","targetHints":{"allow":["GET"]}}],"collection":[{"href":"https:\/\/www.iceagetv.com\/radiosite\/wp-json\/wp\/v2\/posts"}],"about":[{"href":"https:\/\/www.iceagetv.com\/radiosite\/wp-json\/wp\/v2\/types\/post"}],"author":[{"embeddable":true,"href":"https:\/\/www.iceagetv.com\/radiosite\/wp-json\/wp\/v2\/users\/2"}],"replies":[{"embeddable":true,"href":"https:\/\/www.iceagetv.com\/radiosite\/wp-json\/wp\/v2\/comments?post=31362"}],"version-history":[{"count":1,"href":"https:\/\/www.iceagetv.com\/radiosite\/wp-json\/wp\/v2\/posts\/31362\/revisions"}],"predecessor-version":[{"id":31364,"href":"https:\/\/www.iceagetv.com\/radiosite\/wp-json\/wp\/v2\/posts\/31362\/revisions\/31364"}],"wp:featuredmedia":[{"embeddable":true,"href":"https:\/\/www.iceagetv.com\/radiosite\/wp-json\/wp\/v2\/media\/31363"}],"wp:attachment":[{"href":"https:\/\/www.iceagetv.com\/radiosite\/wp-json\/wp\/v2\/media?parent=31362"}],"wp:term":[{"taxonomy":"category","embeddable":true,"href":"https:\/\/www.iceagetv.com\/radiosite\/wp-json\/wp\/v2\/categories?post=31362"},{"taxonomy":"post_tag","embeddable":true,"href":"https:\/\/www.iceagetv.com\/radiosite\/wp-json\/wp\/v2\/tags?post=31362"}],"curies":[{"name":"wp","href":"https:\/\/api.w.org\/{rel}","templated":true}]}}