{"id":31365,"date":"2024-11-24T10:45:55","date_gmt":"2024-11-24T09:45:55","guid":{"rendered":"https:\/\/www.iceagetv.com\/radiosite\/?p=31365"},"modified":"2024-11-24T10:45:58","modified_gmt":"2024-11-24T09:45:58","slug":"alerte-meteo-la-vigilance-orange-est-etendue-a-six-departements-a-partir-de-ce-soir-minuit-en-raison-des-vents-violents-qui-sont-annonces-voici-la-derniere-carte-des-previsions","status":"publish","type":"post","link":"https:\/\/www.iceagetv.com\/radiosite\/alerte-meteo-la-vigilance-orange-est-etendue-a-six-departements-a-partir-de-ce-soir-minuit-en-raison-des-vents-violents-qui-sont-annonces-voici-la-derniere-carte-des-previsions\/","title":{"rendered":"Alerte M\u00e9t\u00e9o : La vigilance orange est \u00e9tendue \u00e0 six d\u00e9partements \u00e0 partir de ce soir minuit en raison des vents violents qui sont annonc\u00e9s &#8211; Voici la derni\u00e8re carte des pr\u00e9visions"},"content":{"rendered":"\n<p class=\"\">La vigilance orange est tendue \u00e0 six d\u00e9partements \u00e0 partir de ce soir minuit en raison des vents violents qui sont annonc\u00e9s : la Sa\u00f4ne-et-Loire, l\u2019Allier, le Puy-de-D\u00f4me, la Loire, la Haute-Loire et le Rh\u00f4ne. Une \u00ab incertitude persiste sur le relief des Pyr\u00e9n\u00e9es-Atlantiques avec une reprise d\u2019un vent fort \u00bb, au cours de la nuit de dimanche \u00e0 lundi.<\/p>\n\n\n\n<p class=\"\">Ainsi, la vigilance orange pourrait \u00eatre prolong\u00e9e \u00e9galement sur ce d\u00e9partement du sud-ouest de la France.<\/p>\n\n\n\n<p class=\"\">Le vent du sud devrait se renforcer sur le Massif central, avec des rafales de 90 \u00e0 100 km\/h, voire 110 km\/h en Haute-Loire, et s\u2019\u00e9tendre jusque sur la Sa\u00f4ne-et-Loire avec l\u00e0 aussi des rafales entre 90 et 110 km\/h, pr\u00e9vient M\u00e9t\u00e9o France.<\/p>\n\n\n\n<p class=\"\">M\u00e9t\u00e9o France a d\u00e9j\u00e0 plac\u00e9 le d\u00e9partement des Pyr\u00e9n\u00e9es-Atlantiques en vigilance orange pour un risque de vents violents ce dimanche. Des rafales, en lien avec la d\u00e9pression Bert, vont se renforcer sur le Pays basque d\u00e8s dimanche matin, indique l\u2019organisme m\u00e9t\u00e9orologique dans son dernier bulletin. Il s\u2019agit d\u2019un \u00e9pisode venteux \u00ab non exceptionnel \u00bb mais suffisamment fort pour redoubler de vigilance.<\/p>\n\n\n\n<p class=\"\">De fortes rafales ont atteint 114 km\/h ce dimanche matin \u00e0 la Pointe de Socoa et 87 km\/h \u00e0 Biarritz pour le littoral.<\/p>\n\n\n\n<p class=\"\">\u00c0 l\u2019int\u00e9rieur des terres, le vent ne devrait pas exc\u00e9der les 90 \u00e0 100 km\/h<\/p>\n","protected":false},"excerpt":{"rendered":"<p>La vigilance orange est tendue \u00e0 six d\u00e9partements \u00e0 partir de ce soir minuit en raison des vents violents qui sont annonc\u00e9s : la Sa\u00f4ne-et-Loire, l\u2019Allier, le Puy-de-D\u00f4me, la Loire, la Haute-Loire et le Rh\u00f4ne. Une \u00ab incertitude persiste sur le relief des Pyr\u00e9n\u00e9es-Atlantiques avec une reprise d\u2019un vent fort \u00bb, au cours de la [&hellip;]<\/p>\n","protected":false},"author":2,"featured_media":31368,"comment_status":"open","ping_status":"open","sticky":false,"template":"","format":"standard","meta":{"_jetpack_memberships_contains_paid_content":false,"footnotes":"","jetpack_publicize_message":"","jetpack_publicize_feature_enabled":true,"jetpack_social_post_already_shared":true,"jetpack_social_options":{"image_generator_settings":{"template":"highway","enabled":true,"token":"eyJpbWciOiJodHRwczpcL1wvd3d3LmljZWFnZXR2LmNvbVwvcmFkaW9zaXRlXC93cC1jb250ZW50XC91cGxvYWRzXC8yMDI0XC8xMVwvTGEtdmlnaWxhbmNlLW9yYW5nZS1lc3QtZXRlbmR1ZS1hLXNpeC1kZXBhcnRlbWVudHMtYS1wYXJ0aXItZGUtY2Utc29pci1taW51aXQuanBnIiwidHh0IjoiQWxlcnRlIE1cdTAwZTl0XHUwMGU5byA6IExhIHZpZ2lsYW5jZSBvcmFuZ2UgZXN0IFx1MDBlOXRlbmR1ZSBcdTAwZTAgc2l4IGRcdTAwZTlwYXJ0ZW1lbnRzIFx1MDBlMCBwYXJ0aXIgZGUgY2Ugc29pciBtaW51aXQgZW4gcmFpc29uIGRlcyB2ZW50cyB2aW9sZW50cyBxdWkgc29udCBhbm5vbmNcdTAwZTlzICYjODIxMTsgVm9pY2kgbGEgZGVybmlcdTAwZThyZSBjYXJ0ZSBkZXMgcHJcdTAwZTl2aXNpb25zIiwidGVtcGxhdGUiOiJoaWdod2F5IiwiYmxvZ19pZCI6MTExMDE2NDYxfQ.P1EO7N3h72UEMsWvns5QM5eQSVFpdx6Os62c9DJ9EVoMQ"},"version":2},"_wpas_customize_per_network":false},"categories":[14],"tags":[],"class_list":["post-31365","post","type-post","status-publish","format-standard","has-post-thumbnail","hentry","category-actu-meteo"],"jetpack_publicize_connections":[],"jetpack_featured_media_url":"https:\/\/i0.wp.com\/www.iceagetv.com\/radiosite\/wp-content\/uploads\/2024\/11\/La-vigilance-orange-est-etendue-a-six-departements-a-partir-de-ce-soir-minuit.jpg?fit=228%2C293&ssl=1","jetpack_sharing_enabled":true,"_links":{"self":[{"href":"https:\/\/www.iceagetv.com\/radiosite\/wp-json\/wp\/v2\/posts\/31365","targetHints":{"allow":["GET"]}}],"collection":[{"href":"https:\/\/www.iceagetv.com\/radiosite\/wp-json\/wp\/v2\/posts"}],"about":[{"href":"https:\/\/www.iceagetv.com\/radiosite\/wp-json\/wp\/v2\/types\/post"}],"author":[{"embeddable":true,"href":"https:\/\/www.iceagetv.com\/radiosite\/wp-json\/wp\/v2\/users\/2"}],"replies":[{"embeddable":true,"href":"https:\/\/www.iceagetv.com\/radiosite\/wp-json\/wp\/v2\/comments?post=31365"}],"version-history":[{"count":1,"href":"https:\/\/www.iceagetv.com\/radiosite\/wp-json\/wp\/v2\/posts\/31365\/revisions"}],"predecessor-version":[{"id":31369,"href":"https:\/\/www.iceagetv.com\/radiosite\/wp-json\/wp\/v2\/posts\/31365\/revisions\/31369"}],"wp:featuredmedia":[{"embeddable":true,"href":"https:\/\/www.iceagetv.com\/radiosite\/wp-json\/wp\/v2\/media\/31368"}],"wp:attachment":[{"href":"https:\/\/www.iceagetv.com\/radiosite\/wp-json\/wp\/v2\/media?parent=31365"}],"wp:term":[{"taxonomy":"category","embeddable":true,"href":"https:\/\/www.iceagetv.com\/radiosite\/wp-json\/wp\/v2\/categories?post=31365"},{"taxonomy":"post_tag","embeddable":true,"href":"https:\/\/www.iceagetv.com\/radiosite\/wp-json\/wp\/v2\/tags?post=31365"}],"curies":[{"name":"wp","href":"https:\/\/api.w.org\/{rel}","templated":true}]}}