{"id":31386,"date":"2024-11-26T06:09:04","date_gmt":"2024-11-26T05:09:04","guid":{"rendered":"https:\/\/www.iceagetv.com\/radiosite\/?p=31386"},"modified":"2024-11-26T06:09:08","modified_gmt":"2024-11-26T05:09:08","slug":"municipales-2026-anne-hidalgo-ne-sera-pas-candidate-a-la-mairie-de-paris","status":"publish","type":"post","link":"https:\/\/www.iceagetv.com\/radiosite\/municipales-2026-anne-hidalgo-ne-sera-pas-candidate-a-la-mairie-de-paris\/","title":{"rendered":"Municipales 2026: Anne Hidalgo ne sera pas candidate \u00e0 la mairie de Paris"},"content":{"rendered":"\n<p class=\"\">La fin du suspense. Anne Hidalgo ne sera pas candidate \u00e0 sa succession dans la capitale lors des \u00e9lections municipales pr\u00e9vues en mars 2026, annonce la maire de la Paris ce mardi 26 novembre dans les colonnes du&nbsp;<a href=\"https:\/\/www.lemonde.fr\/politique\/article\/2024\/11\/26\/anne-hidalgo-je-ne-me-presenterai-pas-a-un-troisieme-mandat-de-maire-de-paris_6414736_823448.html\" target=\"_blank\" rel=\"noreferrer noopener\">Monde<\/a>. Deux mois apr\u00e8s le succ\u00e8s des Jeux olympiques et paralympiques de Paris, Anne Hidalgo&nbsp;<a href=\"https:\/\/www.bfmtv.com\/paris\/paris-l-entourage-d-anne-hidalgo-dement-son-depart-pour-une-fondation-environnementale-en-2026_AN-202410300379.html\">met donc fin aux rumeurs la concernant.<\/a><\/p>\n\n\n\n<p class=\"\">En poste \u00e0 l&rsquo;H\u00f4tel de ville de Paris depuis 2014,\u00a0<a href=\"https:\/\/www.bfmtv.com\/politique\/paris-anne-hidalgo-largement-reelue_AN-202006280061.html\">Anne Hidalgo a \u00e9t\u00e9 largement r\u00e9\u00e9lue en 2020 lors des derni\u00e8res \u00e9lections municipales.<\/a><\/p>\n\n\n\n<p class=\"\">Elle avait tent\u00e9 de devenir pr\u00e9sidente de la R\u00e9publique en 2022, mais avait \u00e9chou\u00e9 en recueillant 1,74% des suffrages au premier tour, terminant en dixi\u00e8me position, devant Philippe Poutou et Nathalie Arthaud. Depuis, la question de son avenir politique, et d&rsquo;un \u00e9ventuel troisi\u00e8me mandat, se posait. Fin janvier 2024, elle<a href=\"https:\/\/www.bfmtv.com\/paris\/paris-anne-hidalgo-n-exclut-rien-en-vue-des-municipales-de-2026_AD-202401250277.html\">&nbsp;affirmait m\u00eame \u00ab\u00a0ne rien exclure\u00a0\u00bb en vue des \u00e9lections municipales<\/a>.<\/p>\n\n\n\n<h2 class=\"wp-block-heading\" id=\"5lr68\">Quel(s) candidat(s) \u00e0 gauche en 2026?<\/h2>\n\n\n\n<p class=\"\">La majorit\u00e9 de gauche au Conseil de Paris est compos\u00e9e de communistes, socialistes et d&rsquo;\u00e9cologistes. Au sein du PS, Emmanuel Gr\u00e9goire, ancien premier adjoint d&rsquo;Anne Hidalgo et devenu d\u00e9put\u00e9 du Nouveau Front populaire lors des derni\u00e8res \u00e9lections l\u00e9gislatives,&nbsp;<a href=\"https:\/\/www.bfmtv.com\/paris\/municipales-a-paris-emmanuel-gregoire-ex-premier-adjoint-d-anne-hidalgo-annonce-etre-candidat_AV-202411190047.html\">a d\u00e9j\u00e0 fait acte de candidature<\/a>.<\/p>\n\n\n\n<p class=\"\"><a href=\"https:\/\/www.bfmtv.com\/paris\/elections-municipales-quel-candidat-socialiste-a-paris-si-anne-hidalgo-ne-se-represente-pas_AN-202411181043.html\">Mais plusieurs noms sont aussi envisag\u00e9s<\/a>, comme le s\u00e9nateur socialiste de Paris R\u00e9mi F\u00e9raud. Il y a quelques jours,&nbsp;<a href=\"https:\/\/www.bfmtv.com\/paris\/le-plus-beau-mandat-ian-brossat-n-exclut-pas-une-candidature-a-la-mairie-de-paris-en-2026_AN-202411180619.html\">le s\u00e9nateur Ian Brossat s&rsquo;est dit \u00e9galement dit \u00ab\u00a0disponible\u00a0\u00bb.<\/a><\/p>\n","protected":false},"excerpt":{"rendered":"<p>La fin du suspense. Anne Hidalgo ne sera pas candidate \u00e0 sa succession dans la capitale lors des \u00e9lections municipales pr\u00e9vues en mars 2026, annonce la maire de la Paris ce mardi 26 novembre dans les colonnes du&nbsp;Monde. Deux mois apr\u00e8s le succ\u00e8s des Jeux olympiques et paralympiques de Paris, Anne Hidalgo&nbsp;met donc fin aux [&hellip;]<\/p>\n","protected":false},"author":2,"featured_media":31387,"comment_status":"open","ping_status":"open","sticky":false,"template":"","format":"standard","meta":{"_jetpack_memberships_contains_paid_content":false,"footnotes":"","jetpack_publicize_message":"","jetpack_publicize_feature_enabled":true,"jetpack_social_post_already_shared":true,"jetpack_social_options":{"image_generator_settings":{"template":"highway","enabled":true,"token":"eyJpbWciOiJodHRwczpcL1wvd3d3LmljZWFnZXR2LmNvbVwvcmFkaW9zaXRlXC93cC1jb250ZW50XC91cGxvYWRzXC8yMDI0XC8xMVwvMjAyNDExMjZfMDYwODEyLTEwMjR4NTc2LmpwZyIsInR4dCI6Ik11bmljaXBhbGVzIDIwMjY6IEFubmUgSGlkYWxnbyBuZSBzZXJhIHBhcyBjYW5kaWRhdGUgXHUwMGUwIGxhIG1haXJpZSBkZSBQYXJpcyIsInRlbXBsYXRlIjoiaGlnaHdheSIsImJsb2dfaWQiOjExMTAxNjQ2MX0.Y3JFnwPrebseXFxzlL6v-36u2PVT39qcUEO_m3gcrvAMQ"},"version":2},"_wpas_customize_per_network":false},"categories":[405],"tags":[],"class_list":["post-31386","post","type-post","status-publish","format-standard","has-post-thumbnail","hentry","category-actu-france-monde"],"jetpack_publicize_connections":[],"jetpack_featured_media_url":"https:\/\/i0.wp.com\/www.iceagetv.com\/radiosite\/wp-content\/uploads\/2024\/11\/20241126_060812.jpg?fit=2048%2C1152&ssl=1","jetpack_sharing_enabled":true,"_links":{"self":[{"href":"https:\/\/www.iceagetv.com\/radiosite\/wp-json\/wp\/v2\/posts\/31386","targetHints":{"allow":["GET"]}}],"collection":[{"href":"https:\/\/www.iceagetv.com\/radiosite\/wp-json\/wp\/v2\/posts"}],"about":[{"href":"https:\/\/www.iceagetv.com\/radiosite\/wp-json\/wp\/v2\/types\/post"}],"author":[{"embeddable":true,"href":"https:\/\/www.iceagetv.com\/radiosite\/wp-json\/wp\/v2\/users\/2"}],"replies":[{"embeddable":true,"href":"https:\/\/www.iceagetv.com\/radiosite\/wp-json\/wp\/v2\/comments?post=31386"}],"version-history":[{"count":1,"href":"https:\/\/www.iceagetv.com\/radiosite\/wp-json\/wp\/v2\/posts\/31386\/revisions"}],"predecessor-version":[{"id":31388,"href":"https:\/\/www.iceagetv.com\/radiosite\/wp-json\/wp\/v2\/posts\/31386\/revisions\/31388"}],"wp:featuredmedia":[{"embeddable":true,"href":"https:\/\/www.iceagetv.com\/radiosite\/wp-json\/wp\/v2\/media\/31387"}],"wp:attachment":[{"href":"https:\/\/www.iceagetv.com\/radiosite\/wp-json\/wp\/v2\/media?parent=31386"}],"wp:term":[{"taxonomy":"category","embeddable":true,"href":"https:\/\/www.iceagetv.com\/radiosite\/wp-json\/wp\/v2\/categories?post=31386"},{"taxonomy":"post_tag","embeddable":true,"href":"https:\/\/www.iceagetv.com\/radiosite\/wp-json\/wp\/v2\/tags?post=31386"}],"curies":[{"name":"wp","href":"https:\/\/api.w.org\/{rel}","templated":true}]}}