{"id":31401,"date":"2024-11-27T13:06:44","date_gmt":"2024-11-27T12:06:44","guid":{"rendered":"https:\/\/www.iceagetv.com\/radiosite\/?p=31401"},"modified":"2024-11-27T13:06:46","modified_gmt":"2024-11-27T12:06:46","slug":"ce-que-lon-sait-sur-laccord-de-cessez-le-feu-entre-israel-et-le-hezbollah-au-liban-entre-en-vigueur-cette-nuit","status":"publish","type":"post","link":"https:\/\/www.iceagetv.com\/radiosite\/ce-que-lon-sait-sur-laccord-de-cessez-le-feu-entre-israel-et-le-hezbollah-au-liban-entre-en-vigueur-cette-nuit\/","title":{"rendered":"Ce que l\u2019on sait sur l\u2019accord de cessez-le-feu entre Isra\u00ebl et le Hezbollah au Liban, entr\u00e9 en vigueur cette nuit"},"content":{"rendered":"\n<p class=\"\">L\u2019Etat h\u00e9breu a approuv\u00e9, mardi soir, un arr\u00eat des combats dans sa guerre avec le Hezbollah, pour lequel les Etats-Unis et la France ont \u0153uvr\u00e9. L\u2019accord est entr\u00e9 en vigueur mercredi \u00e0\u00a04\u00a0heures, heure locale.Un cessez-le-feu entre Isra\u00ebl et le Hezbollah est entr\u00e9 en vigueur au sud du Liban, mercredi 27\u00a0novembre \u00e0 4\u00a0heures, heure locale (3\u00a0heures, heure de Paris), apr\u00e8s plus d\u2019un an d\u2019hostilit\u00e9s transfrontali\u00e8res et deux mois de guerre ouverte entre l\u2019arm\u00e9e isra\u00e9lienne et la formation libanaise arm\u00e9e. Le premier ministre libanais, Najib Mikati, a salu\u00e9 une\u00a0<em>\u00ab\u00a0\u00e9tape fondamentale\u00a0\u00bb<\/em>\u00a0vers la stabilit\u00e9 r\u00e9gionale.<\/p>\n\n\n\n<p class=\"\"><\/p>\n\n\n\n<h3 class=\"wp-block-heading\">R\u00f4le-cl\u00e9 des Etats-Unis et de la France<\/h3>\n\n\n\n<p class=\"\"><a href=\"https:\/\/www.lemonde.fr\/international\/article\/2024\/11\/25\/difficiles-negociations-pour-un-cessez-le-feu-au-liban-sur-fond-d-escalade-entre-israel-et-le-hezbollah_6413152_3210.html\">L\u2019accord, n\u00e9goci\u00e9 par l\u2019envoy\u00e9 sp\u00e9cial am\u00e9ricain au Liban, Amos Hochstein,<\/a> a vu le jour apr\u00e8s plusieurs semaines de tractations, dans lesquelles les Etats-Unis et la France ont jou\u00e9 un r\u00f4le important. La diplomatie internationale s\u2019est notamment appuy\u00e9e sur la r\u00e9solution&nbsp;1701 du Conseil de s\u00e9curit\u00e9 de l\u2019ONU qui a mis fin \u00e0 la pr\u00e9c\u00e9dente guerre entre Isra\u00ebl et le Hezbollah en&nbsp;2006 et qui dispose que seuls l\u2019arm\u00e9e libanaise et les casques bleus peuvent \u00eatre d\u00e9ploy\u00e9s \u00e0 la fronti\u00e8re sud du Liban.<\/p>\n\n\n\n<p class=\"\">Le pr\u00e9sident am\u00e9ricain, Joe Biden, et le pr\u00e9sident fran\u00e7ais, Emmanuel Macron, ont ainsi salu\u00e9 conjointement mardi soir l\u2019annonce de la mise en \u0153uvre du cessez-le-feu, apr\u00e8s l\u2019approbation du texte par le cabinet de s\u00e9curit\u00e9 isra\u00e9lien. L\u2019accord <em>\u00ab\u00a0cr\u00e9era les conditions n\u00e9cessaires au r\u00e9tablissement durable du calme et permettra le retour en toute s\u00e9curit\u00e9 dans leurs foyers des habitants des deux c\u00f4t\u00e9s de la \u201cligne bleue\u201d\u00a0\u00bb<\/em>, la fronti\u00e8re entre les deux pays trac\u00e9e par les Nations unies, ont-ils d\u00e9clar\u00e9 dans un communiqu\u00e9 commun.<\/p>\n\n\n\n<p class=\"\"><\/p>\n\n\n\n<p class=\"\">Les deux pr\u00e9sidents ont fait savoir que leurs pays allaient veiller \u00e0 ce que l\u2019accord soit <em>\u00ab&nbsp;mis en \u0153uvre dans son int\u00e9gralit\u00e9 et appliqu\u00e9&nbsp;\u00bb<\/em>. Ils ont assur\u00e9 qu\u2019il <em>\u00ab&nbsp;prot\u00e9gerait&nbsp;\u00bb<\/em> Isra\u00ebl de la <em>\u00ab&nbsp;menace&nbsp;\u00bb<\/em> du Hezbollah, s\u2019engageant \u00e0 \u0153uvrer pour le renforcement des <em>\u00ab&nbsp;capacit\u00e9s&nbsp;\u00bb<\/em> de l\u2019arm\u00e9e libanaise et le redressement de l\u2019\u00e9conomie du pays. <em>\u00ab&nbsp;On pourrait dire que cet accord, c\u2019est le fruit d\u2019un travail d\u2019arrache-pied qui a \u00e9t\u00e9 men\u00e9 depuis de longs mois, et que c\u2019est un succ\u00e8s pour la diplomatie fran\u00e7aise et que nous pouvons en \u00eatre fiers&nbsp;\u00bb<\/em>, s\u2019est f\u00e9licit\u00e9 mercredi Jean-No\u00ebl Barrot, ministre des affaires \u00e9trang\u00e8res fran\u00e7ais, sur Franceinfo.<\/p>\n\n\n\n<h3 class=\"wp-block-heading\">Une phase de transition de soixante jours<\/h3>\n\n\n\n<p class=\"\">Outre l\u2019arr\u00eat des combats, l\u2019accord pr\u00e9voit la mise en place d\u2019une phase de soixante jours de transition au cours de laquelle les troupes isra\u00e9liennes devront \u00e9vacuer le sud du Liban, o\u00f9 elles sont entr\u00e9es \u00e0 partir du 1<sup>er&nbsp;<\/sup>octobre. Parall\u00e8lement, les forces du Hezbollah devront se retirer au nord du fleuve Litani, \u00e0 une vingtaine de kilom\u00e8tres environ de la fronti\u00e8re.<\/p>\n","protected":false},"excerpt":{"rendered":"<p>L\u2019Etat h\u00e9breu a approuv\u00e9, mardi soir, un arr\u00eat des combats dans sa guerre avec le Hezbollah, pour lequel les Etats-Unis et la France ont \u0153uvr\u00e9. L\u2019accord est entr\u00e9 en vigueur mercredi \u00e0\u00a04\u00a0heures, heure locale.Un cessez-le-feu entre Isra\u00ebl et le Hezbollah est entr\u00e9 en vigueur au sud du Liban, mercredi 27\u00a0novembre \u00e0 4\u00a0heures, heure locale (3\u00a0heures, [&hellip;]<\/p>\n","protected":false},"author":2,"featured_media":31402,"comment_status":"open","ping_status":"open","sticky":false,"template":"","format":"standard","meta":{"_jetpack_memberships_contains_paid_content":false,"footnotes":"","jetpack_publicize_message":"","jetpack_publicize_feature_enabled":true,"jetpack_social_post_already_shared":true,"jetpack_social_options":{"image_generator_settings":{"template":"highway","enabled":true,"token":"eyJpbWciOiJodHRwczpcL1wvd3d3LmljZWFnZXR2LmNvbVwvcmFkaW9zaXRlXC93cC1jb250ZW50XC91cGxvYWRzXC8yMDI0XC8xMVwvQ2UtcXVlLWxvbi1zYWl0LXN1ci1sYWNjb3JkLWRlLWNlc3Nlei1sZS1mZXUucG5nIiwidHh0IjoiQ2UgcXVlIGxcdTIwMTlvbiBzYWl0IHN1ciBsXHUyMDE5YWNjb3JkIGRlIGNlc3Nlei1sZS1mZXUgZW50cmUgSXNyYVx1MDBlYmwgZXQgbGUgSGV6Ym9sbGFoIGF1IExpYmFuLCBlbnRyXHUwMGU5IGVuIHZpZ3VldXIgY2V0dGUgbnVpdCIsInRlbXBsYXRlIjoiaGlnaHdheSIsImJsb2dfaWQiOjExMTAxNjQ2MX0.0PCgdN3Mt3MPXrCj1XvxHWhi91jc_ApmGO121p_tFV0MQ"},"version":2},"_wpas_customize_per_network":false},"categories":[405],"tags":[],"class_list":["post-31401","post","type-post","status-publish","format-standard","has-post-thumbnail","hentry","category-actu-france-monde"],"jetpack_publicize_connections":[],"jetpack_featured_media_url":"https:\/\/i0.wp.com\/www.iceagetv.com\/radiosite\/wp-content\/uploads\/2024\/11\/Ce-que-lon-sait-sur-laccord-de-cessez-le-feu.png?fit=681%2C411&ssl=1","jetpack_sharing_enabled":true,"_links":{"self":[{"href":"https:\/\/www.iceagetv.com\/radiosite\/wp-json\/wp\/v2\/posts\/31401","targetHints":{"allow":["GET"]}}],"collection":[{"href":"https:\/\/www.iceagetv.com\/radiosite\/wp-json\/wp\/v2\/posts"}],"about":[{"href":"https:\/\/www.iceagetv.com\/radiosite\/wp-json\/wp\/v2\/types\/post"}],"author":[{"embeddable":true,"href":"https:\/\/www.iceagetv.com\/radiosite\/wp-json\/wp\/v2\/users\/2"}],"replies":[{"embeddable":true,"href":"https:\/\/www.iceagetv.com\/radiosite\/wp-json\/wp\/v2\/comments?post=31401"}],"version-history":[{"count":1,"href":"https:\/\/www.iceagetv.com\/radiosite\/wp-json\/wp\/v2\/posts\/31401\/revisions"}],"predecessor-version":[{"id":31403,"href":"https:\/\/www.iceagetv.com\/radiosite\/wp-json\/wp\/v2\/posts\/31401\/revisions\/31403"}],"wp:featuredmedia":[{"embeddable":true,"href":"https:\/\/www.iceagetv.com\/radiosite\/wp-json\/wp\/v2\/media\/31402"}],"wp:attachment":[{"href":"https:\/\/www.iceagetv.com\/radiosite\/wp-json\/wp\/v2\/media?parent=31401"}],"wp:term":[{"taxonomy":"category","embeddable":true,"href":"https:\/\/www.iceagetv.com\/radiosite\/wp-json\/wp\/v2\/categories?post=31401"},{"taxonomy":"post_tag","embeddable":true,"href":"https:\/\/www.iceagetv.com\/radiosite\/wp-json\/wp\/v2\/tags?post=31401"}],"curies":[{"name":"wp","href":"https:\/\/api.w.org\/{rel}","templated":true}]}}