{"id":31405,"date":"2024-11-27T16:02:19","date_gmt":"2024-11-27T15:02:19","guid":{"rendered":"https:\/\/www.iceagetv.com\/radiosite\/?p=31405"},"modified":"2024-11-27T16:02:22","modified_gmt":"2024-11-27T15:02:22","slug":"pres-de-20c-dans-le-sud-debut-decembre-jusqua-quand-cette-douceur-va-t-elle-durer","status":"publish","type":"post","link":"https:\/\/www.iceagetv.com\/radiosite\/pres-de-20c-dans-le-sud-debut-decembre-jusqua-quand-cette-douceur-va-t-elle-durer\/","title":{"rendered":"Pr\u00e8s de 20\u00b0C dans le Sud d\u00e9but d\u00e9cembre: jusqu&rsquo;\u00e0 quand cette douceur va-t-elle durer?"},"content":{"rendered":"\n<p class=\"\">Les temp\u00e9ratures de cette semaine vont rester au-dessus des normales de saison, malgr\u00e9 un contraste thermique entre le Sud et le Nord, o\u00f9 des petites gel\u00e9es sont parfois attendues. Pour le d\u00e9but du mois de d\u00e9cembre, \u00ab\u00a0aucun signe de froid n&rsquo;est en vue pour le moment\u00a0\u00bb.<\/p>\n\n\n\n<p class=\"\">Cette derni\u00e8re semaine de novembre va rester globalement douce, malgr\u00e9 un \u00e9cart important entre la moiti\u00e9 nord et la moiti\u00e9 sud, notamment durant le week-end.<\/p>\n\n\n\n<p class=\"\">Apr\u00e8s un premier&nbsp;<a href=\"https:\/\/www.bfmtv.com\/paris\/paris\/4cm-a-paris-les-chutes-de-neiges-les-plus-importantes-pour-la-capitale-depuis-56-ans-en-novembre_AV-202411211029.html\">\u00e9pisode de froid<\/a>&nbsp;\u00e9clair, le contraste \u00e0 court terme est assez saisissant. Il a ensuite fait tr\u00e8s chaud, \u00e0 l&rsquo;instar de&nbsp;<a href=\"https:\/\/www.bfmtv.com\/meteo\/jusqu-a-26-c-a-4h-du-matin-des-temperatures-nocturnes-estivales-en-plein-mois-de-novembre_AV-202411250131.html\">la nuit de dimanche \u00e0 lundi<\/a>&nbsp;qui a \u00e9t\u00e9 \u00ab\u00a0une des plus douces jamais observ\u00e9es \u00e0 cette p\u00e9riode de l\u2019ann\u00e9e du Sud-ouest jusqu\u2019\u00e0 la r\u00e9gion Centre et l&rsquo;\u00cele-de-France\u00a0\u00bb, selon&nbsp;<a href=\"https:\/\/meteofrance.com\/actualites-et-dossiers\/actualites\/apres-le-froid-une-douceur-parfois-exceptionnelle\" target=\"_blank\" rel=\"noreferrer noopener\">M\u00e9t\u00e9o-France<\/a>.<\/p>\n\n\n\n<p class=\"\">Depuis quelques jours, l&rsquo;Hexagone a retrouv\u00e9 des temp\u00e9ratures un peu plus conformes aux moyennes de saison, m\u00eame si toujours&nbsp;<a href=\"https:\/\/www.bfmtv.com\/meteo\/jusqu-a-25-c-a-7h-du-matin-comment-expliquer-des-temperatures-si-elevees-fin-novembre_AV-202411250445.html\">douces pour une fin novembre<\/a>.<\/p>\n\n\n\n<h2 class=\"wp-block-heading\" id=\"e5u2p\">Un temps ensoleill\u00e9<\/h2>\n\n\n\n<p class=\"\">\u00ab\u00a0Il est d\u00e9sormais act\u00e9 que ce mois de novembre 2024 finisse exc\u00e9dentaire en termes de temp\u00e9ratures\u00a0\u00bb, \u00e9crit ainsi&nbsp;<a href=\"https:\/\/www.lachainemeteo.com\/meteo-france\/previsions-meteo-france-aujourdhui\" target=\"_blank\" rel=\"noreferrer noopener\">La Cha\u00eene m\u00e9t\u00e9o<\/a>.<\/p>\n\n\n\n<p class=\"\">Malgr\u00e9 des perturbations ce mercredi sur le nord de la France, notamment en Bretagne et sur les Pays-de-la-Loire, le temps de la fin de semaine sera globalement calme et ensoleill\u00e9.<\/p>\n\n\n\n<p class=\"\">\u00c0 la faveur de ce ciel d\u00e9gag\u00e9, \u00ab\u00a0au plus proche de l&rsquo;anticyclone au nord-est, les nuages bas fr\u00e9quents et le petit vent d&rsquo;est continental froid devraient accentuer le ressenti hivernal, et ainsi limiter la hausse des temp\u00e9ratures en cours d&rsquo;apr\u00e8s-midi\u00a0\u00bb, indique La Cha\u00eene m\u00e9t\u00e9o.<\/p>\n\n\n\n<p class=\"\">Dans le sud, \u00ab\u00a0l&rsquo;ambiance s&rsquo;annonce v\u00e9ritablement printani\u00e8re\u00a0\u00bb. Le mercure s&rsquo;approchera de la barre des 20\u00b0C, qui sera m\u00eame d\u00e9pass\u00e9e par endroits dans le Sud-ouest en fin de semaine.<\/p>\n\n\n\n<h2 class=\"wp-block-heading\" id=\"69k12\">Plus de 20\u00b0C<\/h2>\n\n\n\n<p class=\"\">Plus en d\u00e9tails, pour la journ\u00e9e de jeudi, le mercure va l\u00e9g\u00e8rement baisser par rapport \u00e0 la veille, notamment dans le quart nord-est o\u00f9 le ciel se d\u00e9gagera. On attend ainsi jusqu&rsquo;\u00e0 10\u00b0C \u00e0 Strasbourg ou \u00e0 Lille et jusqu&rsquo;\u00e0 12\u00b0C \u00e0 Brest. En montagne, La Cha\u00eene m\u00e9t\u00e9o pr\u00e9voit une limite pluie neige autour de 2.000 m\u00e8tres tandis qu&rsquo;au Sud, il fait beau et chaud, avec jusqu&rsquo;\u00e0 18\u00b0C \u00e0 Bordeaux, 17\u00b0C \u00e0 Marseille et 16\u00b0C \u00e0 Aurillac.<\/p>\n\n\n\n<p class=\"\">Vendredi, \u00ab\u00a0il fera frais le matin avec le retour de petites gel\u00e9es au nord de la Seine. L&rsquo;apr\u00e8s-midi, la fra\u00eecheur persistera au nord, alors qu&rsquo;au soleil dans le Sud-ouest, il continuera \u00e0 faire doux\u00a0\u00bb, \u00e9crit La Cha\u00eene m\u00e9t\u00e9o.<\/p>\n\n\n\n<p class=\"\">Durant le week-end, selon M\u00e9t\u00e9o-France l\u00a0\u00bb&lsquo;apr\u00e8s-midi, l&rsquo;ambiance restera plus fra\u00eeche dans le Nord-est, avec des maximales parfois un peu en dessous des moyennes de saison, alors que les 20\u00b0C peuvent \u00eatre d\u00e9pass\u00e9s dans le Sud-ouest. La douceur devrait encore s&rsquo;accentuer par l\u2019ouest dimanche pour le premier jour de l&rsquo;hiver m\u00e9t\u00e9orologique\u00a0\u00bb.<\/p>\n","protected":false},"excerpt":{"rendered":"<p>Les temp\u00e9ratures de cette semaine vont rester au-dessus des normales de saison, malgr\u00e9 un contraste thermique entre le Sud et le Nord, o\u00f9 des petites gel\u00e9es sont parfois attendues. Pour le d\u00e9but du mois de d\u00e9cembre, \u00ab\u00a0aucun signe de froid n&rsquo;est en vue pour le moment\u00a0\u00bb. Cette derni\u00e8re semaine de novembre va rester globalement douce, [&hellip;]<\/p>\n","protected":false},"author":2,"featured_media":31407,"comment_status":"open","ping_status":"open","sticky":false,"template":"","format":"standard","meta":{"_jetpack_memberships_contains_paid_content":false,"footnotes":"","jetpack_publicize_message":"","jetpack_publicize_feature_enabled":true,"jetpack_social_post_already_shared":true,"jetpack_social_options":{"image_generator_settings":{"template":"highway","enabled":true,"token":"eyJpbWciOiJodHRwczpcL1wvd3d3LmljZWFnZXR2LmNvbVwvcmFkaW9zaXRlXC93cC1jb250ZW50XC91cGxvYWRzXC8yMDI0XC8xMVwvUHJlcy1kZS0yMCVjMiViMEMtZGFucy1sZS1TdWQtLnBuZyIsInR4dCI6IlByXHUwMGU4cyBkZSAyMFx1MDBiMEMgZGFucyBsZSBTdWQgZFx1MDBlOWJ1dCBkXHUwMGU5Y2VtYnJlOiBqdXNxdSYjODIxNztcdTAwZTAgcXVhbmQgY2V0dGUgZG91Y2V1ciB2YS10LWVsbGUgZHVyZXI_IiwidGVtcGxhdGUiOiJoaWdod2F5IiwiYmxvZ19pZCI6MTExMDE2NDYxfQ.JzhtgOafIr3yw4CWHo_JHGBj3y0sx-c_lkcINNJtqicMQ"},"version":2},"_wpas_customize_per_network":false},"categories":[14],"tags":[],"class_list":["post-31405","post","type-post","status-publish","format-standard","has-post-thumbnail","hentry","category-actu-meteo"],"jetpack_publicize_connections":[],"jetpack_featured_media_url":"https:\/\/i0.wp.com\/www.iceagetv.com\/radiosite\/wp-content\/uploads\/2024\/11\/Pres-de-20%C2%B0C-dans-le-Sud-.png?fit=922%2C502&ssl=1","jetpack_sharing_enabled":true,"_links":{"self":[{"href":"https:\/\/www.iceagetv.com\/radiosite\/wp-json\/wp\/v2\/posts\/31405","targetHints":{"allow":["GET"]}}],"collection":[{"href":"https:\/\/www.iceagetv.com\/radiosite\/wp-json\/wp\/v2\/posts"}],"about":[{"href":"https:\/\/www.iceagetv.com\/radiosite\/wp-json\/wp\/v2\/types\/post"}],"author":[{"embeddable":true,"href":"https:\/\/www.iceagetv.com\/radiosite\/wp-json\/wp\/v2\/users\/2"}],"replies":[{"embeddable":true,"href":"https:\/\/www.iceagetv.com\/radiosite\/wp-json\/wp\/v2\/comments?post=31405"}],"version-history":[{"count":1,"href":"https:\/\/www.iceagetv.com\/radiosite\/wp-json\/wp\/v2\/posts\/31405\/revisions"}],"predecessor-version":[{"id":31408,"href":"https:\/\/www.iceagetv.com\/radiosite\/wp-json\/wp\/v2\/posts\/31405\/revisions\/31408"}],"wp:featuredmedia":[{"embeddable":true,"href":"https:\/\/www.iceagetv.com\/radiosite\/wp-json\/wp\/v2\/media\/31407"}],"wp:attachment":[{"href":"https:\/\/www.iceagetv.com\/radiosite\/wp-json\/wp\/v2\/media?parent=31405"}],"wp:term":[{"taxonomy":"category","embeddable":true,"href":"https:\/\/www.iceagetv.com\/radiosite\/wp-json\/wp\/v2\/categories?post=31405"},{"taxonomy":"post_tag","embeddable":true,"href":"https:\/\/www.iceagetv.com\/radiosite\/wp-json\/wp\/v2\/tags?post=31405"}],"curies":[{"name":"wp","href":"https:\/\/api.w.org\/{rel}","templated":true}]}}