{"id":31433,"date":"2024-11-29T12:58:19","date_gmt":"2024-11-29T11:58:19","guid":{"rendered":"https:\/\/www.iceagetv.com\/radiosite\/?p=31433"},"modified":"2024-11-29T12:58:23","modified_gmt":"2024-11-29T11:58:23","slug":"colere-des-agriculteurs-la-fnsea-appelle-a-de-nouvelles-mobilisations-partout-en-france-les-9-et-10-decembre-autour-du-theme-des-revenus-du-secteur","status":"publish","type":"post","link":"https:\/\/www.iceagetv.com\/radiosite\/colere-des-agriculteurs-la-fnsea-appelle-a-de-nouvelles-mobilisations-partout-en-france-les-9-et-10-decembre-autour-du-theme-des-revenus-du-secteur\/","title":{"rendered":"Col\u00e8re des agriculteurs: La FNSEA appelle \u00e0 de nouvelles mobilisations partout en France les 9 et 10 d\u00e9cembre autour du th\u00e8me des revenus du secteur"},"content":{"rendered":"\n<p class=\"\">La FNSEA pr\u00e9voit de mobiliser de nouveau les agriculteurs, \u00ab&nbsp;partout en France&nbsp;\u00bb, les 9 et 10 d\u00e9cembre autour du th\u00e8me des revenus du secteur, a indiqu\u00e9 vendredi Arnaud Rousseau, le pr\u00e9sident du syndicat agricole majoritaire.<\/p>\n\n\n\n<p class=\"\">Cette nouvelle vague d\u2019actions se fera \u00ab&nbsp;autour du revenu, autour de la relation avec le prix de nos produits, notamment dans le cadre du d\u00e9but des relations commerciales, de la n\u00e9gociation avec les distributeurs. Et donc nous serons en action&nbsp;\u00bb, a-t-il dit sur RMC.<\/p>\n\n\n\n<p class=\"\">\u00ab&nbsp;On sera le lundi et le mardi de cette semaine-l\u00e0 (9 et 10 d\u00e9cembre, NDLR), avec l\u2019objectif qu\u2019on puisse conclure notre cycle (de manifestations) avec une rencontre avec le Premier ministre (&#8230;) On a besoin que des r\u00e9sultats concrets soient au rendez-vous&nbsp;\u00bb, a-t-il ajout\u00e9.<\/p>\n\n\n\n<p class=\"\">Apr\u00e8s leur mobilisation historique du d\u00e9but d\u2019ann\u00e9e, les syndicats agricoles ont lanc\u00e9 \u00e0 la mi-novembre un nouveau mouvement de protestation, en ordre dispers\u00e9 mais avec en commun la revendication d\u2019un meilleur revenu et l\u2019opposition au projet d\u2019accord de libre-\u00e9change UE-Mercosur.<\/p>\n\n\n\n<p class=\"\">La FNSEA, alli\u00e9e avec les Jeunes Agriculteurs (JA), a organis\u00e9 sa mobilisation en trois temps, consacr\u00e9s d\u2019abord au Mercosur, puis cette semaine au sujet des normes et de la \u00ab&nbsp;simplification&nbsp;\u00bb administrative, avant de passer aux revenus dans dix jours.<\/p>\n\n\n\n<p class=\"\">La ministre de l\u2019Agriculture Annie Genevard doit recevoir vendredi FNSEA-JA, puis le Modef et la Coordination rurale, pour \u00ab&nbsp;avancer sur des mesures concr\u00e8tes qui visent \u00e0 simplifier le quotidien&nbsp;\u00bb des agriculteurs, selon le minist\u00e8re. La Conf\u00e9d\u00e9ration paysanne, qui demande aussi un meilleur revenu et des simplifications administratives sans toutefois contester les normes et leur contr\u00f4le, sera re\u00e7ue \u00ab&nbsp;dans les prochains jours&nbsp;\u00bb.<\/p>\n","protected":false},"excerpt":{"rendered":"<p>La FNSEA pr\u00e9voit de mobiliser de nouveau les agriculteurs, \u00ab&nbsp;partout en France&nbsp;\u00bb, les 9 et 10 d\u00e9cembre autour du th\u00e8me des revenus du secteur, a indiqu\u00e9 vendredi Arnaud Rousseau, le pr\u00e9sident du syndicat agricole majoritaire. Cette nouvelle vague d\u2019actions se fera \u00ab&nbsp;autour du revenu, autour de la relation avec le prix de nos produits, notamment [&hellip;]<\/p>\n","protected":false},"author":2,"featured_media":31434,"comment_status":"open","ping_status":"open","sticky":false,"template":"","format":"standard","meta":{"_jetpack_memberships_contains_paid_content":false,"footnotes":"","jetpack_publicize_message":"","jetpack_publicize_feature_enabled":true,"jetpack_social_post_already_shared":true,"jetpack_social_options":{"image_generator_settings":{"template":"highway","enabled":true,"token":"eyJpbWciOiJodHRwczpcL1wvd3d3LmljZWFnZXR2LmNvbVwvcmFkaW9zaXRlXC93cC1jb250ZW50XC91cGxvYWRzXC8yMDI0XC8xMVwvQ2FwdHVyZS1kZWNyYW4tMjAyNC0xMS0yOS0xMjU3MjIucG5nIiwidHh0IjoiQ29sXHUwMGU4cmUgZGVzIGFncmljdWx0ZXVyczogTGEgRk5TRUEgYXBwZWxsZSBcdTAwZTAgZGUgbm91dmVsbGVzIG1vYmlsaXNhdGlvbnMgcGFydG91dCBlbiBGcmFuY2UgbGVzIDkgZXQgMTAgZFx1MDBlOWNlbWJyZSBhdXRvdXIgZHUgdGhcdTAwZThtZSBkZXMgcmV2ZW51cyBkdSBzZWN0ZXVyIiwidGVtcGxhdGUiOiJoaWdod2F5IiwiYmxvZ19pZCI6MTExMDE2NDYxfQ.sMdFXa3RMP-l_itLchnbsW1E73Ghd5yntmKPex2e15gMQ"},"version":2},"_wpas_customize_per_network":false},"categories":[405],"tags":[],"class_list":["post-31433","post","type-post","status-publish","format-standard","has-post-thumbnail","hentry","category-actu-france-monde"],"jetpack_publicize_connections":[],"jetpack_featured_media_url":"https:\/\/i0.wp.com\/www.iceagetv.com\/radiosite\/wp-content\/uploads\/2024\/11\/Capture-decran-2024-11-29-125722.png?fit=656%2C277&ssl=1","jetpack_sharing_enabled":true,"_links":{"self":[{"href":"https:\/\/www.iceagetv.com\/radiosite\/wp-json\/wp\/v2\/posts\/31433","targetHints":{"allow":["GET"]}}],"collection":[{"href":"https:\/\/www.iceagetv.com\/radiosite\/wp-json\/wp\/v2\/posts"}],"about":[{"href":"https:\/\/www.iceagetv.com\/radiosite\/wp-json\/wp\/v2\/types\/post"}],"author":[{"embeddable":true,"href":"https:\/\/www.iceagetv.com\/radiosite\/wp-json\/wp\/v2\/users\/2"}],"replies":[{"embeddable":true,"href":"https:\/\/www.iceagetv.com\/radiosite\/wp-json\/wp\/v2\/comments?post=31433"}],"version-history":[{"count":1,"href":"https:\/\/www.iceagetv.com\/radiosite\/wp-json\/wp\/v2\/posts\/31433\/revisions"}],"predecessor-version":[{"id":31435,"href":"https:\/\/www.iceagetv.com\/radiosite\/wp-json\/wp\/v2\/posts\/31433\/revisions\/31435"}],"wp:featuredmedia":[{"embeddable":true,"href":"https:\/\/www.iceagetv.com\/radiosite\/wp-json\/wp\/v2\/media\/31434"}],"wp:attachment":[{"href":"https:\/\/www.iceagetv.com\/radiosite\/wp-json\/wp\/v2\/media?parent=31433"}],"wp:term":[{"taxonomy":"category","embeddable":true,"href":"https:\/\/www.iceagetv.com\/radiosite\/wp-json\/wp\/v2\/categories?post=31433"},{"taxonomy":"post_tag","embeddable":true,"href":"https:\/\/www.iceagetv.com\/radiosite\/wp-json\/wp\/v2\/tags?post=31433"}],"curies":[{"name":"wp","href":"https:\/\/api.w.org\/{rel}","templated":true}]}}