{"id":31450,"date":"2024-11-30T15:23:40","date_gmt":"2024-11-30T14:23:40","guid":{"rendered":"https:\/\/www.iceagetv.com\/radiosite\/?p=31450"},"modified":"2024-11-30T15:23:44","modified_gmt":"2024-11-30T14:23:44","slug":"conflit","status":"publish","type":"post","link":"https:\/\/www.iceagetv.com\/radiosite\/conflit\/","title":{"rendered":"Conflit."},"content":{"rendered":"\n<h1 class=\"wp-block-heading\">Les rebelles syriens poursuivent leur offensive et entrent dans Alep<\/h1>\n\n\n\n<p class=\"\">Au troisi\u00e8me jour de leur offensive surprise contre les forces gouvernementales syriennes, les factions arm\u00e9es rebelles sont entr\u00e9es vendredi dans Alep, la deuxi\u00e8me ville de Syrie, pour la premi\u00e8re fois depuis 2016.<\/p>\n\n\n\n<p class=\"\"><em>\u201cEn moins de trois jours de combats, et alors que les d\u00e9fenses du r\u00e9gime syrien s\u2019effondrent, le groupe salafiste Hay\u2019at Tahrir Al-Cham (HTS) et d\u2019autres organisations rebelles alli\u00e9es ont r\u00e9ussi \u00e0 p\u00e9n\u00e9trer dans Alep\u201d<\/em>&nbsp;vendredi,&nbsp;<a class=\"\" target=\"_blank\" href=\"https:\/\/elpais.com\/internacional\/2024-11-29\/los-rebeldes-sirios-entran-en-alepo-ante-la-caida-de-las-defensas-del-regimen-de-el-asad.html\" rel=\"noreferrer noopener\">rapporte&nbsp;<strong>El Pa\u00eds<\/strong>.<\/a><\/p>\n\n\n\n<p class=\"\"><em>\u201cC\u2019est la premi\u00e8re fois que des forces oppos\u00e9es au gouvernement de Bachar El-Assad mettent le pied dans la deuxi\u00e8me ville syrienne depuis fin d\u00e9cembre 2016, date \u00e0 laquelle s\u2019\u00e9tait achev\u00e9e l\u2019\u00e9vacuation des derniers bastions rebelles d\u2019Alep\u201d<\/em>, apr\u00e8s l\u2019entr\u00e9e de la Russie dans la guerre civile syrienne pour soutenir le r\u00e9gime, note le quotidien madril\u00e8ne.<\/p>\n\n\n\n<p class=\"\"><em>Il n\u2019y a pas eu de combats, et pas un seul coup de feu n\u2019a \u00e9t\u00e9 tir\u00e9, alors que les forces du r\u00e9gime se retiraient\u201d<\/em>, a assur\u00e9 Rami Abdel Rahmane, directeur de l\u2019OSDH.&nbsp;<em>\u201cLes autorit\u00e9s syriennes ont ferm\u00e9 l\u2019a\u00e9roport d\u2019Alep, ainsi que toutes les routes menant \u00e0 la ville\u201d<\/em>, pr\u00e9cise le quotidien britannique.<\/p>\n\n\n\n<h2 class=\"wp-block-heading\">Portraits de Bachar El-Assad arrach\u00e9s<\/h2>\n\n\n\n<p class=\"\"><a class=\"\" target=\"_blank\" href=\"https:\/\/www.lorientlejour.com\/article\/1437554\/-nous-avons-quitte-alep-en-bus-et-nous-revenons-maintenant-sur-des-chars-.html\" rel=\"noreferrer noopener\"><strong>L\u2019Orient-Le Jour<\/strong>&nbsp;raconte<\/a>&nbsp;que&nbsp;<em>\u201cles images de combattants arm\u00e9s arrivant de mani\u00e8re triomphale dans de grandes art\u00e8res de la deuxi\u00e8me ville de Syrie ont rapidement circul\u00e9\u201d<\/em>, alors que&nbsp;<em>\u201cdes images de portraits du pr\u00e9sident syrien Bachar el-Assad arrach\u00e9s\u201d<\/em>&nbsp;faisaient le tour des r\u00e9seaux sociaux.<\/p>\n\n\n\n<p class=\"\">Le quotidien libanais relaie \u00e9galement les t\u00e9moignages d\u2019<em>\u201cAleppins oppos\u00e9s au r\u00e9gime, d\u00e9plac\u00e9s internes ou en exil\u201d<\/em>, pour qui&nbsp;<em>\u201cce renversement de situation a provoqu\u00e9 l\u2019euphorie\u201d<\/em>.<\/p>\n\n\n\n<p class=\"\"><em>\u201cLes rebelles ont atteint Alep, gr\u00e2ce \u00e0 Dieu. C\u2019est la ville dans laquelle je suis n\u00e9, de laquelle j\u2019ai \u00e9t\u00e9 d\u00e9plac\u00e9. La ville o\u00f9 j\u2019ai vu la mort de pr\u00e8s, o\u00f9 j\u2019ai connu les plus beaux mais aussi les pires jours de ma vie\u201d<\/em>, a ainsi t\u00e9moign\u00e9 dans un message audio Abdelkafi Al-Hamdo,\u00a0<em>\u201cun professeur d\u2019anglais qui avait d\u00fb fuir Alep apr\u00e8s sa chute aux mains des forces loyalistes et vivait depuis dans la province d\u2019Idlib\u201d<\/em>, bastion des rebelles.<\/p>\n\n\n\n<p class=\"\">Le nord de la Syrie b\u00e9n\u00e9ficiait ces derni\u00e8res ann\u00e9es d\u2019un calme pr\u00e9caire, depuis le cessez-le-feu instaur\u00e9 en mars 2020&nbsp;entre les rebelles et le r\u00e9gime de Bachar El-Assad, sous l\u2019\u00e9gide de la Russie et de la Turquie.<\/p>\n\n\n\n<p class=\"\">Depuis leur d\u00e9part de la r\u00e9gion d\u2019Idlib, mercredi \u00e0 l\u2019aube, les rebelles se sont empar\u00e9s&nbsp;<em>\u201cd\u2019une cinquantaine de villes et villages ainsi que d\u2019une section de l\u2019autoroute strat\u00e9gique M5\u201d<\/em>, qui relie Damas \u00e0 Alep,&nbsp;<a class=\"\" target=\"_blank\" href=\"https:\/\/www.middleeasteye.net\/news\/syrian-rebels-make-dramatic-aleppo-comeback-they-push-city\" rel=\"noreferrer noopener\">rel\u00e8ve&nbsp;<strong>Middle East Eye<\/strong>.<\/a>&nbsp;Une offensive qui constitue&nbsp;<em>\u201cle plus grand revers\u201d<\/em>&nbsp;essuy\u00e9 par Bachar El-Assad&nbsp;<em>\u201cdepuis des ann\u00e9es\u201d<\/em>, juge le site.<\/p>\n\n\n\n<h2 class=\"wp-block-heading\">Bombardements russes<\/h2>\n\n\n\n<p class=\"\"><em>\u201cLes sc\u00e8nes qui se sont d\u00e9roul\u00e9es ces trois derniers jours \u2013 dans les vid\u00e9os et les images partag\u00e9es par les rebelles et les m\u00e9dias syriens \u2013 rappellent \u00e9trangement les d\u00e9buts de la guerre civile\u201d&nbsp;<\/em>en 2011,&nbsp;<a class=\"\" target=\"_blank\" href=\"https:\/\/www.nytimes.com\/2024\/11\/29\/world\/middleeast\/syria-war-aleppo-rebels-government.html\" rel=\"noreferrer noopener\">observe le&nbsp;<strong>New York Times<\/strong>.<\/a>&nbsp;<em>\u201cComme les fois pr\u00e9c\u00e9dentes, les rebelles affirment avoir pris le contr\u00f4le d\u2019une s\u00e9rie de villes, de quartiers, de bases militaires et d\u2019armes, tout en appelant les soldats du gouvernement \u00e0 faire d\u00e9fection et \u00e0 rejoindre leurs rangs\u201d<\/em>.<\/p>\n\n\n\n<p class=\"\">Le pr\u00e9sident syrien a tent\u00e9 de riposter et\u00a0<em>\u201cdes avions de guerre russes et syriens ont bombard\u00e9 jeudi des zones contr\u00f4l\u00e9es par les rebelles dans le nord-ouest de la Syrie, pr\u00e8s de la fronti\u00e8re avec la Turquie, pour tenter de repousser l\u2019offensive\u201d<\/em>,\u00a0<a class=\"\" href=\"https:\/\/www.aljazeera.com\/news\/2024\/11\/29\/rebel-groups-launch-attacks-on-syrias-aleppo-city\" target=\"_blank\" rel=\"noreferrer noopener\">remarque\u00a0<strong>Al-Jazeera<\/strong>.<\/a>\u00a0Mais ils n\u2019ont pu ralentir les rebelles dans leur marche vers Alep.<\/p>\n\n\n\n<p class=\"\">D\u2019autant que pendant leur avanc\u00e9e,&nbsp;<em>\u201cles rebelles se sont empar\u00e9s de dizaines de chars, de v\u00e9hicules blind\u00e9s et de pi\u00e8ces d\u2019artillerie abandonn\u00e9s par l\u2019arm\u00e9e r\u00e9guli\u00e8re dans sa fuite pr\u00e9cipit\u00e9e, provoquant un effet boule de neige dans lequel, \u00e0 mesure qu\u2019ils avancent, [les rebelles] deviennent de mieux en mieux arm\u00e9s\u201d<\/em>, explique&nbsp;<em>El Pa\u00eds<\/em>.<\/p>\n\n\n\n<p class=\"\"><a class=\"\" target=\"_blank\" href=\"https:\/\/www.nytimes.com\/2024\/11\/29\/world\/middleeast\/syria-war-aleppo-rebels-government.html\" rel=\"noreferrer noopener\">Pour&nbsp;<strong>Axios<\/strong><\/a>, le calendrier de l\u2019offensive n\u2019est sans doute pas fortuit.&nbsp;<em>\u201cLes rebelles ont lanc\u00e9 cette attaque alors que le Hezbollah, l\u2019Iran et la Russie, qui ont tous aid\u00e9 Assad \u00e0 reprendre le contr\u00f4le d\u2019Alep en 2016, sont affaiblis et \u00e0 bout de forces, alors qu\u2019ils m\u00e8nent \u00e9galement des guerres au Liban et en Ukraine\u201d<\/em>, analyse le site.<\/p>\n\n\n\n<p class=\"\"><a href=\"https:\/\/www.courrierinternational.com\/notule-source\/courrier-international\"><\/a><\/p>\n\n\n\n<p class=\"\"><\/p>\n\n\n\n<p class=\"\"><a href=\"https:\/\/www.courrierinternational.com\/notule-source\/courrier-international\"><\/a><\/p>\n\n\n\n<p class=\"\"><\/p>\n","protected":false},"excerpt":{"rendered":"<p>Les rebelles syriens poursuivent leur offensive et entrent dans Alep Au troisi\u00e8me jour de leur offensive surprise contre les forces gouvernementales syriennes, les factions arm\u00e9es rebelles sont entr\u00e9es vendredi dans Alep, la deuxi\u00e8me ville de Syrie, pour la premi\u00e8re fois depuis 2016. \u201cEn moins de trois jours de combats, et alors que les d\u00e9fenses du [&hellip;]<\/p>\n","protected":false},"author":2,"featured_media":31452,"comment_status":"open","ping_status":"open","sticky":false,"template":"","format":"standard","meta":{"_jetpack_memberships_contains_paid_content":false,"footnotes":"","jetpack_publicize_message":"","jetpack_publicize_feature_enabled":true,"jetpack_social_post_already_shared":true,"jetpack_social_options":{"image_generator_settings":{"template":"highway","enabled":true,"token":"eyJpbWciOiJodHRwczpcL1wvd3d3LmljZWFnZXR2LmNvbVwvcmFkaW9zaXRlXC93cC1jb250ZW50XC91cGxvYWRzXC8yMDI0XC8xMVwvQ2FwdHVyZS1kZWNyYW4tMjAyNC0xMS0zMC0xNTE5MzItMTAyNHg1ODkucG5nIiwidHh0IjoiQ29uZmxpdC4iLCJ0ZW1wbGF0ZSI6ImhpZ2h3YXkiLCJibG9nX2lkIjoxMTEwMTY0NjF9.GvvayZzG8tN3rKgk4aDgf7B99cZMQliqPEzsAj-lMJQMQ"},"version":2},"_wpas_customize_per_network":false},"categories":[405],"tags":[],"class_list":["post-31450","post","type-post","status-publish","format-standard","has-post-thumbnail","hentry","category-actu-france-monde"],"jetpack_publicize_connections":[],"jetpack_featured_media_url":"https:\/\/i0.wp.com\/www.iceagetv.com\/radiosite\/wp-content\/uploads\/2024\/11\/Capture-decran-2024-11-30-151932.png?fit=1187%2C683&ssl=1","jetpack_sharing_enabled":true,"_links":{"self":[{"href":"https:\/\/www.iceagetv.com\/radiosite\/wp-json\/wp\/v2\/posts\/31450","targetHints":{"allow":["GET"]}}],"collection":[{"href":"https:\/\/www.iceagetv.com\/radiosite\/wp-json\/wp\/v2\/posts"}],"about":[{"href":"https:\/\/www.iceagetv.com\/radiosite\/wp-json\/wp\/v2\/types\/post"}],"author":[{"embeddable":true,"href":"https:\/\/www.iceagetv.com\/radiosite\/wp-json\/wp\/v2\/users\/2"}],"replies":[{"embeddable":true,"href":"https:\/\/www.iceagetv.com\/radiosite\/wp-json\/wp\/v2\/comments?post=31450"}],"version-history":[{"count":1,"href":"https:\/\/www.iceagetv.com\/radiosite\/wp-json\/wp\/v2\/posts\/31450\/revisions"}],"predecessor-version":[{"id":31453,"href":"https:\/\/www.iceagetv.com\/radiosite\/wp-json\/wp\/v2\/posts\/31450\/revisions\/31453"}],"wp:featuredmedia":[{"embeddable":true,"href":"https:\/\/www.iceagetv.com\/radiosite\/wp-json\/wp\/v2\/media\/31452"}],"wp:attachment":[{"href":"https:\/\/www.iceagetv.com\/radiosite\/wp-json\/wp\/v2\/media?parent=31450"}],"wp:term":[{"taxonomy":"category","embeddable":true,"href":"https:\/\/www.iceagetv.com\/radiosite\/wp-json\/wp\/v2\/categories?post=31450"},{"taxonomy":"post_tag","embeddable":true,"href":"https:\/\/www.iceagetv.com\/radiosite\/wp-json\/wp\/v2\/tags?post=31450"}],"curies":[{"name":"wp","href":"https:\/\/api.w.org\/{rel}","templated":true}]}}