{"id":31464,"date":"2024-12-01T08:50:53","date_gmt":"2024-12-01T07:50:53","guid":{"rendered":"https:\/\/www.iceagetv.com\/radiosite\/?p=31464"},"modified":"2024-12-01T08:50:57","modified_gmt":"2024-12-01T07:50:57","slug":"prime-de-noel-parcoursup-consultations-medicales-tout-ce-qui-change-ce-1er-decembre","status":"publish","type":"post","link":"https:\/\/www.iceagetv.com\/radiosite\/prime-de-noel-parcoursup-consultations-medicales-tout-ce-qui-change-ce-1er-decembre\/","title":{"rendered":"Prime de No\u00ebl, Parcoursup, consultations m\u00e9dicales\u2026 Tout ce qui change ce 1er d\u00e9cembre"},"content":{"rendered":"\n<p class=\"\">Cette ann\u00e9e, la neige n&rsquo;a pas attendu d\u00e9cembre pour tomber sur la France. Apr\u00e8s un \u00e9pisode hivernal intense, place au dernier mois de l&rsquo;ann\u00e9e, qui doit voir le d\u00e9nouement des&nbsp;<a href=\"https:\/\/www.bfmtv.com\/economie\/dette-loi-speciale-cessation-de-paiement-ce-qui-risque-d-arriver-si-le-budget-du-gouvernement-barnier-est-refuse_AN-202411270948.html\">d\u00e9bats parlementaires sur le budget 2025<\/a>. Un enjeu majeur qui ne doit pas pour autant \u00e9clipser les quelques changements qui affecteront le quotidien des Fran\u00e7ais avant de basculer dans une nouvelle ann\u00e9e.<\/p>\n\n\n\n<h2 class=\"wp-block-heading\" id=\"7eel4\">\u2022 Hausse des tarifs des consultations m\u00e9dicales<\/h2>\n\n\n\n<p class=\"\">\u00c0 partir\u00a0du 22\u00a0d\u00e9cembre\u00a02024,\u00a0<a href=\"https:\/\/www.bfmtv.com\/economie\/consultation-chez-le-medecin-medicaments-combien-devra-t-on-desormais-payer-de-sa-poche_AV-202404170497.html\">une visite chez le g\u00e9n\u00e9raliste co\u00fbtera 30\u00a0euros<\/a>, contre 26,50\u00a0euros actuellement. Pour les enfants de moins de 6\u00a0ans, la consultation passera \u00e0 35 euros, contre 31,50\u00a0euros jusqu\u2019\u00e0 pr\u00e9sent.<\/p>\n\n\n\n<p class=\"\">Cette hausse fait suite \u00e0 l&rsquo;accord sign\u00e9 entre l&rsquo;Assurance maladie et les m\u00e9decins lib\u00e9raux le 4&nbsp;juin&nbsp;2024. Cette augmentation concerne le montant des consultations chez le m\u00e9decin g\u00e9n\u00e9raliste mais aussi la plupart des sp\u00e9cialistes.<\/p>\n\n\n\n<h2 class=\"wp-block-heading\" id=\"a2aqm\">\u2022 Tramadol et cod\u00e9ine prescrits sur des ordonnances \u00ab\u00a0s\u00e9curis\u00e9e\u00a0\u00bb<\/h2>\n\n\n\n<p class=\"\">Le tramadol et la cod\u00e9ine sont&nbsp;<a href=\"https:\/\/www.service-public.fr\/particuliers\/actualites\/A17699\" target=\"_blank\" rel=\"noreferrer noopener\">dans le viseur de l&rsquo;Agence nationale de s\u00e9curit\u00e9 du m\u00e9dicament (ANSM)<\/a>. \u00c0 compter du 1er d\u00e9cembre, les m\u00e9dicaments contenant du tramadol, de la cod\u00e9ine ou de la dihydrocod\u00e9ine, seul ou en association \u00e0 d\u2019autres substances (parac\u00e9tamol, ibuprof\u00e8ne\u2026), seront uniquement dispens\u00e9s sur pr\u00e9sentation d\u2019une ordonnance s\u00e9curis\u00e9e. Une ordonnance s\u00e9curis\u00e9e doit remplir les crit\u00e8res visant \u00e0 la rendre infalsifiable notamment un caduc\u00e9e en filigrane.<\/p>\n\n\n\n<blockquote class=\"wp-block-quote is-layout-flow wp-block-quote-is-layout-flow\">\n<p class=\"\">\u00ab\u00a0Le prescripteur devra y avoir inscrit en toutes lettres: le dosage, la posologie et la dur\u00e9e de traitement\u00a0\u00bb, pr\u00e9cise l&rsquo;ANSM.<\/p>\n<\/blockquote>\n\n\n\n<p class=\"\">L&rsquo;agence pr\u00e9cise aussi que la dur\u00e9e maximale de prescription de la cod\u00e9ine est r\u00e9duite \u00e0 12\u00a0semaines, comme pour le tramadol. \u00ab\u00a0Au-del\u00e0 de ce d\u00e9lai, la poursuite d&rsquo;un traitement par cod\u00e9ine n\u00e9cessitera une nouvelle ordonnance.\u00a0\u00bb Le but de cette mesure est\u00a0<strong><a href=\"https:\/\/rmc.bfmtv.com\/actualites\/societe\/sante\/tramadol-l-ansm-veut-lutter-contre-les-detournements-de-cet-opioide_AD-202404110395.html\">d&rsquo;\u00e9viter le d\u00e9tournement de ces opio\u00efdes<\/a><\/strong>, parfois utilis\u00e9s comme une drogue.<\/p>\n\n\n\n<h2 class=\"wp-block-heading\" id=\"7jchm\">Prime de No\u00ebl pour les b\u00e9n\u00e9ficiaires de minima sociaux<\/h2>\n\n\n\n<p class=\"\">La \u00ab\u00a0prime de No\u00ebl\u00a0\u00bb,&nbsp;<a href=\"https:\/\/www.bfmtv.com\/economie\/economie-social\/social\/la-prime-de-noel-sera-versee-le-17-decembre_AD-202411270172.html\">une prime exceptionnelle<\/a>&nbsp;de fin d&rsquo;ann\u00e9e dont le montant minimum a \u00e9t\u00e9 fix\u00e9 en 2024 \u00e0 152,45 euros, sera vers\u00e9e aux b\u00e9n\u00e9ficiaires de minima sociaux le 17 d\u00e9cembre.<\/p>\n\n\n\n<p class=\"\">\u00ab\u00a0Tous les b\u00e9n\u00e9ficiaires du revenu de solidarit\u00e9 active (RSA), de l&rsquo;allocation de solidarit\u00e9 sp\u00e9cifique (ASS), de la prime forfaitaire pour reprise d&rsquo;activit\u00e9 et de l&rsquo;allocation \u00e9quivalent retraite (AER) en b\u00e9n\u00e9ficieront\u00a0\u00bb, a annonc\u00e9 le gouvernement dans un communiqu\u00e9.<\/p>\n\n\n\n<p class=\"\">Cette prime sera vers\u00e9e automatiquement le 17 d\u00e9cembre 2024, la semaine pr\u00e9c\u00e9dant les f\u00eates de No\u00ebl. Elle est attribu\u00e9e \u00e0 plus de 2,2 millions de m\u00e9nages.<\/p>\n\n\n\n<p class=\"\">Pas index\u00e9 \u00e0 l&rsquo;inflation, son montant, 152,45 euros, restera le m\u00eame qu&rsquo;en 2023 pour une personne seule en m\u00e9tropole et dans les d\u00e9partements d&rsquo;outre-mer, hors Mayotte. Les montants de la prime pour les foyers b\u00e9n\u00e9ficiaires du RSA sont progressifs en fonction de la composition de la famille. Par exemple, un couple avec deux enfants touchera 320,15 euros.<\/p>\n\n\n\n<h2 class=\"wp-block-heading\" id=\"9aq9\">\u2022 Ouverture de Parcoursup pour la rentr\u00e9e 2025<\/h2>\n\n\n\n<p class=\"\">\u00c0 peine l&rsquo;ann\u00e9e scolaire boucle-t-elle son premier trimestre que les lyc\u00e9ens de terminale doivent d\u00e9j\u00e0 se projeter sur leur avenir. Le moteur de recherche des formations&nbsp;<a href=\"https:\/\/www.bfmtv.com\/societe\/education\/parcoursup-plus-de-85-000-candidats-toujours-en-attente-d-une-affectation_AD-202407130109.html\">Parcoursup&nbsp;2025<\/a>&nbsp;sera en effet accessible le 18 d\u00e9cembre.<\/p>\n\n\n\n<p class=\"\">Ce dispositif accompagne les futurs \u00e9tudiants dans la pr\u00e9paration de leur rentr\u00e9e universitaire. L&rsquo;ouverture de la plateforme pour&nbsp;<a href=\"https:\/\/www.service-public.fr\/particuliers\/actualites\/A17764\" target=\"_blank\" rel=\"noreferrer noopener\">formuler ses v\u0153ux<\/a>&nbsp;sera, elle, ouverte du 15 janvier au 13 mars 2025.<\/p>\n\n\n\n<h2 class=\"wp-block-heading\" id=\"6i8m8\">\u2022 Hausse des tarifs de d\u00e9pannage sur autoroute<\/h2>\n\n\n\n<p class=\"\">Nouvelle hausse pour les tarifs du&nbsp;<strong><a href=\"https:\/\/www.bfmtv.com\/auto\/les-tarifs-pour-le-depannage-sur-autoroute-vont-augmenter-a-partir-du-1er-decembre_AV-202411130253.html\">d\u00e9pannage sur autoroute<\/a><\/strong>. Un prix r\u00e9glement\u00e9 qui augmentera de 2,87% \u00e0 partir du 1er d\u00e9cembre prochain, suite \u00e0 un arr\u00eat\u00e9 publi\u00e9 le 1er novembre dernier.<\/p>\n","protected":false},"excerpt":{"rendered":"<p>Cette ann\u00e9e, la neige n&rsquo;a pas attendu d\u00e9cembre pour tomber sur la France. Apr\u00e8s un \u00e9pisode hivernal intense, place au dernier mois de l&rsquo;ann\u00e9e, qui doit voir le d\u00e9nouement des&nbsp;d\u00e9bats parlementaires sur le budget 2025. Un enjeu majeur qui ne doit pas pour autant \u00e9clipser les quelques changements qui affecteront le quotidien des Fran\u00e7ais avant [&hellip;]<\/p>\n","protected":false},"author":2,"featured_media":31465,"comment_status":"open","ping_status":"open","sticky":false,"template":"","format":"standard","meta":{"_jetpack_memberships_contains_paid_content":false,"footnotes":"","jetpack_publicize_message":"","jetpack_publicize_feature_enabled":true,"jetpack_social_post_already_shared":true,"jetpack_social_options":{"image_generator_settings":{"template":"highway","enabled":true,"token":"eyJpbWciOiJodHRwczpcL1wvd3d3LmljZWFnZXR2LmNvbVwvcmFkaW9zaXRlXC93cC1jb250ZW50XC91cGxvYWRzXC8yMDI0XC8xMlwvSWRlZS1jYWRlYXUtTm9lbC1QQy1wb3J0YWJsZS1ub3RyZS1Ub3AtNS1kZXMtbWVpbGxldXJlcy1vZmZyZXMtMjAyNC0xOTg1NjM0LndlYnAiLCJ0eHQiOiJQcmltZSBkZSBOb1x1MDBlYmwsIFBhcmNvdXJzdXAsIGNvbnN1bHRhdGlvbnMgbVx1MDBlOWRpY2FsZXNcdTIwMjYgVG91dCBjZSBxdWkgY2hhbmdlIGNlIDFlciBkXHUwMGU5Y2VtYnJlIiwidGVtcGxhdGUiOiJoaWdod2F5IiwiYmxvZ19pZCI6MTExMDE2NDYxfQ.xZbR8Fm3dTdIRxPj33667kUyutbjwIyiT6t6pAfCRd8MQ"},"version":2},"_wpas_customize_per_network":false},"categories":[405],"tags":[],"class_list":["post-31464","post","type-post","status-publish","format-standard","has-post-thumbnail","hentry","category-actu-france-monde"],"jetpack_publicize_connections":[],"jetpack_featured_media_url":"https:\/\/i0.wp.com\/www.iceagetv.com\/radiosite\/wp-content\/uploads\/2024\/12\/Idee-cadeau-Noel-PC-portable-notre-Top-5-des-meilleures-offres-2024-1985634.webp?fit=736%2C414&ssl=1","jetpack_sharing_enabled":true,"_links":{"self":[{"href":"https:\/\/www.iceagetv.com\/radiosite\/wp-json\/wp\/v2\/posts\/31464","targetHints":{"allow":["GET"]}}],"collection":[{"href":"https:\/\/www.iceagetv.com\/radiosite\/wp-json\/wp\/v2\/posts"}],"about":[{"href":"https:\/\/www.iceagetv.com\/radiosite\/wp-json\/wp\/v2\/types\/post"}],"author":[{"embeddable":true,"href":"https:\/\/www.iceagetv.com\/radiosite\/wp-json\/wp\/v2\/users\/2"}],"replies":[{"embeddable":true,"href":"https:\/\/www.iceagetv.com\/radiosite\/wp-json\/wp\/v2\/comments?post=31464"}],"version-history":[{"count":1,"href":"https:\/\/www.iceagetv.com\/radiosite\/wp-json\/wp\/v2\/posts\/31464\/revisions"}],"predecessor-version":[{"id":31466,"href":"https:\/\/www.iceagetv.com\/radiosite\/wp-json\/wp\/v2\/posts\/31464\/revisions\/31466"}],"wp:featuredmedia":[{"embeddable":true,"href":"https:\/\/www.iceagetv.com\/radiosite\/wp-json\/wp\/v2\/media\/31465"}],"wp:attachment":[{"href":"https:\/\/www.iceagetv.com\/radiosite\/wp-json\/wp\/v2\/media?parent=31464"}],"wp:term":[{"taxonomy":"category","embeddable":true,"href":"https:\/\/www.iceagetv.com\/radiosite\/wp-json\/wp\/v2\/categories?post=31464"},{"taxonomy":"post_tag","embeddable":true,"href":"https:\/\/www.iceagetv.com\/radiosite\/wp-json\/wp\/v2\/tags?post=31464"}],"curies":[{"name":"wp","href":"https:\/\/api.w.org\/{rel}","templated":true}]}}