{"id":31474,"date":"2024-12-01T17:13:15","date_gmt":"2024-12-01T16:13:15","guid":{"rendered":"https:\/\/www.iceagetv.com\/radiosite\/?p=31474"},"modified":"2024-12-01T17:13:19","modified_gmt":"2024-12-01T16:13:19","slug":"les-francais-connaissent-mal-leurs-droits-a-lassurance-chomage-et-la-realite-de-la-situation-des-demandeurs-demploi-selon-un-rapport","status":"publish","type":"post","link":"https:\/\/www.iceagetv.com\/radiosite\/les-francais-connaissent-mal-leurs-droits-a-lassurance-chomage-et-la-realite-de-la-situation-des-demandeurs-demploi-selon-un-rapport\/","title":{"rendered":"Les Fran\u00e7ais connaissent mal leurs droits \u00e0 l&rsquo;assurance ch\u00f4mage et la r\u00e9alit\u00e9 de la situation des demandeurs d&#8217;emploi, selon un rapport"},"content":{"rendered":"\n<p class=\"\">Les Fran\u00e7ais connaissent mal leurs droits \u00e0 l&rsquo;assurance ch\u00f4mage et la r\u00e9alit\u00e9 de la situation des demandeurs d&#8217;emploi, selon un barom\u00e8tre annuel publi\u00e9 par l&rsquo;Un\u00e9dic.<\/p>\n\n\n\n<p class=\"\">A peine quatre actifs sur dix sont certains de leurs droits, alors m\u00eame que 28% \u00ab\u00a0jugent probable de conna\u00eetre une p\u00e9riode de ch\u00f4mage dans les deux prochaines ann\u00e9es\u00a0\u00bb, un pourcentage en hausse de 4 points sur un an, selon l&rsquo;enqu\u00eate r\u00e9alis\u00e9e par Elabe en septembre aupr\u00e8s de 4.500 Fran\u00e7ais, dont 1.500 demandeurs d&#8217;emploi.<\/p>\n\n\n\n<p class=\"\">Ainsi 30% disent \u00eatre s\u00fbrs d&rsquo;avoir droit \u00e0 une allocation et 9% sont persuad\u00e9s du contraire, tandis que la majorit\u00e9 n&rsquo;a pas de certitude.<\/p>\n\n\n\n<p class=\"\">La complexit\u00e9 du syst\u00e8me d&rsquo;assurance ch\u00f4mage, qui a connu plusieurs changements ces derni\u00e8res ann\u00e9es, ne facilite pas sa compr\u00e9hension.<\/p>\n\n\n\n<p class=\"\">Toutefois, \u00ab\u00a0je ne suis pas certaine que les personnes aient envie de conna\u00eetre la r\u00e8gle tr\u00e8s sp\u00e9cifique jusqu&rsquo;au bout des ongles, par contre elles veulent savoir si elles sont couvertes ou pas\u00a0\u00bb, a d\u00e9clar\u00e9 lors d&rsquo;une pr\u00e9sentation de l&rsquo;\u00e9tude \u00e0 la presse la vice-pr\u00e9sidente de l&rsquo;Un\u00e9dic Patricia Ferrand.<\/p>\n\n\n\n<p class=\"\">Pr\u00e8s de neuf Fran\u00e7ais sur dix (87%) surestiment la part des demandeurs d&#8217;emploi qui sont indemnis\u00e9s par l&rsquo;assurance ch\u00f4mage (40% du total), et seuls 6% estiment correctement cette proportion, dans une fourchette de 35% \u00e0 45%, selon l&rsquo;enqu\u00eate.<\/p>\n\n\n\n<p class=\"\">Seul un gros tiers des Fran\u00e7ais (36%) \u00e9value correctement le montant moyen de l&rsquo;allocation ch\u00f4mage, qui est de 1.035 euros, en choisissant une fourchette comprise entre 900 et 1.099 euros.<\/p>\n\n\n\n<p class=\"\">Le taux de ch\u00f4mage au sens du Bureau international du Travail, actuellement de 7,4%, est \u00e9galement beaucoup surestim\u00e9 par les Fran\u00e7ais qui l&rsquo;\u00e9valuent en moyenne \u00e0 15,3%.<\/p>\n\n\n\n<p class=\"\">L&rsquo;enqu\u00eate montre encore que les pr\u00e9jug\u00e9s \u00e0 l&rsquo;encontre des allocations et des ch\u00f4meurs ont la vie dure.<\/p>\n\n\n\n<p class=\"\">A 46%, les Fran\u00e7ais estiment ainsi que les allocations \u00ab\u00a0sont un frein au retour \u00e0 l&#8217;emploi\u00a0\u00bb. Mais une fois inform\u00e9s du fait que plus d&rsquo;un demandeur d&#8217;emploi sur deux trouve un travail avant la fin de ses droits, ils ne sont plus que 39% \u00e0 le penser.<\/p>\n\n\n\n<p class=\"\">A 47%, ils sont d&rsquo;avis que la dur\u00e9e des droits est \u00ab\u00a0trop longue\u00a0\u00bb. Mais apr\u00e8s avoir appris que les allocations sont per\u00e7ues en moyenne pendant dix mois, ils ne sont plus que 38% de cet avis.<\/p>\n\n\n\n<p class=\"\">La part des Fran\u00e7ais (37%) qui pensent que \u00ab\u00a0la plupart des ch\u00f4meurs fraudent pour toucher des allocations\u00a0\u00bb, ne diminue elle que de deux points une fois ceux-ci inform\u00e9s que 60% des demandeurs d&#8217;emploi ne sont pas indemnis\u00e9s.<\/p>\n\n\n\n<p class=\"\">Enfin 36% jugent que \u00ab\u00a0les ch\u00f4meurs sont des assist\u00e9s\u00a0\u00bb, et 32% continuent \u00e0 penser ainsi apr\u00e8s avoir \u00e9t\u00e9 confront\u00e9s \u00e0 la r\u00e9alit\u00e9 des chiffres, qui montrent qu&rsquo;un demandeur d&#8217;emploi sur deux a une activit\u00e9 professionnelle.<\/p>\n\n\n\n<p class=\"\">\u00ab\u00a0Il faut faire de la p\u00e9dagogie\u00a0\u00bb, a r\u00e9sum\u00e9 le pr\u00e9sident de l&rsquo;Un\u00e9dic Jean-Eudes Tesson devant la presse.<\/p>\n\n\n\n<p class=\"\">Mais les critiques contre les ch\u00f4meurs sont minoritaires dans la population, et 60% des Fran\u00e7ais se disent attach\u00e9s au mod\u00e8le fran\u00e7ais d&rsquo;assurance ch\u00f4mage, un pourcentage en hausse de trois points par rapport \u00e0 l&rsquo;an dernier.<\/p>\n","protected":false},"excerpt":{"rendered":"<p>Les Fran\u00e7ais connaissent mal leurs droits \u00e0 l&rsquo;assurance ch\u00f4mage et la r\u00e9alit\u00e9 de la situation des demandeurs d&#8217;emploi, selon un barom\u00e8tre annuel publi\u00e9 par l&rsquo;Un\u00e9dic. A peine quatre actifs sur dix sont certains de leurs droits, alors m\u00eame que 28% \u00ab\u00a0jugent probable de conna\u00eetre une p\u00e9riode de ch\u00f4mage dans les deux prochaines ann\u00e9es\u00a0\u00bb, un pourcentage [&hellip;]<\/p>\n","protected":false},"author":2,"featured_media":31476,"comment_status":"open","ping_status":"open","sticky":false,"template":"","format":"standard","meta":{"_jetpack_memberships_contains_paid_content":false,"footnotes":"","jetpack_publicize_message":"","jetpack_publicize_feature_enabled":true,"jetpack_social_post_already_shared":true,"jetpack_social_options":{"image_generator_settings":{"template":"highway","enabled":true,"token":"eyJpbWciOiJodHRwczpcL1wvd3d3LmljZWFnZXR2LmNvbVwvcmFkaW9zaXRlXC93cC1jb250ZW50XC91cGxvYWRzXC8yMDI0XC8xMlwvekRraWgyZVkuanBnIiwidHh0IjoiTGVzIEZyYW5cdTAwZTdhaXMgY29ubmFpc3NlbnQgbWFsIGxldXJzIGRyb2l0cyBcdTAwZTAgbCYjODIxNzthc3N1cmFuY2UgY2hcdTAwZjRtYWdlIGV0IGxhIHJcdTAwZTlhbGl0XHUwMGU5IGRlIGxhIHNpdHVhdGlvbiBkZXMgZGVtYW5kZXVycyBkJiM4MjE3O2VtcGxvaSwgc2Vsb24gdW4gcmFwcG9ydCIsInRlbXBsYXRlIjoiaGlnaHdheSIsImJsb2dfaWQiOjExMTAxNjQ2MX0.oP3ERU1QZGzqYhtqCh0UaTyJvqMwaEKH1mwUbJ5TC9QMQ"},"version":2},"_wpas_customize_per_network":false},"categories":[405],"tags":[],"class_list":["post-31474","post","type-post","status-publish","format-standard","has-post-thumbnail","hentry","category-actu-france-monde"],"jetpack_publicize_connections":[],"jetpack_featured_media_url":"https:\/\/i0.wp.com\/www.iceagetv.com\/radiosite\/wp-content\/uploads\/2024\/12\/zDkih2eY.jpg?fit=679%2C293&ssl=1","jetpack_sharing_enabled":true,"_links":{"self":[{"href":"https:\/\/www.iceagetv.com\/radiosite\/wp-json\/wp\/v2\/posts\/31474","targetHints":{"allow":["GET"]}}],"collection":[{"href":"https:\/\/www.iceagetv.com\/radiosite\/wp-json\/wp\/v2\/posts"}],"about":[{"href":"https:\/\/www.iceagetv.com\/radiosite\/wp-json\/wp\/v2\/types\/post"}],"author":[{"embeddable":true,"href":"https:\/\/www.iceagetv.com\/radiosite\/wp-json\/wp\/v2\/users\/2"}],"replies":[{"embeddable":true,"href":"https:\/\/www.iceagetv.com\/radiosite\/wp-json\/wp\/v2\/comments?post=31474"}],"version-history":[{"count":1,"href":"https:\/\/www.iceagetv.com\/radiosite\/wp-json\/wp\/v2\/posts\/31474\/revisions"}],"predecessor-version":[{"id":31477,"href":"https:\/\/www.iceagetv.com\/radiosite\/wp-json\/wp\/v2\/posts\/31474\/revisions\/31477"}],"wp:featuredmedia":[{"embeddable":true,"href":"https:\/\/www.iceagetv.com\/radiosite\/wp-json\/wp\/v2\/media\/31476"}],"wp:attachment":[{"href":"https:\/\/www.iceagetv.com\/radiosite\/wp-json\/wp\/v2\/media?parent=31474"}],"wp:term":[{"taxonomy":"category","embeddable":true,"href":"https:\/\/www.iceagetv.com\/radiosite\/wp-json\/wp\/v2\/categories?post=31474"},{"taxonomy":"post_tag","embeddable":true,"href":"https:\/\/www.iceagetv.com\/radiosite\/wp-json\/wp\/v2\/tags?post=31474"}],"curies":[{"name":"wp","href":"https:\/\/api.w.org\/{rel}","templated":true}]}}