{"id":31502,"date":"2024-12-03T14:30:54","date_gmt":"2024-12-03T13:30:54","guid":{"rendered":"https:\/\/www.iceagetv.com\/radiosite\/?p=31502"},"modified":"2024-12-03T14:30:58","modified_gmt":"2024-12-03T13:30:58","slug":"6-000-policiers-et-gendarmes-seront-deployes-ce-week-end-pour-assurer-la-securite-des-ceremonies-de-reouverture-de-la-cathedrale-notre-dame-de-paris","status":"publish","type":"post","link":"https:\/\/www.iceagetv.com\/radiosite\/6-000-policiers-et-gendarmes-seront-deployes-ce-week-end-pour-assurer-la-securite-des-ceremonies-de-reouverture-de-la-cathedrale-notre-dame-de-paris\/","title":{"rendered":"6.000 policiers et gendarmes seront d\u00e9ploy\u00e9s ce week-end pour assurer la s\u00e9curit\u00e9 des c\u00e9r\u00e9monies de r\u00e9ouverture de la cath\u00e9drale Notre-Dame de Paris"},"content":{"rendered":"\n<p class=\"\">Un dispositif \u00ab&nbsp;extr\u00eamement important&nbsp;\u00bb de \u00ab&nbsp;6.000&nbsp;\u00bb policiers et gendarmes sera d\u00e9ploy\u00e9 samedi et dimanche pour assurer la s\u00e9curit\u00e9 des c\u00e9r\u00e9monies de r\u00e9ouverture de la cath\u00e9drale Notre-Dame de Paris, auxquelles une cinquantaine de chefs d\u2019Etat et de gouvernement est attendue.<\/p>\n\n\n\n<p class=\"\">S\u2019exprimant lors d\u2019une conf\u00e9rence de presse, le pr\u00e9fet de police de Paris, Laurent Nu\u00f1ez, a annonc\u00e9 que \u00ab&nbsp;6.000 personnes (policiers, gendarmes)&nbsp;\u00bb seraient mobilis\u00e9s durant ces deux jours, \u00e0 l\u2019image de ce qui avait \u00e9t\u00e9 fait pour la c\u00e9r\u00e9monie d\u2019ouverture des Jeux olympiques fin juillet.<\/p>\n\n\n\n<p class=\"\">M. Nu\u00f1ez a r\u00e9p\u00e9t\u00e9 que s\u2019il n\u2019y avait pas de \u00ab&nbsp;menace caract\u00e9ris\u00e9e&nbsp;\u00bb visant sp\u00e9cifiquement ces c\u00e9r\u00e9monies, elles se tenaient dans un contexte de \u00ab&nbsp;tr\u00e8s haut niveau de menace terroriste&nbsp;\u00bb.<\/p>\n\n\n\n<p class=\"\">Des militaires du dispositif Sentinelle seront mobilis\u00e9s et la lutte anti-drones plac\u00e9e sous l\u2019autorit\u00e9 de l\u2019arm\u00e9e. La brigade fluviale de la pr\u00e9fecture de police sera \u00e9galement sollicit\u00e9e durant ces deux jours, ainsi que la BRI (brigade de recherche et d\u2019intervention) avec des tireurs d\u2019\u00e9lite sur les points hauts.<\/p>\n\n\n\n<p class=\"\">L\u2019acc\u00e8s \u00e0 l\u2019\u00eele de la Cit\u00e9 o\u00f9 se trouve la cath\u00e9drale sera interdit sauf pour les invit\u00e9s et les prestataires de services et la circulation proscrite.<\/p>\n\n\n\n<p class=\"\">D\u00e8s mercredi commenceront les premi\u00e8res restrictions de circulation avec la mise en place de \u00ab&nbsp;cinq boxes&nbsp;\u00bb pour accueillir sur les quais hauts rive gauche 40.000 personnes au maximum, samedi. La cath\u00e9drale peut accueillir 3.000 personnes.<\/p>\n\n\n\n<p class=\"\">Edifi\u00e9e plus de 600 ans avant la Tour Eiffel, la cath\u00e9drale compte parmi les \u00e9difices les plus visit\u00e9s en Europe, avec 12 millions de personnes en 2017 et \u00ab&nbsp;14 \u00e0 15 millions&nbsp;\u00bb attendues par le Dioc\u00e8se apr\u00e8s sa r\u00e9ouverture.<\/p>\n","protected":false},"excerpt":{"rendered":"<p>Un dispositif \u00ab&nbsp;extr\u00eamement important&nbsp;\u00bb de \u00ab&nbsp;6.000&nbsp;\u00bb policiers et gendarmes sera d\u00e9ploy\u00e9 samedi et dimanche pour assurer la s\u00e9curit\u00e9 des c\u00e9r\u00e9monies de r\u00e9ouverture de la cath\u00e9drale Notre-Dame de Paris, auxquelles une cinquantaine de chefs d\u2019Etat et de gouvernement est attendue. S\u2019exprimant lors d\u2019une conf\u00e9rence de presse, le pr\u00e9fet de police de Paris, Laurent Nu\u00f1ez, a annonc\u00e9 [&hellip;]<\/p>\n","protected":false},"author":2,"featured_media":31503,"comment_status":"open","ping_status":"open","sticky":false,"template":"","format":"standard","meta":{"_jetpack_memberships_contains_paid_content":false,"footnotes":"","jetpack_publicize_message":"","jetpack_publicize_feature_enabled":true,"jetpack_social_post_already_shared":true,"jetpack_social_options":{"image_generator_settings":{"template":"highway","enabled":true,"token":"eyJpbWciOiJodHRwczpcL1wvd3d3LmljZWFnZXR2LmNvbVwvcmFkaW9zaXRlXC93cC1jb250ZW50XC91cGxvYWRzXC8yMDI0XC8xMlwvNi4wMDAtcG9saWNpZXJzLWV0LWdlbmRhcm1lcy1zZXJvbnQtZGVwbG95ZXMtY2Utd2Vlay1lbmQuanBnIiwidHh0IjoiNi4wMDAgcG9saWNpZXJzIGV0IGdlbmRhcm1lcyBzZXJvbnQgZFx1MDBlOXBsb3lcdTAwZTlzIGNlIHdlZWstZW5kIHBvdXIgYXNzdXJlciBsYSBzXHUwMGU5Y3VyaXRcdTAwZTkgZGVzIGNcdTAwZTlyXHUwMGU5bW9uaWVzIGRlIHJcdTAwZTlvdXZlcnR1cmUgZGUgbGEgY2F0aFx1MDBlOWRyYWxlIE5vdHJlLURhbWUgZGUgUGFyaXMiLCJ0ZW1wbGF0ZSI6ImhpZ2h3YXkiLCJibG9nX2lkIjoxMTEwMTY0NjF9.lAk7B3--e7Y9YHWG1ePy9k0Bjw1wN9_RPCtQf-ARH7oMQ"},"version":2},"_wpas_customize_per_network":false},"categories":[405],"tags":[],"class_list":["post-31502","post","type-post","status-publish","format-standard","has-post-thumbnail","hentry","category-actu-france-monde"],"jetpack_publicize_connections":[],"jetpack_featured_media_url":"https:\/\/i0.wp.com\/www.iceagetv.com\/radiosite\/wp-content\/uploads\/2024\/12\/6.000-policiers-et-gendarmes-seront-deployes-ce-week-end.jpg?fit=679%2C293&ssl=1","jetpack_sharing_enabled":true,"_links":{"self":[{"href":"https:\/\/www.iceagetv.com\/radiosite\/wp-json\/wp\/v2\/posts\/31502","targetHints":{"allow":["GET"]}}],"collection":[{"href":"https:\/\/www.iceagetv.com\/radiosite\/wp-json\/wp\/v2\/posts"}],"about":[{"href":"https:\/\/www.iceagetv.com\/radiosite\/wp-json\/wp\/v2\/types\/post"}],"author":[{"embeddable":true,"href":"https:\/\/www.iceagetv.com\/radiosite\/wp-json\/wp\/v2\/users\/2"}],"replies":[{"embeddable":true,"href":"https:\/\/www.iceagetv.com\/radiosite\/wp-json\/wp\/v2\/comments?post=31502"}],"version-history":[{"count":1,"href":"https:\/\/www.iceagetv.com\/radiosite\/wp-json\/wp\/v2\/posts\/31502\/revisions"}],"predecessor-version":[{"id":31504,"href":"https:\/\/www.iceagetv.com\/radiosite\/wp-json\/wp\/v2\/posts\/31502\/revisions\/31504"}],"wp:featuredmedia":[{"embeddable":true,"href":"https:\/\/www.iceagetv.com\/radiosite\/wp-json\/wp\/v2\/media\/31503"}],"wp:attachment":[{"href":"https:\/\/www.iceagetv.com\/radiosite\/wp-json\/wp\/v2\/media?parent=31502"}],"wp:term":[{"taxonomy":"category","embeddable":true,"href":"https:\/\/www.iceagetv.com\/radiosite\/wp-json\/wp\/v2\/categories?post=31502"},{"taxonomy":"post_tag","embeddable":true,"href":"https:\/\/www.iceagetv.com\/radiosite\/wp-json\/wp\/v2\/tags?post=31502"}],"curies":[{"name":"wp","href":"https:\/\/api.w.org\/{rel}","templated":true}]}}