{"id":31506,"date":"2024-12-03T17:53:26","date_gmt":"2024-12-03T16:53:26","guid":{"rendered":"https:\/\/www.iceagetv.com\/radiosite\/?p=31506"},"modified":"2024-12-03T17:53:30","modified_gmt":"2024-12-03T16:53:30","slug":"coree-du-sud-le-president-proclame-la-loi-martiale-le-parlement-sy-oppose","status":"publish","type":"post","link":"https:\/\/www.iceagetv.com\/radiosite\/coree-du-sud-le-president-proclame-la-loi-martiale-le-parlement-sy-oppose\/","title":{"rendered":"Cor\u00e9e du Sud\u00a0: le pr\u00e9sident proclame la loi martiale, le parlement s\u2019y oppose"},"content":{"rendered":"\n<p class=\"\">Le pr\u00e9sident d\u00e9clare vouloir \u00ab\u00a0prot\u00e9ger\u00a0\u00bb le pays \u00ab\u00a0de la menace des forces communistes nord-cor\u00e9ennes\u00a0\u00bb et \u00ab\u00a0\u00e9radiquer les abjectes forces anti\u00e9tatiques pro-nord-cor\u00e9ennes\u00a0\u00bb. L\u2019Assembl\u00e9e nationale a vot\u00e9 mercredi pour demander au pr\u00e9sident Yoon Suk Yeol de lever la loi martiale.La situation \u00e9tait confuse, mardi 3\u00a0d\u00e9cembre, \u00e0 S\u00e9oul, en Cor\u00e9e du Sud. Dans un discours t\u00e9l\u00e9vis\u00e9 non annonc\u00e9 tard dans la soir\u00e9e, le pr\u00e9sident sud-cor\u00e9en, Yoon Suk Yeol, a promulgu\u00e9 la loi martiale, affirmant que cette mesure \u00e9tait n\u00e9cessaire pour prot\u00e9ger le pays.Toutes les activit\u00e9s politiques ont \u00e9t\u00e9 interdites et les m\u00e9dias sont plac\u00e9s sous la surveillance du gouvernement, a d\u00e9clar\u00e9 le chef de l\u2019arm\u00e9e Park An-su. Dans la foul\u00e9e, l\u2019arm\u00e9e a pris position autour de l\u2019Assembl\u00e9e nationale, le Gukhoe, parlement monocam\u00e9ral de la Cor\u00e9e du Sud, dans lequel \u00e9taient retranch\u00e9s pr\u00e8s de 200\u00a0parlementaires. Le Parlement a vot\u00e9 le blocage de la loi martiale.<\/p>\n\n\n\n<p class=\"\"><em>\u00ab&nbsp;Je d\u00e9clare la loi martiale pour prot\u00e9ger la R\u00e9publique de Cor\u00e9e libre de la menace des forces communistes nord-cor\u00e9ennes, pour \u00e9radiquer les abjectes forces anti\u00e9tatiques pro-nord-cor\u00e9ennes qui mettent \u00e0 sac la libert\u00e9 et le bonheur de notre peuple, et pour prot\u00e9ger l\u2019ordre constitutionnel libre&nbsp;\u00bb<\/em>, a d\u00e9clar\u00e9 Yoon Suk Yeol, au pouvoir&nbsp;<a href=\"https:\/\/www.lemonde.fr\/international\/article\/2022\/03\/09\/coree-du-sud-le-conservateur-yoon-seok-yuol-elu-president_6116839_3210.html\">depuis son \u00e9lection en mars&nbsp;2022<\/a>.<\/p>\n\n\n\n<p class=\"\"><em>\u00ab\u00a0Sans se soucier des moyens de subsistance du peuple, le parti d\u2019opposition a paralys\u00e9 le gouvernement, \u00e0 des fins de destitutions, d\u2019enqu\u00eates sp\u00e9ciales et pour prot\u00e9ger son leader de poursuites judiciaires\u00a0\u00bb<\/em>, a lanc\u00e9 le pr\u00e9sident.<\/p>\n\n\n\n<p class=\"\">Il n\u2019a cependant pas cit\u00e9 de menace sp\u00e9cifique de la part de la Cor\u00e9e du Nord, dot\u00e9e de l\u2019arme nucl\u00e9aire, se concentrant plut\u00f4t sur ses adversaires politiques sur le plan int\u00e9rieur. En rupture avec son pr\u00e9d\u00e9cesseur Moon Jae-in, Yoon Suk Yeol a adopt\u00e9 une ligne plus dure avec la Cor\u00e9e du Nord, dot\u00e9e de l\u2019arme nucl\u00e9aire, tout en am\u00e9liorant les liens avec Washington.<\/p>\n\n\n\n<ul class=\"wp-block-list\">\n<li class=\"\"><strong>Activit\u00e9s politiques interdites, parlement sous scell\u00e9s<\/strong><\/li>\n\n\n\n<li class=\"\">Concr\u00e8tement, toutes les activit\u00e9s politiques ont \u00e9t\u00e9 interdites et les m\u00e9dias sont plac\u00e9s sous la surveillance du gouvernement, comme l\u2019a d\u00e9clar\u00e9 Park An-su, le chef de l\u2019arm\u00e9e, dans un communiqu\u00e9, cit\u00e9 par\u00a0<a href=\"https:\/\/en.yna.co.kr\/view\/AEN20241204001100320?section=national\/politics\" target=\"_blank\" rel=\"noreferrer noopener\">l\u2019agence Yonhap<\/a>. Selon ce communiqu\u00e9,\u00a0<em>\u00ab\u00a0toute personne violant la loi martiale peut \u00eatre arr\u00eat\u00e9e sans mandat\u00a0\u00bb<\/em>.<\/li>\n\n\n\n<li class=\"\">Des h\u00e9licopt\u00e8res ont atterri sur le toit du parlement \u00e0 S\u00e9oul, selon des images en direct diffus\u00e9es par les cha\u00eenes de t\u00e9l\u00e9vision, tandis que des centaines de manifestants affluaient vers le parlement, boucl\u00e9 par l\u2019arm\u00e9e.<\/li>\n\n\n\n<li class=\"\"><strong>Le Parlement vote le blocage de la loi martiale<\/strong><\/li>\n\n\n\n<li class=\"\">Selon l\u2019agence cor\u00e9enne\u00a0<a href=\"https:\/\/en.yna.co.kr\/view\/AEN20241204001651315?section=national\/politics\" target=\"_blank\" rel=\"noreferrer noopener\">Yonhap<\/a>, l\u2019Assembl\u00e9e nationale (le Gukhoe, parlement monocam\u00e9ral de la Cor\u00e9e du Sud) a vot\u00e9 mercredi pour demander au pr\u00e9sident Yoon Suk Yeol de lever la loi martiale.<\/li>\n\n\n\n<li class=\"\">Vous pouvez partager un article en cliquant sur les ic\u00f4nes de partage en haut \u00e0 droite de celui-ci.<\/li>\n\n\n\n<li class=\"\">La reproduction totale ou partielle d\u2019un article, sans l\u2019autorisation \u00e9crite et pr\u00e9alable du <a href=\"https:\/\/www.lemonde.fr\">Monde<\/a>, est strictement interdite.<\/li>\n\n\n\n<li class=\"\">Pour plus d\u2019informations, consultez nos <a href=\"https:\/\/moncompte.lemonde.fr\/cgv\">conditions g\u00e9n\u00e9rales de vente<\/a>.<\/li>\n\n\n\n<li class=\"\">Pour toute demande d\u2019autorisation, contactez <a href=\"mailto:syndication@lemonde.fr\">syndication@lemonde.fr<\/a>.<\/li>\n\n\n\n<li class=\"\">En tant qu\u2019abonn\u00e9, vous pouvez offrir jusqu\u2019\u00e0 cinq articles par mois \u00e0 l\u2019un de vos proches gr\u00e2ce \u00e0 la fonctionnalit\u00e9 \u00ab Offrir un article \u00bb.<\/li>\n\n\n\n<li class=\"\"><a href=\"https:\/\/www.lemonde.fr\/international\/article\/2024\/12\/03\/coree-du-sud-le-president-proclame-la-loi-martiale_6427667_3210.html\">https:\/\/www.lemonde.fr\/international\/article\/2024\/12\/03\/coree-du-sud-le-president-proclame-la-loi-martiale_6427667_3210.html<\/a><\/li>\n\n\n\n<li class=\"\">Selon la Constitution, la loi martiale doit \u00eatre lev\u00e9e lorsqu\u2019une majorit\u00e9 parlementaire le demande\u00a0: sur les 300 membres du parlement, 190 \u00e9taient pr\u00e9sents et tous ont vot\u00e9 en faveur d\u2019une motion demandant la lev\u00e9e de la loi martiale.<\/li>\n\n\n\n<li class=\"\">Woo Son-shik, pr\u00e9sident de l\u2019Assembl\u00e9e nationale, a d\u00e9clar\u00e9 que la d\u00e9claration de loi martiale du pr\u00e9sident Yoon \u00e9tait devenue<em> \u00ab\u00a0nulle et non avenue\u00a0\u00bb<\/em><\/li>\n\n\n\n<li class=\"\"><strong>Discussions budg\u00e9taires dans l\u2019impasse<\/strong><\/li>\n\n\n\n<li class=\"\">L\u2019intervention surprise du pr\u00e9sident cor\u00e9en est intervenue alors que le Parti du\u00a0pouvoir\u00a0populaire (PPP) de M. Yoon continue de batailler avec le principal parti d\u2019opposition, le Parti D\u00e9mocrate, sur le projet de budget de l\u2019ann\u00e9e prochaine. Les d\u00e9put\u00e9s de l\u2019opposition ont approuv\u00e9 la semaine derni\u00e8re, \u00e0 travers une commission, un programme budg\u00e9taire consid\u00e9rablement r\u00e9duit.<\/li>\n<\/ul>\n","protected":false},"excerpt":{"rendered":"<p>Le pr\u00e9sident d\u00e9clare vouloir \u00ab\u00a0prot\u00e9ger\u00a0\u00bb le pays \u00ab\u00a0de la menace des forces communistes nord-cor\u00e9ennes\u00a0\u00bb et \u00ab\u00a0\u00e9radiquer les abjectes forces anti\u00e9tatiques pro-nord-cor\u00e9ennes\u00a0\u00bb. L\u2019Assembl\u00e9e nationale a vot\u00e9 mercredi pour demander au pr\u00e9sident Yoon Suk Yeol de lever la loi martiale.La situation \u00e9tait confuse, mardi 3\u00a0d\u00e9cembre, \u00e0 S\u00e9oul, en Cor\u00e9e du Sud. Dans un discours t\u00e9l\u00e9vis\u00e9 non annonc\u00e9 [&hellip;]<\/p>\n","protected":false},"author":2,"featured_media":31507,"comment_status":"open","ping_status":"open","sticky":false,"template":"","format":"standard","meta":{"_jetpack_memberships_contains_paid_content":false,"footnotes":"","jetpack_publicize_message":"","jetpack_publicize_feature_enabled":true,"jetpack_social_post_already_shared":true,"jetpack_social_options":{"image_generator_settings":{"template":"highway","enabled":true,"token":"eyJpbWciOiJodHRwczpcL1wvd3d3LmljZWFnZXR2LmNvbVwvcmFkaW9zaXRlXC93cC1jb250ZW50XC91cGxvYWRzXC8yMDI0XC8xMlwvQ29yZWUtZHUtU3VkLS5qcGciLCJ0eHQiOiJDb3JcdTAwZTllIGR1IFN1ZFx1MDBhMDogbGUgcHJcdTAwZTlzaWRlbnQgcHJvY2xhbWUgbGEgbG9pIG1hcnRpYWxlLCBsZSBwYXJsZW1lbnQgc1x1MjAxOXkgb3Bwb3NlIiwidGVtcGxhdGUiOiJoaWdod2F5IiwiYmxvZ19pZCI6MTExMDE2NDYxfQ.vTFlZ1zrEZFnhcWIDHrg0lhlP4snsLZMY25QvEiQviIMQ"},"version":2},"_wpas_customize_per_network":false},"categories":[405],"tags":[],"class_list":["post-31506","post","type-post","status-publish","format-standard","has-post-thumbnail","hentry","category-actu-france-monde"],"jetpack_publicize_connections":[],"jetpack_featured_media_url":"https:\/\/i0.wp.com\/www.iceagetv.com\/radiosite\/wp-content\/uploads\/2024\/12\/Coree-du-Sud-.jpg?fit=530%2C285&ssl=1","jetpack_sharing_enabled":true,"_links":{"self":[{"href":"https:\/\/www.iceagetv.com\/radiosite\/wp-json\/wp\/v2\/posts\/31506","targetHints":{"allow":["GET"]}}],"collection":[{"href":"https:\/\/www.iceagetv.com\/radiosite\/wp-json\/wp\/v2\/posts"}],"about":[{"href":"https:\/\/www.iceagetv.com\/radiosite\/wp-json\/wp\/v2\/types\/post"}],"author":[{"embeddable":true,"href":"https:\/\/www.iceagetv.com\/radiosite\/wp-json\/wp\/v2\/users\/2"}],"replies":[{"embeddable":true,"href":"https:\/\/www.iceagetv.com\/radiosite\/wp-json\/wp\/v2\/comments?post=31506"}],"version-history":[{"count":1,"href":"https:\/\/www.iceagetv.com\/radiosite\/wp-json\/wp\/v2\/posts\/31506\/revisions"}],"predecessor-version":[{"id":31508,"href":"https:\/\/www.iceagetv.com\/radiosite\/wp-json\/wp\/v2\/posts\/31506\/revisions\/31508"}],"wp:featuredmedia":[{"embeddable":true,"href":"https:\/\/www.iceagetv.com\/radiosite\/wp-json\/wp\/v2\/media\/31507"}],"wp:attachment":[{"href":"https:\/\/www.iceagetv.com\/radiosite\/wp-json\/wp\/v2\/media?parent=31506"}],"wp:term":[{"taxonomy":"category","embeddable":true,"href":"https:\/\/www.iceagetv.com\/radiosite\/wp-json\/wp\/v2\/categories?post=31506"},{"taxonomy":"post_tag","embeddable":true,"href":"https:\/\/www.iceagetv.com\/radiosite\/wp-json\/wp\/v2\/tags?post=31506"}],"curies":[{"name":"wp","href":"https:\/\/api.w.org\/{rel}","templated":true}]}}