{"id":31529,"date":"2024-12-04T14:16:53","date_gmt":"2024-12-04T13:16:53","guid":{"rendered":"https:\/\/www.iceagetv.com\/radiosite\/?p=31529"},"modified":"2024-12-04T14:16:57","modified_gmt":"2024-12-04T13:16:57","slug":"drome-deux-pensionnaires-dun-ehpad-de-grane-ages-de-plus-de-85-ans-sont-decedes-apres-avoir-ingere-du-liquide-de-rincage-de-lave-vaisselle-indique-le-parquet-une-enquete-a-ete-ouverte","status":"publish","type":"post","link":"https:\/\/www.iceagetv.com\/radiosite\/drome-deux-pensionnaires-dun-ehpad-de-grane-ages-de-plus-de-85-ans-sont-decedes-apres-avoir-ingere-du-liquide-de-rincage-de-lave-vaisselle-indique-le-parquet-une-enquete-a-ete-ouverte\/","title":{"rendered":"Dr\u00f4me: Deux pensionnaires d\u2019un Ehpad de Gr\u00e2ne, \u00e2g\u00e9s de plus de 85 ans, sont d\u00e9c\u00e9d\u00e9s apr\u00e8s avoir ing\u00e9r\u00e9 du liquide de rin\u00e7age de lave-vaisselle, indique le parquet &#8211; Une enqu\u00eate a \u00e9t\u00e9 ouverte"},"content":{"rendered":"\n<p class=\"\">Deux pensionnaires d\u2019un Ehpad de Gr\u00e2ne, dans la Dr\u00f4me, \u00e2g\u00e9s de plus de 85 ans, sont d\u00e9c\u00e9d\u00e9s apr\u00e8s avoir ing\u00e9r\u00e9 du liquide de rin\u00e7age de lave-vaisselle, a indiqu\u00e9 le parquet.<\/p>\n\n\n\n<p class=\"\">Trois hommes \u00e2g\u00e9s de plus de 85 ans, r\u00e9sidents \u00e0 l\u2019Ehpad la Maison des Buis ont ing\u00e9r\u00e9 ce produit samedi dans des circonstances qui restent \u00e0 d\u00e9terminer, a indiqu\u00e9 \u00e0 l\u2019AFP le procureur de Valence Laurent de Caigny.<\/p>\n\n\n\n<p class=\"\">L\u2019un d\u2019eux est mort mardi dans la matin\u00e9e, selon le parquet, confirmant une information du Dauphin\u00e9 Lib\u00e9r\u00e9. Un premier r\u00e9sident \u00e9tait d\u00e9c\u00e9d\u00e9 lundi \u00e0 l\u2019h\u00f4pital, et un troisi\u00e8me est toujours en soins intensifs. Une quatri\u00e8me pensionnaire \u00e9tait bless\u00e9e plus l\u00e9g\u00e8rement, n\u2019ayant mis que le doigt dans le produit, selon cette m\u00eame source.<\/p>\n\n\n\n<p class=\"\">Une enqu\u00eate a \u00e9t\u00e9 ouverte pour blessures et homicide involontaire afin de d\u00e9terminer s\u2019il y a eu n\u00e9gligence de l\u2019\u00e9tablissement, un Ehpad priv\u00e9 de 48 chambres situ\u00e9 \u00e0 une vingtaine de kilom\u00e8tres au sud de Valence. La gendarmerie de Loriol est charg\u00e9e de l\u2019enqu\u00eate.<\/p>\n","protected":false},"excerpt":{"rendered":"<p>Deux pensionnaires d\u2019un Ehpad de Gr\u00e2ne, dans la Dr\u00f4me, \u00e2g\u00e9s de plus de 85 ans, sont d\u00e9c\u00e9d\u00e9s apr\u00e8s avoir ing\u00e9r\u00e9 du liquide de rin\u00e7age de lave-vaisselle, a indiqu\u00e9 le parquet. Trois hommes \u00e2g\u00e9s de plus de 85 ans, r\u00e9sidents \u00e0 l\u2019Ehpad la Maison des Buis ont ing\u00e9r\u00e9 ce produit samedi dans des circonstances qui restent [&hellip;]<\/p>\n","protected":false},"author":2,"featured_media":31530,"comment_status":"open","ping_status":"open","sticky":false,"template":"","format":"standard","meta":{"_jetpack_memberships_contains_paid_content":false,"footnotes":"","jetpack_publicize_message":"","jetpack_publicize_feature_enabled":true,"jetpack_social_post_already_shared":true,"jetpack_social_options":{"image_generator_settings":{"template":"highway","enabled":true,"token":"eyJpbWciOiJodHRwczpcL1wvd3d3LmljZWFnZXR2LmNvbVwvcmFkaW9zaXRlXC93cC1jb250ZW50XC91cGxvYWRzXC8yMDI0XC8xMlwvRGV1eC1wZW5zaW9ubmFpcmVzLWR1bi1FaHBhZC1kZS1HcmFuZS5qcGciLCJ0eHQiOiJEclx1MDBmNG1lOiBEZXV4IHBlbnNpb25uYWlyZXMgZFx1MjAxOXVuIEVocGFkIGRlIEdyXHUwMGUybmUsIFx1MDBlMmdcdTAwZTlzIGRlIHBsdXMgZGUgODUgYW5zLCBzb250IGRcdTAwZTljXHUwMGU5ZFx1MDBlOXMgYXByXHUwMGU4cyBhdm9pciBpbmdcdTAwZTlyXHUwMGU5IGR1IGxpcXVpZGUgZGUgcmluXHUwMGU3YWdlIGRlIGxhdmUtdmFpc3NlbGxlLCBpbmRpcXVlIGxlIHBhcnF1ZXQgJiM4MjExOyBVbmUgZW5xdVx1MDBlYXRlIGEgXHUwMGU5dFx1MDBlOSBvdXZlcnRlIiwidGVtcGxhdGUiOiJoaWdod2F5IiwiYmxvZ19pZCI6MTExMDE2NDYxfQ.061FkiE8lua3IwRtG908IUScmHuag7uJW4g1hvwSomIMQ"},"version":2},"_wpas_customize_per_network":false},"categories":[405],"tags":[],"class_list":["post-31529","post","type-post","status-publish","format-standard","has-post-thumbnail","hentry","category-actu-france-monde"],"jetpack_publicize_connections":[],"jetpack_featured_media_url":"https:\/\/i0.wp.com\/www.iceagetv.com\/radiosite\/wp-content\/uploads\/2024\/12\/Deux-pensionnaires-dun-Ehpad-de-Grane.jpg?fit=679%2C293&ssl=1","jetpack_sharing_enabled":true,"_links":{"self":[{"href":"https:\/\/www.iceagetv.com\/radiosite\/wp-json\/wp\/v2\/posts\/31529","targetHints":{"allow":["GET"]}}],"collection":[{"href":"https:\/\/www.iceagetv.com\/radiosite\/wp-json\/wp\/v2\/posts"}],"about":[{"href":"https:\/\/www.iceagetv.com\/radiosite\/wp-json\/wp\/v2\/types\/post"}],"author":[{"embeddable":true,"href":"https:\/\/www.iceagetv.com\/radiosite\/wp-json\/wp\/v2\/users\/2"}],"replies":[{"embeddable":true,"href":"https:\/\/www.iceagetv.com\/radiosite\/wp-json\/wp\/v2\/comments?post=31529"}],"version-history":[{"count":1,"href":"https:\/\/www.iceagetv.com\/radiosite\/wp-json\/wp\/v2\/posts\/31529\/revisions"}],"predecessor-version":[{"id":31531,"href":"https:\/\/www.iceagetv.com\/radiosite\/wp-json\/wp\/v2\/posts\/31529\/revisions\/31531"}],"wp:featuredmedia":[{"embeddable":true,"href":"https:\/\/www.iceagetv.com\/radiosite\/wp-json\/wp\/v2\/media\/31530"}],"wp:attachment":[{"href":"https:\/\/www.iceagetv.com\/radiosite\/wp-json\/wp\/v2\/media?parent=31529"}],"wp:term":[{"taxonomy":"category","embeddable":true,"href":"https:\/\/www.iceagetv.com\/radiosite\/wp-json\/wp\/v2\/categories?post=31529"},{"taxonomy":"post_tag","embeddable":true,"href":"https:\/\/www.iceagetv.com\/radiosite\/wp-json\/wp\/v2\/tags?post=31529"}],"curies":[{"name":"wp","href":"https:\/\/api.w.org\/{rel}","templated":true}]}}