{"id":3156,"date":"2015-10-23T08:28:36","date_gmt":"2015-10-23T08:28:36","guid":{"rendered":"http:\/\/www.iceagetv.com\/radiosite\/?p=3156"},"modified":"2015-10-23T12:09:18","modified_gmt":"2015-10-23T12:09:18","slug":"gironde-42-morts-dans-une-collision-entre-un-car-et-un-camion","status":"publish","type":"post","link":"https:\/\/www.iceagetv.com\/radiosite\/gironde-42-morts-dans-une-collision-entre-un-car-et-un-camion\/","title":{"rendered":"Gironde : Bilan d\u00e9finitif: 44 morts et 8 bless\u00e9s dans une collision entre un car et un camion pr\u00e8s de Libourne"},"content":{"rendered":"<p>\n\tC&#39;est une v&eacute;ritable catastrophe qui s&#39;est d&eacute;roul&eacute;e vendredi matin dans la r&eacute;gion de Libourne, en Aquitaine. Selon les pompiers, un accident tr&egrave;s grave impliquant un camion et un car a fait au moins 42 morts, pour la plupart des adultes. L&#39;accident a eu lieu sur la route d&eacute;partementale 123, &agrave; Puisseguin, pr&egrave;s de Libourne (Gironde). De nombreux passagers auraient perdu la vie, tout comme le conducteur du camion. Huit personnes auraient r&eacute;ussi &agrave; sortir du pi&egrave;ge du car en feu. La France n&#39;avait pas connu de tel accident depuis 1982.\n<\/p>\n<p>\n\t<strong>13h30:&nbsp;<\/strong>Les d&eacute;put&eacute;s ont observ&eacute; aujourd&#39;hui une minute de silence dans l&#39;h&eacute;micycle de l&#39;Assembl&eacute;e, apr&egrave;s l&#39;accident de car en Gironde.\n<\/p>\n<p>\n\t<strong>12h55: Nouveau bilan d&eacute;finitif: 44 morts et 8 bless&eacute;s &#8211; Aucun des bless&eacute;s n&#39;a son pronostic vital engag&eacute;&nbsp;<\/strong>\n<\/p>\n<p id=\"yui_3_9_1_1_1445600354263_951\">\n\t<strong>12h45:&nbsp;<\/strong>L&#39;accident &quot;doit nous interroger sur les choix politiques qui sont faits en mati&egrave;re d&#39;infrastructures&quot;, a estim&eacute; le d&eacute;put&eacute; &eacute;cologiste de Gironde No&euml;l Mam&egrave;re.\n<\/p>\n<p id=\"yui_3_9_1_1_1445600354263_933\">\n\t&quot;Pour ceux qui connaissent bien cet endroit, ce qui est mon cas, l&#39;endroit o&ugrave; a eu lieu l?accident, c&#39;est un virage extr&ecirc;mement dangereux qui est consid&eacute;r&eacute; comme tr&egrave;s accidentog&egrave;ne&quot;, a soulign&eacute; M. Mam&egrave;re sur iTELE.\n<\/p>\n<p>\n\t&quot;Ca doit nous interroger sur les choix politiques qui sont faits en mati&egrave;re d&#39;infrastructures&quot;.\n<\/p>\n<p>\n\t<strong>12h41: &quot;Quatre rescap&eacute;s sont dans un &eacute;tat particuli&egrave;rement grave&quot;, a indiqu&eacute; Manuel Valls<\/strong>\n<\/p>\n<p>\n\t<strong>12h25: Fran&ccedil;ois Hollande annonce qu&#39;il se rendra sur place &quot;le moment venu&quot;&nbsp;<\/strong>\n<\/p>\n<p>\n\t&quot;Moi-m&ecirc;me je me rendrai sur place le moment venu&quot;, a annonc&eacute; le chef de l&#39;Etat lors d&#39;une conf&eacute;rence de presse avec le Premier ministre grec, Alexis Tsipras.\n<\/p>\n<p>\n\tIl a dit &ecirc;tre en contact permanent avec Manuel Valls, qui se trouve sur place avec plusieurs ministres. &quot;D&egrave;s ce soir, nous prendrons les d&eacute;cisions qui seront n&eacute;cessaires&quot;, a ajout&eacute; Fran&ccedil;ois Hollande.\n<\/p>\n<p>\n\t<strong>11h50:&nbsp;<\/strong>&quot;Nous partageons le chagrin des familles des victimes, et voulons tout savoir sur les circonstances de ce drame&quot;, a expliqu&eacute; Fran&ccedil;ois Hollande\n<\/p>\n<p>\n\t<strong>11h48:&nbsp;<\/strong>Manuel Valls, Alain Vidalies et Bernard Cazeneuve sont arriv&eacute;s sur place&nbsp;\n<\/p>\n<p>\n\t<strong>11h45:&nbsp;<\/strong>Le chauffeur du car impliqu&eacute; dans l&#39;accident qui a fait 42 morts en Gironde est indemne, a annonc&eacute; vendredi le maire de Puisseguin, la commune o&ugrave; a eu lieu la collision.&nbsp;<br \/>\n\t&quot;Le chauffeur du bus est l&eacute;g&egrave;rement bless&eacute;. Il a eu le r&eacute;flexe salutaire d&#39;ouvrir les portes pour permettre au maximum de passagers de quitter le bus&quot;, a d&eacute;clar&eacute; le maire de Puisseguin, Xavier Stubblet, &agrave; des journalistes sur place.\n<\/p>\n<p>\n\t<strong>11h33:&nbsp;<\/strong>Les bless&eacute;s graves ont &eacute;t&eacute; transport&eacute;s au CHU de Bordeaux par h&eacute;licopt&egrave;re.\n<\/p>\n<p>\n\t<strong>11h29:&nbsp;<\/strong>Alain Jupp&eacute;, le maire de Bordeaux, est arriv&eacute; sur place&nbsp;\n<\/p>\n<p>\n\t<strong>11h27:&nbsp;<\/strong>&quot;Le chauffeur du camion aurait perdu le contr&ocirc;le de son v&eacute;hicule. Il a manqu&eacute; le virage&quot;, a expliqu&eacute; le maire de Puisseguin\n<\/p>\n<p>\n\t&quot;Il a tent&eacute; de l&#39;&eacute;viter mais le camion est venu le percuter et il n&#39;a rien pu faire &agrave; part activer le m&eacute;canisme d&#39;ouverture des portes pour permettre &agrave; quelques-uns de sortir, ce qui a &eacute;t&eacute; le cas&quot;.\n<\/p>\n<p>\n\t<strong>11h17:&nbsp;<\/strong>La gendarmerie indique que pr&egrave;s de 200 gendarmes sont mobilis&eacute;s pour s&eacute;curiser la zone et enqu&ecirc;ter.\n<\/p>\n<p>\n\t<strong>10h50:&nbsp;<\/strong>Un t&eacute;l&eacute;spectateur a envoy&eacute; &agrave; BFMTV une photo du lieu de l&#39;accident avec le car calcin&eacute;\n<\/p>\n<p>\n\t<br \/>\n\t10 h 01\n<\/p>\n<p>\n\tUne habitante, interrog&eacute;e cette fois-ci par i&gt;T&eacute;l&eacute;, donne un autre son de cloche. La collision s&#39;est d&eacute;roul&eacute;e au lieu-dit La Fontaine du Renard, dans un virage qu&#39;elle juge dangereux.\n<\/p>\n<p>\n\t09 h 58\n<\/p>\n<p>\n\tSelon Nicole Tapon, viticultrice &agrave; Mirande, contact&eacute;e par Le Point.fr : &quot;Mon domaine est &agrave; deux kilom&egrave;tres du lieu pr&eacute;cis de l&#39;accident. C&#39;est une petite route qui n&#39;est pas particuli&egrave;rement connue pour sa dangerosit&eacute;. Par contre, hier il faisait tr&egrave;s sec, et il y a eu un crachin. Ce pourrait &ecirc;tre une des explications : peut-&ecirc;tre la route &eacute;tait-elle glissante. La route &eacute;tait peut-&ecirc;tre &eacute;galement endommag&eacute;e apr&egrave;s les vendanges et le passage des tracteurs. Elle n&#39;avait pas encore &eacute;t&eacute; r&eacute;par&eacute;e&quot;, a-t-elle dit. Avant d&#39;ajouter : &quot;Nous entendons les sir&egrave;nes hurler. Tout le monde, ici, se sent concern&eacute; et se mobilise.&quot;\n<\/p>\n<p>\n\t09 h 56\n<\/p>\n<p>\n\tL&#39;accident s&#39;est d&eacute;roul&eacute; sur la d&eacute;partementale 123 &agrave; hauteur de Puisseguin.\n<\/p>\n<p>\n\t&nbsp;\n<\/p>\n<p>\n\t09 h 54\n<\/p>\n<p>\n\tCe sont plus de soixante-dix pompiers qui sont sur place pour porter secours aux victimes. Vingt et un v&eacute;hicules ont &eacute;galement &eacute;t&eacute; d&eacute;ploy&eacute;s, selon BFM TV.\n<\/p>\n<p>\n\t09 h 53\n<\/p>\n<p>\n\tManuel Valls, Bernard Cazeneuve et Alain Vidalies se rendent sur place, tout comme Alain Jupp&eacute;, maire de Bordeaux.\n<\/p>\n<p>\n\t09 h 46&nbsp;&#8211; Fran&ccedil;ois Hollande a r&eacute;agi au drame sur iT&eacute;l&eacute;\n<\/p>\n<p>\n\t09 h 44&nbsp;&#8211; R&eacute;action de Nathalie Kosciusko-Morizet, d&eacute;put&eacute;e LR\n<\/p>\n<p>\n\t09 h 42&nbsp;&#8211; R&eacute;action d&#39;Alexis Bachelay, d&eacute;put&eacute; PS\n<\/p>\n<p>\n\t09 h 39\n<\/p>\n<p>\n\tLe pr&eacute;fet de la r&eacute;gion Aquitaine et pr&eacute;fet de la Gironde, Pierre Dartout, s&#39;est imm&eacute;diatement rendu sur place pour coordonner les secours, la pr&eacute;fecture ayant mis en place une cellule de crise. Cinq passagers du car, qui ont r&eacute;ussi &agrave; sortir du pi&egrave;ge du brasier, sont l&eacute;g&egrave;rement bless&eacute;s.&nbsp;\n<\/p>\n<p>\n\t09 h 36\n<\/p>\n<p>\n\tSelon&nbsp;Sud-Ouest, un nouveau bilan fait &eacute;tat de 49 morts et cinq bless&eacute;s l&eacute;ger. Trois personnes sont indemnes.\n<\/p>\n<p>\n\t09 h 33\n<\/p>\n<p>\n\tLes enqu&ecirc;teurs de la gendarmerie sont sur place pour d&eacute;terminer les circonstances du drame. Un h&eacute;licopt&egrave;re a &eacute;galement &eacute;t&eacute; engag&eacute;.\n<\/p>\n<p>\n\t09 h 28\n<\/p>\n<p>\n\tLe pr&eacute;sident de la R&eacute;publique Fran&ccedil;ois Hollande a pris la parole : &quot;Le gouvernement fran&ccedil;ais est totalement mobilis&eacute; sur cette terrible trag&eacute;die&quot;, a-t-il dit.\n<\/p>\n<p>\n\t09 h 26\n<\/p>\n<p>\n\tLe car &eacute;tait parti de la commune de Petit-Palais. Les victimes seraient originaires de la r&eacute;gion, selon&nbsp;Sud-Ouest.\n<\/p>\n<p>\n\t09 h 16\n<\/p>\n<p>\n\tL&#39;accident de bus qui s&#39;est produit ce matin est le pire depuis le 31 juillet 1982 &agrave; Beaune (C&ocirc;te-d&#39;Or). &Agrave; l&#39;&eacute;poque, 53 personnes avaient perdu la vie, dont 44 enfants de 6 &agrave; 15 ans, dans un autocar, tous originaires d&#39;une petite commune de l&#39;Oise.\n<\/p>\n<p>\n\t09 h 12\n<\/p>\n<p>\n\tUn nouveau bilan de la pr&eacute;fecture de Gironde fait &eacute;tat de 42 morts et 8 bless&eacute;s.\n<\/p>\n<p>\n\t09 h 09\n<\/p>\n<p>\n\tLibourne se situe en Gironde, dans la r&eacute;gion Aquitaine.\n<\/p>\n<p>\n\t09 h 04\n<\/p>\n<p>\n\tLes deux v&eacute;hicules se sont embras&eacute;s imm&eacute;diatement sous la violence du choc,selon le quotidien r&eacute;gional&nbsp;Sud-Ouest&nbsp;. Selon le journal, les passagers du bus seraient des personnes du troisi&egrave;me &acirc;ge qui partaient en voyage. Plus de 60 pompiers seraient mobilis&eacute;s.\n<\/p>\n<p>\n\t07 h 30\n<\/p>\n<p>\n\tUn accident de la route vient d&#39;avoir lieu &agrave; Libourne. Le premier bilan &eacute;voque plus de 30 morts. Les secours sont sur place.<\/p>\n","protected":false},"excerpt":{"rendered":"<p>C&#39;est une v&eacute;ritable catastrophe qui s&#39;est d&eacute;roul&eacute;e vendredi matin dans la r&eacute;gion de Libourne, en Aquitaine. Selon les pompiers, un accident tr&egrave;s grave impliquant un camion et un car a fait au moins 42 morts, pour la plupart des adultes. L&#39;accident a eu lieu sur la route d&eacute;partementale 123, &agrave; Puisseguin, pr&egrave;s de Libourne (Gironde). [&hellip;]<\/p>\n","protected":false},"author":2,"featured_media":3157,"comment_status":"open","ping_status":"open","sticky":false,"template":"","format":"standard","meta":{"_jetpack_memberships_contains_paid_content":false,"footnotes":"","jetpack_publicize_message":"","jetpack_publicize_feature_enabled":true,"jetpack_social_post_already_shared":false,"jetpack_social_options":{"image_generator_settings":{"template":"highway","default_image_id":0,"font":"","enabled":false},"version":2},"_wpas_customize_per_network":false},"categories":[405],"tags":[712],"class_list":["post-3156","post","type-post","status-publish","format-standard","has-post-thumbnail","hentry","category-actu-france-monde","tag-gironde"],"jetpack_publicize_connections":[],"jetpack_featured_media_url":"https:\/\/i0.wp.com\/www.iceagetv.com\/radiosite\/wp-content\/uploads\/2015\/10\/accident-libourne-de-car.jpg?fit=2000%2C1416&ssl=1","jetpack_sharing_enabled":true,"_links":{"self":[{"href":"https:\/\/www.iceagetv.com\/radiosite\/wp-json\/wp\/v2\/posts\/3156","targetHints":{"allow":["GET"]}}],"collection":[{"href":"https:\/\/www.iceagetv.com\/radiosite\/wp-json\/wp\/v2\/posts"}],"about":[{"href":"https:\/\/www.iceagetv.com\/radiosite\/wp-json\/wp\/v2\/types\/post"}],"author":[{"embeddable":true,"href":"https:\/\/www.iceagetv.com\/radiosite\/wp-json\/wp\/v2\/users\/2"}],"replies":[{"embeddable":true,"href":"https:\/\/www.iceagetv.com\/radiosite\/wp-json\/wp\/v2\/comments?post=3156"}],"version-history":[{"count":3,"href":"https:\/\/www.iceagetv.com\/radiosite\/wp-json\/wp\/v2\/posts\/3156\/revisions"}],"predecessor-version":[{"id":3163,"href":"https:\/\/www.iceagetv.com\/radiosite\/wp-json\/wp\/v2\/posts\/3156\/revisions\/3163"}],"wp:featuredmedia":[{"embeddable":true,"href":"https:\/\/www.iceagetv.com\/radiosite\/wp-json\/wp\/v2\/media\/3157"}],"wp:attachment":[{"href":"https:\/\/www.iceagetv.com\/radiosite\/wp-json\/wp\/v2\/media?parent=3156"}],"wp:term":[{"taxonomy":"category","embeddable":true,"href":"https:\/\/www.iceagetv.com\/radiosite\/wp-json\/wp\/v2\/categories?post=3156"},{"taxonomy":"post_tag","embeddable":true,"href":"https:\/\/www.iceagetv.com\/radiosite\/wp-json\/wp\/v2\/tags?post=3156"}],"curies":[{"name":"wp","href":"https:\/\/api.w.org\/{rel}","templated":true}]}}