{"id":31568,"date":"2024-12-05T20:24:39","date_gmt":"2024-12-05T19:24:39","guid":{"rendered":"https:\/\/www.iceagetv.com\/radiosite\/?p=31568"},"modified":"2024-12-05T20:24:42","modified_gmt":"2024-12-05T19:24:42","slug":"emmanuel-macron-ma-decision-de-dissoudre-na-pas-ete-comprise-mais-vous-avez-pris-votre-responsabilite-en-votant-mon-mandat-est-de-5-ans-et-jirai-jusquau-bout-un-premier-ministre-sera-no","status":"publish","type":"post","link":"https:\/\/www.iceagetv.com\/radiosite\/emmanuel-macron-ma-decision-de-dissoudre-na-pas-ete-comprise-mais-vous-avez-pris-votre-responsabilite-en-votant-mon-mandat-est-de-5-ans-et-jirai-jusquau-bout-un-premier-ministre-sera-no\/","title":{"rendered":"Emmanuel Macron : \u00ab\u00a0Ma d\u00e9cision de dissoudre n&rsquo;a pas \u00e9t\u00e9 comprise, mais vous avez pris votre responsabilit\u00e9 en votant &#8211; Mon mandat est de 5 ans et j&rsquo;irai jusqu&rsquo;au bout &#8211; Un premier ministre sera nomm\u00e9 dans les prochains jours\u00a0\u00bb"},"content":{"rendered":"\n<p class=\"\"><strong>&nbsp;<\/strong>Il est 20h et le Pr\u00e9sident de la R\u00e9publique prend la parole sur toutes les cha\u00eenes de t\u00e9l\u00e9 pour s&rsquo;adresser aux Fran\u00e7ais :<\/p>\n\n\n\n<p class=\"\">\u00ab\u00a0Je veux ici remercier Michel Barnier&nbsp;\u00bb,&nbsp;commence le chef de l\u2019Etat,&nbsp;\u00ab&nbsp;pour le travail qu\u2019il a accompli pour notre pays, pour son d\u00e9vouement et pour sa pugnacit\u00e9.&nbsp;La dissolution de l&rsquo;Assembl\u00e9e le 9 juillet dernier \u00e9tait in\u00e9luctable. Mais cette d\u00e9cision n&rsquo;a pas \u00e9t\u00e9 comprise. Mais vous avez pris votre responsabilit\u00e9.. Je n&rsquo;assumerais jamais l&rsquo;irresponsabilit\u00e9 des autres.<\/p>\n\n\n\n<p class=\"\">Hier, le gouvernement a \u00e9t\u00e9 censur\u00e9, ce qui est in\u00e9dit depuis soixante ans, parce que&nbsp;<strong>l&rsquo;extr\u00eame droite et l&rsquo;extr\u00eame gauche se sont unies dans un front antir\u00e9publicain.<\/strong>&nbsp;Je sais bien que certains sont tent\u00e9s de me rendre responsable de cette situation. C\u2019est beaucoup plus confortable<\/p>\n\n\n\n<p class=\"\"><strong>Le RN a choisi le d\u00e9sordre<\/strong>, c&rsquo;est la seule chose qui les uni avec l&rsquo;extr\u00eame gauche, car ils ne pensent qu&rsquo;\u00e0 l&rsquo;\u00e9lection pr\u00e9sidentielle pour la pr\u00e9parer et la provoquer.&nbsp;<strong>Le mandat que vous m&rsquo;avez confi\u00e9 est de 5 ans et je l&rsquo;exercerai jusqu&rsquo;\u00e0 son terme.<\/strong>&nbsp;Ma responsabilit\u00e9 exige de veiller \u00e0 la continuit\u00e9 de l\u2019Etat, au bon fonctionnement de nos institutions, \u00e0 l\u2019ind\u00e9pendance de notre pays et \u00e0 votre protection \u00e0 tous&nbsp;<\/p>\n\n\n\n<p class=\"\">Le seul calendrier qui m&rsquo;importe, c&rsquo;est celui de notre nation. Nous avons devant nous trente mois pour que le gouvernement puisse agir.<\/p>\n\n\n\n<p class=\"\">Une loi sp\u00e9ciale sera d\u00e9pos\u00e9e avant la mi-d\u00e9cembre au Parlement et cette loi temporaire permettra, comme c\u2019est pr\u00e9vu d\u2019ailleurs par notre Constitution, la continuit\u00e9 des services publics et de la vie du pays. Elle appliquera pour 2025 les choix de 2024, et je compte bien qu\u2019une majorit\u00e9 puisse se d\u00e9gager pour l\u2019adopter au Parlement.<\/p>\n\n\n\n<p class=\"\">Il faut reb\u00e2tir la nation partout o\u00f9 il y a des emportements, de l\u2019insulte, remettre de la sagesse et partout o\u00f9 il y a de la division, vouloir l\u2019unit\u00e9 partout o\u00f9 les uns c\u00e8dent \u00e0 l\u2019angoisse, vouloir l\u2019esp\u00e9rance.\u00a0\u00bb<\/p>\n","protected":false},"excerpt":{"rendered":"<p>&nbsp;Il est 20h et le Pr\u00e9sident de la R\u00e9publique prend la parole sur toutes les cha\u00eenes de t\u00e9l\u00e9 pour s&rsquo;adresser aux Fran\u00e7ais : \u00ab\u00a0Je veux ici remercier Michel Barnier&nbsp;\u00bb,&nbsp;commence le chef de l\u2019Etat,&nbsp;\u00ab&nbsp;pour le travail qu\u2019il a accompli pour notre pays, pour son d\u00e9vouement et pour sa pugnacit\u00e9.&nbsp;La dissolution de l&rsquo;Assembl\u00e9e le 9 juillet dernier [&hellip;]<\/p>\n","protected":false},"author":2,"featured_media":31569,"comment_status":"open","ping_status":"open","sticky":false,"template":"","format":"standard","meta":{"_jetpack_memberships_contains_paid_content":false,"footnotes":"","jetpack_publicize_message":"","jetpack_publicize_feature_enabled":true,"jetpack_social_post_already_shared":true,"jetpack_social_options":{"image_generator_settings":{"template":"highway","enabled":true,"token":"eyJpbWciOiJodHRwczpcL1wvd3d3LmljZWFnZXR2LmNvbVwvcmFkaW9zaXRlXC93cC1jb250ZW50XC91cGxvYWRzXC8yMDI0XC8xMlwvODVtMDB3S18uanBnIiwidHh0IjoiRW1tYW51ZWwgTWFjcm9uIDogJiM4MjIwO01hIGRcdTAwZTljaXNpb24gZGUgZGlzc291ZHJlIG4mIzgyMTc7YSBwYXMgXHUwMGU5dFx1MDBlOSBjb21wcmlzZSwgbWFpcyB2b3VzIGF2ZXogcHJpcyB2b3RyZSByZXNwb25zYWJpbGl0XHUwMGU5IGVuIHZvdGFudCAmIzgyMTE7IE1vbiBtYW5kYXQgZXN0IGRlIDUgYW5zIGV0IGomIzgyMTc7aXJhaSBqdXNxdSYjODIxNzthdSBib3V0ICYjODIxMTsgVW4gcHJlbWllciBtaW5pc3RyZSBzZXJhIG5vbW1cdTAwZTkgZGFucyBsZXMgcHJvY2hhaW5zIGpvdXJzJiM4MjIxOyIsInRlbXBsYXRlIjoiaGlnaHdheSIsImJsb2dfaWQiOjExMTAxNjQ2MX0.NY17yGBRcYx0dE9YzquzzMChUq713r_EuSapR4p5tzwMQ"},"version":2},"_wpas_customize_per_network":false},"categories":[405],"tags":[],"class_list":["post-31568","post","type-post","status-publish","format-standard","has-post-thumbnail","hentry","category-actu-france-monde"],"jetpack_publicize_connections":[],"jetpack_featured_media_url":"https:\/\/i0.wp.com\/www.iceagetv.com\/radiosite\/wp-content\/uploads\/2024\/12\/85m00wK_.jpg?fit=679%2C293&ssl=1","jetpack_sharing_enabled":true,"_links":{"self":[{"href":"https:\/\/www.iceagetv.com\/radiosite\/wp-json\/wp\/v2\/posts\/31568","targetHints":{"allow":["GET"]}}],"collection":[{"href":"https:\/\/www.iceagetv.com\/radiosite\/wp-json\/wp\/v2\/posts"}],"about":[{"href":"https:\/\/www.iceagetv.com\/radiosite\/wp-json\/wp\/v2\/types\/post"}],"author":[{"embeddable":true,"href":"https:\/\/www.iceagetv.com\/radiosite\/wp-json\/wp\/v2\/users\/2"}],"replies":[{"embeddable":true,"href":"https:\/\/www.iceagetv.com\/radiosite\/wp-json\/wp\/v2\/comments?post=31568"}],"version-history":[{"count":1,"href":"https:\/\/www.iceagetv.com\/radiosite\/wp-json\/wp\/v2\/posts\/31568\/revisions"}],"predecessor-version":[{"id":31570,"href":"https:\/\/www.iceagetv.com\/radiosite\/wp-json\/wp\/v2\/posts\/31568\/revisions\/31570"}],"wp:featuredmedia":[{"embeddable":true,"href":"https:\/\/www.iceagetv.com\/radiosite\/wp-json\/wp\/v2\/media\/31569"}],"wp:attachment":[{"href":"https:\/\/www.iceagetv.com\/radiosite\/wp-json\/wp\/v2\/media?parent=31568"}],"wp:term":[{"taxonomy":"category","embeddable":true,"href":"https:\/\/www.iceagetv.com\/radiosite\/wp-json\/wp\/v2\/categories?post=31568"},{"taxonomy":"post_tag","embeddable":true,"href":"https:\/\/www.iceagetv.com\/radiosite\/wp-json\/wp\/v2\/tags?post=31568"}],"curies":[{"name":"wp","href":"https:\/\/api.w.org\/{rel}","templated":true}]}}