{"id":31571,"date":"2024-12-06T08:33:16","date_gmt":"2024-12-06T07:33:16","guid":{"rendered":"https:\/\/www.iceagetv.com\/radiosite\/?p=31571"},"modified":"2024-12-06T08:33:20","modified_gmt":"2024-12-06T07:33:20","slug":"nouveau-camouflet-pour-emmanuel-macron-la-presidente-de-la-commission-europeenne-ursula-von-der-leyen-devrait-signer-aujourdhui-le-mercosur-malgre-lopposition-affichee-du-president-francais","status":"publish","type":"post","link":"https:\/\/www.iceagetv.com\/radiosite\/nouveau-camouflet-pour-emmanuel-macron-la-presidente-de-la-commission-europeenne-ursula-von-der-leyen-devrait-signer-aujourdhui-le-mercosur-malgre-lopposition-affichee-du-president-francais\/","title":{"rendered":"Nouveau camouflet pour Emmanuel Macron : La pr\u00e9sidente de la commission europ\u00e9enne Ursula von der Leyen devrait signer aujourd&rsquo;hui le Mercosur, malgr\u00e9 l&rsquo;opposition affich\u00e9e du Pr\u00e9sident Fran\u00e7ais"},"content":{"rendered":"\n<p class=\"\">Nouveau camouflet pour Emmanuel Macron : Ursula von der Leyen est arriv\u00e9e en Am\u00e9rique latine pour signer le Maercosur malgr\u00e9 l&rsquo;opposition affich\u00e9e du Pr\u00e9sident Fran\u00e7ais, marquant ainsi la perte d&rsquo;influence de la France en Europe. La crainte de voir l\u2019accord de libre-\u00e9change en partie scell\u00e9 monte c\u00f4t\u00e9 fran\u00e7ais, alors qu\u2019Ursula von der Leyen, la pr\u00e9sidente de la Commission europ\u00e9enne.&nbsp;&nbsp;<\/p>\n\n\n\n<p class=\"\">Une source diplomatique fran\u00e7aise a estim\u00e9 aupr\u00e8s de l&rsquo;AFP que la pr\u00e9sidente de la Commission \u00ab\u00a0prend une responsabilit\u00e9 et un risque\u00a0\u00bb si elle conclut les n\u00e9gociations. \u00ab\u00a0Le contenu final de l&rsquo;accord n\u00e9goci\u00e9 n&rsquo;a encore \u00e9t\u00e9 pr\u00e9sent\u00e9 \u00e0 aucun \u00c9tat membre\u00a0\u00bb de l&rsquo;UE, a ajout\u00e9 cette source. La Commission \u00ab\u00a0devra juridiquement obtenir l&rsquo;accord du Conseil\u00a0\u00bb, qui r\u00e9unit les chefs d&rsquo;\u00c9tat ou de gouvernement des Vingt-Sept, \u00ab\u00a0pour \u00eatre autoris\u00e9e \u00e0 le signer\u00a0\u00bb.<\/p>\n\n\n\n<p class=\"\">La&nbsp;Commission europ\u00e9enne est pourtant seule n\u00e9gociatrice&nbsp;des accords commerciaux en vertu des trait\u00e9s sur l&rsquo;Union europ\u00e9enne, apr\u00e8s en avoir re\u00e7u mandat par les \u00c9tats membres.<\/p>\n\n\n\n<p class=\"\">Selon l&rsquo;UE \u00e0 Montevideo, elle donnera vendredi (09H30 locales, 12H30 GMT) une conf\u00e9rence de presse conjointe avec les pr\u00e9sidents de l&rsquo;Argentine, du Br\u00e9sil, du Paraguay et de l&rsquo;Uruguay, membres fondateurs du Mercosur.<\/p>\n\n\n\n<p class=\"\">Le mandat obtenu par la Commission ne peut en principe pas \u00eatre modifi\u00e9 en cours de discussions, a rappel\u00e9 cette semaine la pr\u00e9sidence hongroise du Conseil de l&rsquo;Union europ\u00e9enne, qui regroupe les Vingt-Sept au niveau minist\u00e9riel. Une fois que la Commission juge que la n\u00e9gociation est termin\u00e9e avec le Mercosur, elle met un projet de texte sur la table du Conseil pour accord.<\/p>\n\n\n\n<p class=\"\">Le projet de trait\u00e9, discut\u00e9 depuis 1999, vise \u00e0 supprimer la majorit\u00e9 des droits de douane entre l&rsquo;Union europ\u00e9enne et le Mercosur, qui comprend le Br\u00e9sil, l&rsquo;Argentine, le Paraguay, l&rsquo;Uruguay et la Bolivie, afin de cr\u00e9er un vaste march\u00e9 de plus de 700 millions de consommateurs. Il s&rsquo;agirait du \u00ab\u00a0plus grand partenariat commercial et d&rsquo;investissement jamais vu. Les deux r\u00e9gions en tireront profit\u00a0\u00bb, a affirm\u00e9 la pr\u00e9sidente de la Commission europ\u00e9enne.<\/p>\n","protected":false},"excerpt":{"rendered":"<p>Nouveau camouflet pour Emmanuel Macron : Ursula von der Leyen est arriv\u00e9e en Am\u00e9rique latine pour signer le Maercosur malgr\u00e9 l&rsquo;opposition affich\u00e9e du Pr\u00e9sident Fran\u00e7ais, marquant ainsi la perte d&rsquo;influence de la France en Europe. La crainte de voir l\u2019accord de libre-\u00e9change en partie scell\u00e9 monte c\u00f4t\u00e9 fran\u00e7ais, alors qu\u2019Ursula von der Leyen, la pr\u00e9sidente [&hellip;]<\/p>\n","protected":false},"author":2,"featured_media":31572,"comment_status":"open","ping_status":"open","sticky":false,"template":"","format":"standard","meta":{"_jetpack_memberships_contains_paid_content":false,"footnotes":"","jetpack_publicize_message":"","jetpack_publicize_feature_enabled":true,"jetpack_social_post_already_shared":true,"jetpack_social_options":{"image_generator_settings":{"template":"highway","enabled":true,"token":"eyJpbWciOiJodHRwczpcL1wvd3d3LmljZWFnZXR2LmNvbVwvcmFkaW9zaXRlXC93cC1jb250ZW50XC91cGxvYWRzXC8yMDI0XC8xMlwvUkZHUVZBdGYuanBnIiwidHh0IjoiTm91dmVhdSBjYW1vdWZsZXQgcG91ciBFbW1hbnVlbCBNYWNyb24gOiBMYSBwclx1MDBlOXNpZGVudGUgZGUgbGEgY29tbWlzc2lvbiBldXJvcFx1MDBlOWVubmUgVXJzdWxhIHZvbiBkZXIgTGV5ZW4gZGV2cmFpdCBzaWduZXIgYXVqb3VyZCYjODIxNztodWkgbGUgTWVyY29zdXIsIG1hbGdyXHUwMGU5IGwmIzgyMTc7b3Bwb3NpdGlvbiBhZmZpY2hcdTAwZTllIGR1IFByXHUwMGU5c2lkZW50IEZyYW5cdTAwZTdhaXMiLCJ0ZW1wbGF0ZSI6ImhpZ2h3YXkiLCJibG9nX2lkIjoxMTEwMTY0NjF9._2Rdr7K3JFhvXidSlWpTbmWlCfrQYxZ3V5-nSGst-NwMQ"},"version":2},"_wpas_customize_per_network":false},"categories":[405],"tags":[],"class_list":["post-31571","post","type-post","status-publish","format-standard","has-post-thumbnail","hentry","category-actu-france-monde"],"jetpack_publicize_connections":[],"jetpack_featured_media_url":"https:\/\/i0.wp.com\/www.iceagetv.com\/radiosite\/wp-content\/uploads\/2024\/12\/RFGQVAtf.jpg?fit=679%2C293&ssl=1","jetpack_sharing_enabled":true,"_links":{"self":[{"href":"https:\/\/www.iceagetv.com\/radiosite\/wp-json\/wp\/v2\/posts\/31571","targetHints":{"allow":["GET"]}}],"collection":[{"href":"https:\/\/www.iceagetv.com\/radiosite\/wp-json\/wp\/v2\/posts"}],"about":[{"href":"https:\/\/www.iceagetv.com\/radiosite\/wp-json\/wp\/v2\/types\/post"}],"author":[{"embeddable":true,"href":"https:\/\/www.iceagetv.com\/radiosite\/wp-json\/wp\/v2\/users\/2"}],"replies":[{"embeddable":true,"href":"https:\/\/www.iceagetv.com\/radiosite\/wp-json\/wp\/v2\/comments?post=31571"}],"version-history":[{"count":1,"href":"https:\/\/www.iceagetv.com\/radiosite\/wp-json\/wp\/v2\/posts\/31571\/revisions"}],"predecessor-version":[{"id":31573,"href":"https:\/\/www.iceagetv.com\/radiosite\/wp-json\/wp\/v2\/posts\/31571\/revisions\/31573"}],"wp:featuredmedia":[{"embeddable":true,"href":"https:\/\/www.iceagetv.com\/radiosite\/wp-json\/wp\/v2\/media\/31572"}],"wp:attachment":[{"href":"https:\/\/www.iceagetv.com\/radiosite\/wp-json\/wp\/v2\/media?parent=31571"}],"wp:term":[{"taxonomy":"category","embeddable":true,"href":"https:\/\/www.iceagetv.com\/radiosite\/wp-json\/wp\/v2\/categories?post=31571"},{"taxonomy":"post_tag","embeddable":true,"href":"https:\/\/www.iceagetv.com\/radiosite\/wp-json\/wp\/v2\/tags?post=31571"}],"curies":[{"name":"wp","href":"https:\/\/api.w.org\/{rel}","templated":true}]}}