{"id":31611,"date":"2024-12-07T13:09:39","date_gmt":"2024-12-07T12:09:39","guid":{"rendered":"https:\/\/www.iceagetv.com\/radiosite\/?p=31611"},"modified":"2024-12-07T13:09:44","modified_gmt":"2024-12-07T12:09:44","slug":"le-concert-de-la-reouverture-de-notre-dame-de-paris-completement-chamboule-pourquoi-france-2-a-du-tout-changer-a-quelques-heures-de-la-diffusion","status":"publish","type":"post","link":"https:\/\/www.iceagetv.com\/radiosite\/le-concert-de-la-reouverture-de-notre-dame-de-paris-completement-chamboule-pourquoi-france-2-a-du-tout-changer-a-quelques-heures-de-la-diffusion\/","title":{"rendered":"Le concert de la r\u00e9ouverture de Notre-Dame de Paris compl\u00e8tement chamboul\u00e9, pourquoi France 2 a d\u00fb tout changer \u00e0 quelques heures de la diffusion"},"content":{"rendered":"\n<p class=\"\">C&rsquo;est l&rsquo;\u00e9v\u00e9nement de ce week-end : la r\u00e9ouverture de la cath\u00e9drale Notre-Dame de Paris. Ce samedi 7 d\u00e9cembre, un grand concert devait avoir lieu sur le parvis pour \u00eatre retransmis sur France 2. Mais la cha\u00eene a d\u00fb radicalement changer ses plans \u00e0 quelques heures de la diffusion.<\/p>\n\n\n\n<p class=\"\">Tous les regards seront tourn\u00e9s vers Paris ce week-end. Apr\u00e8s cinq ans de travaux, la cath\u00e9drale Notre-Dame de Paris rouvre enfin ses portes au public. La c\u00e9r\u00e9monie de r\u00e9ouverture, pr\u00e9vue ce samedi 7 d\u00e9cembre, se d\u00e9roulera sous l&rsquo;\u0153il attentif d&rsquo;une cinquantaine de chefs d&rsquo;\u00c9tat et de gouvernements \u00e9trangers. Le pr\u00e9sident ukrainien Volodymyr Zelensky sera pr\u00e9sent, tout comme l&rsquo;\u00e9pouse de Joe Biden, Jill Biden, et Donald Trump, fra\u00eechement r\u00e9\u00e9lu pr\u00e9sident des \u00c9tats-Unis. Si l&rsquo;\u00e9v\u00e9nement s&rsquo;annonce d&rsquo;ores et d\u00e9j\u00e0 grandiose, la m\u00e9t\u00e9o capricieuse a provoqu\u00e9 un sacr\u00e9 chamboulement dans son organisation.<\/p>\n\n\n\n<h2 class=\"wp-block-heading\" id=\"d082i\"><strong>La temp\u00eate Darragh emp\u00eache la retransmission en direct du concert de la r\u00e9ouverture de Notre-Dame<\/strong><\/h2>\n\n\n\n<p class=\"\">La pluie et les fortes rafales de vent annonc\u00e9es pour ce samedi soir ont men\u00e9 France 2 \u00e0 enregistrer, dans l&rsquo;urgence, le concert de la r\u00e9ouverture de Notre-Dame dans la soir\u00e9e du vendredi 6 d\u00e9cembre et dans les conditions du direct. Sous le regard des passants, plusieurs artistes, dont le chanteur am\u00e9ricain Pharrell Williams et Garou, ont \u00e9t\u00e9 vus en train d&rsquo;enregistrer leurs performances qui appara\u00eetront donc en diff\u00e9r\u00e9 sur nos \u00e9crans de t\u00e9l\u00e9vision. L&rsquo;\u00c9lys\u00e9e et le dioc\u00e8se de Paris ont indiqu\u00e9 dans un communiqu\u00e9 commun que l&rsquo;int\u00e9gralit\u00e9 de la c\u00e9r\u00e9monie de r\u00e9ouverture se d\u00e9roulera\u00a0<em>\u00ab\u00a0\u00e0 l&rsquo;int\u00e9rieur de la cath\u00e9drale\u00a0\u00bb\u00a0<\/em>en raison des mauvaises conditions climatiques et de l&rsquo;arriv\u00e9e de la temp\u00eate Darragh.<strong>R\u00e9ouverture de Notre-Dame : le programme d\u00e9taill\u00e9 de ce week-end historique<\/strong><\/p>\n\n\n\n<p class=\"\">Ce changement de derni\u00e8re minute n&#8217;emp\u00eachera n\u00e9anmoins pas les t\u00e9l\u00e9spectateurs de prendre part \u00e0 ce week-end qui s&rsquo;annonce d\u00e9j\u00e0 historique.&nbsp;<a href=\"https:\/\/www.programme-tv.net\/news\/evenement\/jo-2024-jo-2024\/357397-jo-2024-50-heures-de-direct-3-chaines-dediees-consultants-prestigieux-le-dispositif-hors-normes-de-france-televisions\/\">\u00c0 l&rsquo;image des Jeux olympiques<\/a>, France T\u00e9l\u00e9visions&nbsp;<a href=\"https:\/\/www.programme-tv.net\/news\/tv\/366300-deprogrammation-de-tout-le-monde-veut-prendre-sa-place-et-affaire-conclue-france-2-bouleverse-sa-grille-ce-samedi-7-decembre\/\">a chamboul\u00e9 la grille de ses programmes<\/a>&nbsp;pour proposer un dispositif exceptionnel en direct depuis le parvis de Notre-Dame avec&nbsp;<em>T\u00e9l\u00e9matin<\/em>, des \u00e9missions sp\u00e9ciales et les journaux t\u00e9l\u00e9vis\u00e9s de 13h et 20h. L&rsquo;ouverture des portes de la cath\u00e9drale se fera \u00e0 19h apr\u00e8s l&rsquo;arriv\u00e9e des chefs d&rsquo;\u00c9tat et de gouvernement ainsi que de l&rsquo;archev\u00eaque de Paris, Laurent Ulrich. Apr\u00e8s la lecture d&rsquo;un po\u00e8me de Louis Aragon, Emmanuel Macron&nbsp;<em>\u00ab\u00a0s&rsquo;adressera \u00e0 tous les Fran\u00e7ais\u00a0\u00bb<\/em>&nbsp;lors d&rsquo;un&nbsp;<em>\u00ab\u00a0bref\u00a0\u00bb&nbsp;<\/em>discours. Apr\u00e8s une c\u00e9r\u00e9monie religieuse, le grand concert sera diffus\u00e9 sur France 2. Les t\u00e9l\u00e9spectateurs auront enfin l&rsquo;occasion de d\u00e9couvrir les prestations de Clara Luciani, Vianney, Garou ou encore de la star franco-b\u00e9ninoise Ang\u00e9lique Kidjo. Le lendemain du concert, Emmanuel Macron assistera \u00e0 la premi\u00e8re messe qui se d\u00e9roulera le dimanche matin, \u00e0 10h30 en pr\u00e9sence de chefs d&rsquo;\u00c9tat et de gouvernements \u00e9trangers.<\/p>\n","protected":false},"excerpt":{"rendered":"<p>C&rsquo;est l&rsquo;\u00e9v\u00e9nement de ce week-end : la r\u00e9ouverture de la cath\u00e9drale Notre-Dame de Paris. Ce samedi 7 d\u00e9cembre, un grand concert devait avoir lieu sur le parvis pour \u00eatre retransmis sur France 2. Mais la cha\u00eene a d\u00fb radicalement changer ses plans \u00e0 quelques heures de la diffusion. Tous les regards seront tourn\u00e9s vers Paris [&hellip;]<\/p>\n","protected":false},"author":2,"featured_media":31612,"comment_status":"open","ping_status":"open","sticky":false,"template":"","format":"standard","meta":{"_jetpack_memberships_contains_paid_content":false,"footnotes":"","jetpack_publicize_message":"","jetpack_publicize_feature_enabled":true,"jetpack_social_post_already_shared":true,"jetpack_social_options":{"image_generator_settings":{"template":"highway","enabled":true,"token":"eyJpbWciOiJodHRwczpcL1wvd3d3LmljZWFnZXR2LmNvbVwvcmFkaW9zaXRlXC93cC1jb250ZW50XC91cGxvYWRzXC8yMDI0XC8xMlwvMTQ0MTk4OTQzOTUyMzU1NTA3MDcuanBnIiwidHh0IjoiTGUgY29uY2VydCBkZSBsYSByXHUwMGU5b3V2ZXJ0dXJlIGRlIE5vdHJlLURhbWUgZGUgUGFyaXMgY29tcGxcdTAwZTh0ZW1lbnQgY2hhbWJvdWxcdTAwZTksIHBvdXJxdW9pIEZyYW5jZSAyIGEgZFx1MDBmYiB0b3V0IGNoYW5nZXIgXHUwMGUwIHF1ZWxxdWVzIGhldXJlcyBkZSBsYSBkaWZmdXNpb24iLCJ0ZW1wbGF0ZSI6ImhpZ2h3YXkiLCJibG9nX2lkIjoxMTEwMTY0NjF9.SoFPv6PZr8YJnukJRdj6QFPeJVqrmrdstbBHKMeG_I8MQ"},"version":2},"_wpas_customize_per_network":false},"categories":[68],"tags":[],"class_list":["post-31611","post","type-post","status-publish","format-standard","has-post-thumbnail","hentry","category-actu-culturelle"],"jetpack_publicize_connections":[],"jetpack_featured_media_url":"https:\/\/i0.wp.com\/www.iceagetv.com\/radiosite\/wp-content\/uploads\/2024\/12\/14419894395235550707.jpg?fit=500%2C261&ssl=1","jetpack_sharing_enabled":true,"_links":{"self":[{"href":"https:\/\/www.iceagetv.com\/radiosite\/wp-json\/wp\/v2\/posts\/31611","targetHints":{"allow":["GET"]}}],"collection":[{"href":"https:\/\/www.iceagetv.com\/radiosite\/wp-json\/wp\/v2\/posts"}],"about":[{"href":"https:\/\/www.iceagetv.com\/radiosite\/wp-json\/wp\/v2\/types\/post"}],"author":[{"embeddable":true,"href":"https:\/\/www.iceagetv.com\/radiosite\/wp-json\/wp\/v2\/users\/2"}],"replies":[{"embeddable":true,"href":"https:\/\/www.iceagetv.com\/radiosite\/wp-json\/wp\/v2\/comments?post=31611"}],"version-history":[{"count":1,"href":"https:\/\/www.iceagetv.com\/radiosite\/wp-json\/wp\/v2\/posts\/31611\/revisions"}],"predecessor-version":[{"id":31613,"href":"https:\/\/www.iceagetv.com\/radiosite\/wp-json\/wp\/v2\/posts\/31611\/revisions\/31613"}],"wp:featuredmedia":[{"embeddable":true,"href":"https:\/\/www.iceagetv.com\/radiosite\/wp-json\/wp\/v2\/media\/31612"}],"wp:attachment":[{"href":"https:\/\/www.iceagetv.com\/radiosite\/wp-json\/wp\/v2\/media?parent=31611"}],"wp:term":[{"taxonomy":"category","embeddable":true,"href":"https:\/\/www.iceagetv.com\/radiosite\/wp-json\/wp\/v2\/categories?post=31611"},{"taxonomy":"post_tag","embeddable":true,"href":"https:\/\/www.iceagetv.com\/radiosite\/wp-json\/wp\/v2\/tags?post=31611"}],"curies":[{"name":"wp","href":"https:\/\/api.w.org\/{rel}","templated":true}]}}