{"id":31618,"date":"2024-12-08T08:56:41","date_gmt":"2024-12-08T07:56:41","guid":{"rendered":"https:\/\/www.iceagetv.com\/radiosite\/?p=31618"},"modified":"2024-12-08T08:56:46","modified_gmt":"2024-12-08T07:56:46","slug":"reouverture-de-notre-dame-emmanuel-macron-exprime-la-gratitude-de-la-nation-francaise","status":"publish","type":"post","link":"https:\/\/www.iceagetv.com\/radiosite\/reouverture-de-notre-dame-emmanuel-macron-exprime-la-gratitude-de-la-nation-francaise\/","title":{"rendered":"R\u00e9ouverture de Notre-Dame\u00a0: Emmanuel Macron exprime la \u00ab\u00a0gratitude de la Nation fran\u00e7aise\u00a0\u00bb"},"content":{"rendered":"\n<p class=\"\">Nous avons red\u00e9couvert ce que les grandes Nations pouvaient faire\u00a0: r\u00e9aliser l\u2019impossible\u00a0\u00bb, a salu\u00e9 le pr\u00e9sident fran\u00e7ais \u00e0 l\u2019int\u00e9rieur de la cath\u00e9drale, qui a rouvert ses portes ce samedi.L\u2019image est symbolique. A 19\u00a0h\u00a020, ce samedi 7\u00a0d\u00e9cembre, l\u2019archev\u00eaque de Paris Laurent Ulrich a fait ouvrir les portes de la\u00a0<a href=\"https:\/\/www.lexpress.fr\/monde\/notre-dame-ce-grand-ballet-diplomatique-en-marge-de-la-reouverture-5HT3HJNPDREQPNLZXBMXBS536A\/\" target=\"_blank\" rel=\"noreferrer noopener\">cath\u00e9drale Notre-Dame<\/a>, sur lesquelles il a donn\u00e9 neuf coups de crosse, officialisant la renaissance de ce chef-d\u2019\u0153uvre gothique du XIIe\u00a0si\u00e8cle. \u00ab\u00a0Notre-Dame, ouvre tes portes\u00a0\u00bb, a-t-il d\u00e9clar\u00e9.A l\u2019int\u00e9rieur de l\u2019\u00e9difice, en plein c\u0153ur de Paris, une quarantaine de chefs d\u2019Etat et de gouvernement &#8211; dont le\u00a0<a href=\"https:\/\/www.google.com\/search?q=pr%C3%A9sident+%C3%A9lu+des+Etats-Unis+Donald+Trump+lexpress&amp;oq=pr%C3%A9sident+%C3%A9lu+des+Etats-Unis+Donald+Trump+lexpress&amp;gs_lcrp=EgZjaHJvbWUyBggAEEUYOTIGCAEQRRg80gEHOTcyajBqN6gCALACAA&amp;sourceid=chrome&amp;ie=UTF-8\" target=\"_blank\" rel=\"noreferrer noopener\">pr\u00e9sident \u00e9lu des Etats-Unis Donald Trump<\/a>\u00a0et le pr\u00e9sident ukrainien\u00a0<a href=\"https:\/\/www.lexpress.fr\/monde\/europe\/exclusif-volodymyr-zelensky-le-portrait-inedit-dun-president-en-guerre-LQRSZWUSBBBOXH5HCS3KYP53HM\/\" target=\"_blank\" rel=\"noreferrer noopener\">Volodymyr Zelensky<\/a>\u00a0-, des t\u00eates couronn\u00e9es mais aussi le milliardaire\u00a0<a href=\"https:\/\/www.lexpress.fr\/monde\/amerique\/elon-musk-les-details-de-son-projet-radical-de-reforme-de-letat-federal-americain-NARSYXMCYZEBJC6SC3INDRPBAA\/\" target=\"_blank\" rel=\"noreferrer noopener\">Elon Musk<\/a>\u00a0ont c\u00e9l\u00e9br\u00e9 la renaissance de la cath\u00e9drale. A son entr\u00e9e, le pr\u00e9sident ukrainien a \u00e9t\u00e9 longuement applaudi. Avec cet \u00e9v\u00e8nement en mondovision,\u00a0<a href=\"https:\/\/www.lexpress.fr\/politique\/je-suis-pret-a-tous-les-scenarios-emmanuel-macron-les-secrets-dun-president-tourmente-OQPWVKTF7RES5F6MCEFCILKK24\/\" target=\"_blank\" rel=\"noreferrer noopener\">Emmanuel Macron<\/a>, qui avait fix\u00e9 le \u00ab\u00a0d\u00e9fi insens\u00e9\u00a0\u00bb d\u2019une restauration en cinq ans au lendemain de l\u2019incendie du 15\u00a0avril 2019, esp\u00e8re cr\u00e9er un \u00ab\u00a0choc d\u2019esp\u00e9rance\u00a0\u00bb dans un pays plong\u00e9 dans une profonde crise politique depuis la censure du gouvernement jeudi.Pendant son discours, le pr\u00e9sident a exprim\u00e9 la \u00ab\u00a0gratitude de la Nation fran\u00e7aise\u00a0\u00bb pour la reconstruction de Notre-Dame. \u00ab\u00a0Nous avons red\u00e9couvert ce que les grandes Nations pouvaient faire&nbsp;: r\u00e9aliser l\u2019impossible\u00a0\u00bb, a-t-il salu\u00e9 depuis l\u2019int\u00e9rieur du b\u00e2timent. \u00ab\u00a0Nous avons choisi le sursaut, la volont\u00e9, le cap de l\u2019esp\u00e9rance [\u2026]. Et pour rendre cela possible, une fraternit\u00e9 in\u00e9dite\u00a0\u00bb, a ajout\u00e9 le chef d\u2019Etat. \u00ab\u00a0Il nous faudra garder comme un tr\u00e9sor cette le\u00e7on de fragilit\u00e9, d\u2019humilit\u00e9 et de volont\u00e9, et n\u2019oubliez jamais combien chacun compte et combien la grandeur de cette cath\u00e9drale est ins\u00e9parable du travail de tous\u00a0\u00bb, a-t-il conclu.<\/p>\n\n\n\n<p class=\"\">Juste apr\u00e8s, le pape Fran\u00e7ois a plaid\u00e9, dans un texte, pour \u00ab\u00a0accueillir g\u00e9n\u00e9reusement et gratuitement\u00a0\u00bb la \u00ab\u00a0foule immense\u00a0\u00bb de visiteurs attendus \u00e0 Notre-Dame, puis le grand orgue a sonn\u00e9 pour la premi\u00e8re fois\u00a0depuis l\u2019incendie. Au d\u00e9but de la c\u00e9r\u00e9monie, des pompiers ayant sauv\u00e9 Notre-Dame des flammes en 2019 et des artisans qui ont particip\u00e9 \u00e0 sa reconstruction ont \u00e9t\u00e9 applaudis pendant plusieurs minutes. Un immense \u00ab\u00a0MERCI\u00a0\u00bb a \u00e9galement \u00e9t\u00e9 projet\u00e9 sur la fa\u00e7ade ouest de la cath\u00e9drale, tandis que ces 160\u00a0pompiers et artisans d\u00e9filaient dans les trav\u00e9es de Notre-Dame, acclam\u00e9s par de nombreux chefs d\u2019Etat et de gouvernement et des personnalit\u00e9s.Un&nbsp;<a href=\"http:\/\/spar-iris-p-cms-http-cli-vip.afp.com\/nuxeo\/site\/documents\/0e644a69-b76f-4c4a-8e5a-096e00ffb4b1\" target=\"_blank\" rel=\"noreferrer noopener\">office religieux<\/a>&nbsp;a ensuite \u00e9t\u00e9 c\u00e9l\u00e9br\u00e9 en pr\u00e9sence de 1&nbsp;500&nbsp;invit\u00e9s, pendant lequel sera lu un message du pape Fran\u00e7ois, qui a d\u00e9clin\u00e9 l\u2019invitation. Au terme des c\u00e9r\u00e9monies r\u00e9publicaine et liturgique, un d\u00eener sera offert \u00e0 l\u2019Elys\u00e9e, o\u00f9 Emmanuel Macron a organis\u00e9 en fin de journ\u00e9e une r\u00e9union trilat\u00e9rale avec Volodymyr Zelensky et Donald, Trump qui a dur\u00e9 une trentaine de minutes. Accueilli vers 17&nbsp;heures, le pr\u00e9sident \u00e9lu des Etats-Unis a estim\u00e9 que le monde semblait devenir \u00ab\u00a0un peu fou\u00a0\u00bb. \u00ab\u00a0Nous avons tant de d\u00e9fis \u00e0 relever ensemble\u00a0\u00bb, a ensuite \u00e9crit le pr\u00e9sident fran\u00e7ais sur X.<\/p>\n\n\n\n<h2 class=\"wp-block-heading\">Pharrell Williams et Marion Cotillard<\/h2>\n\n\n\n<p class=\"\">La m\u00e9t\u00e9o capricieuse a aussi chamboul\u00e9 le concert pr\u00e9vu sur le parvis, qui a \u00e9t\u00e9 finalement \u00e9t\u00e9 enregistr\u00e9 vendredi et sera diffus\u00e9 en diff\u00e9r\u00e9. Parmi les grands noms figurant dans la bande-annonce, figurent ceux du chanteur et cr\u00e9ateur Pharrell Williams ou encore de l\u2019actrice fran\u00e7aise Marion Cotillard. La musique classique est aussi \u00e0 l\u2019honneur avec le maestro v\u00e9n\u00e9zu\u00e9lien Gustavo Dudamel, le pianiste chinois Lang Lang, la soprano sud-africaine Pretty Yende (qui chantera \u00ab\u00a0Amazing Grace\u00a0\u00bb) et le t\u00e9nor franco-suisse Benjamin Bernheim (\u00ab\u00a0Ave Maria\u00a0\u00bb).Pour une touche pop, \u00e9taient pr\u00e9sents les Fran\u00e7ais Clara Luciani et Vianney, le Canadien Garou (pour un medley de la com\u00e9die musicale \u00ab\u00a0Notre-Dame de Paris\u00a0\u00bb), la Franco-B\u00e9ninoise Ang\u00e9lique Kidjo. Et le DJ Michael Canitrot, connu pour ses concerts devant des monuments. Les festivit\u00e9s se poursuivront dimanche avec la premi\u00e8re messe publique c\u00e9l\u00e9br\u00e9e depuis avril\u00a02019 \u00e0 Notre-Dame, magnifi\u00e9e par Victor Hugo et c\u00e9l\u00e9br\u00e9e dans les com\u00e9dies musicales, des films ou un dessin anim\u00e9 Disney.<\/p>\n","protected":false},"excerpt":{"rendered":"<p>Nous avons red\u00e9couvert ce que les grandes Nations pouvaient faire\u00a0: r\u00e9aliser l\u2019impossible\u00a0\u00bb, a salu\u00e9 le pr\u00e9sident fran\u00e7ais \u00e0 l\u2019int\u00e9rieur de la cath\u00e9drale, qui a rouvert ses portes ce samedi.L\u2019image est symbolique. A 19\u00a0h\u00a020, ce samedi 7\u00a0d\u00e9cembre, l\u2019archev\u00eaque de Paris Laurent Ulrich a fait ouvrir les portes de la\u00a0cath\u00e9drale Notre-Dame, sur lesquelles il a donn\u00e9 neuf [&hellip;]<\/p>\n","protected":false},"author":2,"featured_media":31620,"comment_status":"open","ping_status":"open","sticky":false,"template":"","format":"standard","meta":{"_jetpack_memberships_contains_paid_content":false,"footnotes":"","jetpack_publicize_message":"","jetpack_publicize_feature_enabled":true,"jetpack_social_post_already_shared":true,"jetpack_social_options":{"image_generator_settings":{"template":"highway","enabled":true,"token":"eyJpbWciOiJodHRwczpcL1wvd3d3LmljZWFnZXR2LmNvbVwvcmFkaW9zaXRlXC93cC1jb250ZW50XC91cGxvYWRzXC8yMDI0XC8xMlwvUmVvdXZlcnR1cmUtZGUtTm90cmUtRGFtZS5qcGciLCJ0eHQiOiJSXHUwMGU5b3V2ZXJ0dXJlIGRlIE5vdHJlLURhbWVcdTAwYTA6IEVtbWFudWVsIE1hY3JvbiBleHByaW1lIGxhICYjODIyMDtncmF0aXR1ZGUgZGUgbGEgTmF0aW9uIGZyYW5cdTAwZTdhaXNlJiM4MjIxOyIsInRlbXBsYXRlIjoiaGlnaHdheSIsImJsb2dfaWQiOjExMTAxNjQ2MX0.at_qD08hGI-gVxeR2A4xH4wVcoMabaj9O1_Vy_UJ5oEMQ"},"version":2},"_wpas_customize_per_network":false},"categories":[405],"tags":[],"class_list":["post-31618","post","type-post","status-publish","format-standard","has-post-thumbnail","hentry","category-actu-france-monde"],"jetpack_publicize_connections":[],"jetpack_featured_media_url":"https:\/\/i0.wp.com\/www.iceagetv.com\/radiosite\/wp-content\/uploads\/2024\/12\/Reouverture-de-Notre-Dame.jpg?fit=901%2C473&ssl=1","jetpack_sharing_enabled":true,"_links":{"self":[{"href":"https:\/\/www.iceagetv.com\/radiosite\/wp-json\/wp\/v2\/posts\/31618","targetHints":{"allow":["GET"]}}],"collection":[{"href":"https:\/\/www.iceagetv.com\/radiosite\/wp-json\/wp\/v2\/posts"}],"about":[{"href":"https:\/\/www.iceagetv.com\/radiosite\/wp-json\/wp\/v2\/types\/post"}],"author":[{"embeddable":true,"href":"https:\/\/www.iceagetv.com\/radiosite\/wp-json\/wp\/v2\/users\/2"}],"replies":[{"embeddable":true,"href":"https:\/\/www.iceagetv.com\/radiosite\/wp-json\/wp\/v2\/comments?post=31618"}],"version-history":[{"count":1,"href":"https:\/\/www.iceagetv.com\/radiosite\/wp-json\/wp\/v2\/posts\/31618\/revisions"}],"predecessor-version":[{"id":31621,"href":"https:\/\/www.iceagetv.com\/radiosite\/wp-json\/wp\/v2\/posts\/31618\/revisions\/31621"}],"wp:featuredmedia":[{"embeddable":true,"href":"https:\/\/www.iceagetv.com\/radiosite\/wp-json\/wp\/v2\/media\/31620"}],"wp:attachment":[{"href":"https:\/\/www.iceagetv.com\/radiosite\/wp-json\/wp\/v2\/media?parent=31618"}],"wp:term":[{"taxonomy":"category","embeddable":true,"href":"https:\/\/www.iceagetv.com\/radiosite\/wp-json\/wp\/v2\/categories?post=31618"},{"taxonomy":"post_tag","embeddable":true,"href":"https:\/\/www.iceagetv.com\/radiosite\/wp-json\/wp\/v2\/tags?post=31618"}],"curies":[{"name":"wp","href":"https:\/\/api.w.org\/{rel}","templated":true}]}}