{"id":31629,"date":"2024-12-08T16:25:00","date_gmt":"2024-12-08T15:25:00","guid":{"rendered":"https:\/\/www.iceagetv.com\/radiosite\/?p=31629"},"modified":"2024-12-08T16:25:04","modified_gmt":"2024-12-08T15:25:04","slug":"offensive-jihadiste-en-syrie-les-rebelles-annoncent-un-couvre-feu-a-damas-jusqua-lundi","status":"publish","type":"post","link":"https:\/\/www.iceagetv.com\/radiosite\/offensive-jihadiste-en-syrie-les-rebelles-annoncent-un-couvre-feu-a-damas-jusqua-lundi\/","title":{"rendered":"Offensive jihadiste en Syrie : les rebelles annoncent un couvre-feu \u00e0 Damas jusqu\u2019\u00e0 lundi"},"content":{"rendered":"\n<p class=\"\">Les rebelles men\u00e9s par des islamistes radicaux ont annonc\u00e9 \u00eatre entr\u00e9s dimanche dans la capitale Damas apr\u00e8s une offensive fulgurante en Syrie, faisant fuir selon eux le pr\u00e9sident Bachar al-Assad et mettant fin \u00e0 cinq d\u00e9cennies de r\u00e8gne du parti BaasLondres salue la chute d\u2019un \u00abr\u00e9gime barbare\u00bb<\/p>\n\n\n\n<p class=\"\">Ce dimanche, Londres a salu\u00e9 la chute d&rsquo;un r\u00e9gime barbare\u00bb et a appel\u00e9 \u00abau r\u00e9tablissement de la paix et de la stabilit\u00e9\u00bb.Le chef des rebelles s\u2019est rendu \u00e0 la mosqu\u00e9e des Omeyyades (Damas)<\/p>\n\n\n\n<p class=\"\">Le chef des rebelles syriens, Abou Mohammad al-Jolani, s&rsquo;est rendu dimanche \u00e0 la c\u00e9l\u00e8bre mosqu\u00e9e des Omeyyades \u00e0 Damas o\u00f9 il a prononc\u00e9 un discours, apr\u00e8s avoir ravi la capitale aux forces de Bachar al-Assad, selon un photographe de l&rsquo;AFP sur place.<\/p>\n\n\n\n<p class=\"\">Au moment d&rsquo;entrer dans la mosqu\u00e9e embl\u00e9matique situ\u00e9e dans la vieille ville de Damas, le chef du groupe islamiste radical Hayat Tahrir al-Sham (HTS) a \u00e9t\u00e9 accueilli par une foule qui scandait \u00abAllah Akbar\u00bb (Dieu est le plus grand), selon des vid\u00e9os qui circulent dans les m\u00e9dias.Dublin appelle \u00e0 la protection des civils et des \u00e9lections \u00ablibres\u00bb<\/p>\n\n\n\n<p class=\"\">Le Premier ministre irlandais Simon Harris a insist\u00e9 dimanche sur \u00abla protection des vies civiles\u00bb et la tenue d&rsquo;\u00e9lections \u00ablibres\u00bb apr\u00e8s la chute du r\u00e9gime syrien.<\/p>\n\n\n\n<p class=\"\">\u00abDans les jours, les semaines et les mois \u00e0 venir, la protection des vies civiles et des infrastructures ainsi que le respect du droit international doivent \u00eatre primordiaux\u00bb, a d\u00e9clar\u00e9 le Premier ministre dans un communiqu\u00e9.<\/p>\n\n\n\n<p class=\"\">\u00abL&rsquo;avenir de la Syrie doit \u00eatre d\u00e9termin\u00e9 par les Syriens \u00e0 travers une transition pacifique et des \u00e9lections libres et \u00e9quitables\u00bb, a-t-il ajout\u00e9.Pour l\u2019ONU, les nouveaux dirigeants doivent s&rsquo;assurer que \u00ables atrocit\u00e9s ne se r\u00e9p\u00e8tent jamais plus\u00bb<\/p>\n\n\n\n<p class=\"\">Les enqu\u00eateur des Nations unies sur les crimes de guerre en Syrie ont salu\u00e9 dimanche la chute de Bachar al-Assad mais ont appel\u00e9 \u00e0 ce que les \u00abatrocit\u00e9s\u00bb commises par son r\u00e9gime ne se \u00abr\u00e9p\u00e8tent plus jamais\u00bb.<\/p>\n\n\n\n<p class=\"\">\u00abCette journ\u00e9e marque un nouveau d\u00e9part historique pour le peuple syrien qui a subi une violence et des atrocit\u00e9s indescriptibles dans les 14 derni\u00e8res ann\u00e9es\u00bb, a ainsi d\u00e9clar\u00e9 la Commission d&rsquo;enqu\u00eate des Nations unies sur la Syrie dans un communiqu\u00e9, \u00e9voquant en particulier le sort des d\u00e9tenus.<\/p>\n\n\n\n<p class=\"\">\u00abIl revient \u00e0 ceux qui seront aux responsabilit\u00e9s d\u00e9sormais de s&rsquo;assurer que de telles atrocit\u00e9s ne se r\u00e9p\u00e8tent jamais plus derri\u00e8re les murs de (la prison de) Sednaya ou de tout autre centre de d\u00e9tention en Syrie\u00bb a-t-elle ajout\u00e9.Un couvre-feu instaur\u00e9 par les rebelles \u00e0 Damas<\/p>\n\n\n\n<p class=\"\">Les rebelles ont annonc\u00e9 un couvre-feu \u00e0 Damas allant de ce&nbsp; dimanche apr\u00e8s-midi jusqu&rsquo;\u00e0 lundi \u00e0 l&rsquo;aube.<\/p>\n\n\n\n<p class=\"\">Les factions rebelles emmen\u00e9es par les islamistes radicaux de Hayat Tahrir al-Sham (HTS) ont d\u00e9clar\u00e9 sur leur cha\u00eene Telegram un \u00abcouvre-feu \u00e0 Damas de 16h (14h heure fran\u00e7aise,\u00a0<em>ndlr<\/em>) ce dimanche \u00e0 lundi 05h du matin (03h heure fran\u00e7aise,Isra\u00ebl salue la chute d&rsquo;un \u00ab\u00a0maillon central\u00a0\u00bb de \u00ab\u00a0l&rsquo;axe du mal\u00a0\u00bb dirig\u00e9 par l&rsquo;Iran<\/p>\n\n\n\n<p class=\"\">Le Premier ministre isra\u00e9lien, Benjamin Netanyahou, a estim\u00e9 dimanche que la chute du pr\u00e9sident syrien Bachar al-Assad \u00e9tait \u00ab\u00a0un jour historique\u00a0\u00bb et la chute d&rsquo;un \u00ab\u00a0maillon central\u00a0\u00bb de \u00ab\u00a0l&rsquo;axe du mal\u00a0\u00bb dirig\u00e9 par l&rsquo;Iran.<\/p>\n\n\n\n<p class=\"\">\u00ab\u00a0C&rsquo;est un jour historique dans l&rsquo;histoire du Moyen-Orient\u00a0\u00bb et \u00ab\u00a0une cons\u00e9quence directe des coups que nous avons port\u00e9s \u00e0 l&rsquo;Iran et au Hezbollah (libanais), les principaux soutiens du r\u00e9gime d&rsquo;Assad\u00a0\u00bb, a d\u00e9clar\u00e9 Benjamin Netanyahou depuis le Golan syrien occup\u00e9 et annex\u00e9 par Isra\u00ebl.D\u00e9claration<\/p>\n\n\n\n<p class=\"\">Les rebelles islamistes syriens ont annonc\u00e9 l&rsquo;arriv\u00e9e de leur chef, Abou Mohammad al-Jolani, \u00e0 Damas<\/p>\n\n\n\n<p class=\"\">Les rebelles islamistes syriens ont annonc\u00e9 l&rsquo;arriv\u00e9e de leur chef, Abou Mohammad al-Jolani, quelques heures apr\u00e8s la chute de la capitale syrienne aux mains de la r\u00e9bellion arm\u00e9e.<\/p>\n\n\n\n<p class=\"\">\u00ab\u00a0Le dirigeant Ahmed al-Chareh (vrai nom de Jolani) s&rsquo;est prostern\u00e9 et a bais\u00e9 le sol\u00a0\u00bb \u00e0 son arriv\u00e9e \u00e0 Damas, a annonc\u00e9 la cha\u00eene T\u00e9l\u00e9gram de la coalition rebelle, dirig\u00e9e par sa formation. Sur les images, on peut voir le chef de Hayat Tahrir al-Sham (HTS) se prosterner sur une pelouse.D\u00e9claration<\/p>\n\n\n\n<p class=\"\">La Turquie veut aider \u00e0 \u00abgarantir la s\u00e9curit\u00e9\u00bb de la Syrie<\/p>\n\n\n\n<p class=\"\">Le ministre turc des Affaires \u00e9trang\u00e8res Hakan Fidan a affirm\u00e9 dimanche que la Turquie se tenait pr\u00eate \u00e0 aider la Syrie \u00e0 \u00ab\u00a0garantir son unit\u00e9\u00a0\u00bb et \u00ab\u00a0sa s\u00e9curit\u00e9\u00a0\u00bb apr\u00e8s la chute du r\u00e9gime de Bachar al-Assad.<\/p>\n\n\n\n<p class=\"\">\u00ab\u00a0La Turquie est pr\u00eate \u00e0 assumer la responsabilit\u00e9 de tout ce qui est n\u00e9cessaire pour panser les blessures de la Syrie et garantir son unit\u00e9, son int\u00e9grit\u00e9 et sa s\u00e9curit\u00e9\u00a0\u00bb, a \u00e9crit le chef de la diplomatie turque sur X.Une ONG fait \u00e9tat de frappes isra\u00e9liennes sur des sites de l&rsquo;arm\u00e9e pr\u00e8s de Damas, selon l&rsquo;OSDH<\/p>\n\n\n\n<p class=\"\">L&rsquo;Observatoire syrien des droits de l&rsquo;homme (OSDH) a fait \u00e9tat d&rsquo;une s\u00e9rie de frappes isra\u00e9liennes dimanche sur des sites de l&rsquo;arm\u00e9e, notamment des d\u00e9p\u00f4ts d&rsquo;armes, pr\u00e8s de Damas, apr\u00e8s la prise de la capitale par les rebelles.<\/p>\n\n\n\n<p class=\"\">\u00ab\u00a0Des frappes isra\u00e9liennes ont cibl\u00e9 des positions de la quatri\u00e8me division de l&rsquo;arm\u00e9e syrienne pr\u00e8s de l&rsquo;a\u00e9roport militaire de Mazz\u00e9, notamment des d\u00e9p\u00f4ts d&rsquo;armes\u00a0\u00bb, a d\u00e9clar\u00e9 le directeur de l&rsquo;OSDH, une ONG bas\u00e9e au Royaume-Uni et qui dispose d&rsquo;un vaste r\u00e9seau de sources dans le pays en guerre.<\/p>\n","protected":false},"excerpt":{"rendered":"<p>Les rebelles men\u00e9s par des islamistes radicaux ont annonc\u00e9 \u00eatre entr\u00e9s dimanche dans la capitale Damas apr\u00e8s une offensive fulgurante en Syrie, faisant fuir selon eux le pr\u00e9sident Bachar al-Assad et mettant fin \u00e0 cinq d\u00e9cennies de r\u00e8gne du parti BaasLondres salue la chute d\u2019un \u00abr\u00e9gime barbare\u00bb Ce dimanche, Londres a salu\u00e9 la chute d&rsquo;un [&hellip;]<\/p>\n","protected":false},"author":2,"featured_media":31630,"comment_status":"open","ping_status":"open","sticky":false,"template":"","format":"standard","meta":{"_jetpack_memberships_contains_paid_content":false,"footnotes":"","jetpack_publicize_message":"","jetpack_publicize_feature_enabled":true,"jetpack_social_post_already_shared":true,"jetpack_social_options":{"image_generator_settings":{"template":"highway","enabled":true,"token":"eyJpbWciOiJodHRwczpcL1wvd3d3LmljZWFnZXR2LmNvbVwvcmFkaW9zaXRlXC93cC1jb250ZW50XC91cGxvYWRzXC8yMDI0XC8xMlwvMjAyNC0xMi0wOHQwNzIyMTh6XzMzMjUxNDA1Nl9yYzJ1a2Jhb3RvcGpfcnRybWFkcF8zX3N5cmlhLXNlY3VyaXR5XzY3NTU5YjVlYTUyZDNfMC5qcGciLCJ0eHQiOiJPZmZlbnNpdmUgamloYWRpc3RlIGVuIFN5cmllIDogbGVzIHJlYmVsbGVzIGFubm9uY2VudCB1biBjb3V2cmUtZmV1IFx1MDBlMCBEYW1hcyBqdXNxdVx1MjAxOVx1MDBlMCBsdW5kaSIsInRlbXBsYXRlIjoiaGlnaHdheSIsImJsb2dfaWQiOjExMTAxNjQ2MX0.UBESLp2u3EcZcdN-k920jf9V5iYge9B-Dw_kxdh_YecMQ"},"version":2},"_wpas_customize_per_network":false},"categories":[405],"tags":[],"class_list":["post-31629","post","type-post","status-publish","format-standard","has-post-thumbnail","hentry","category-actu-france-monde"],"jetpack_publicize_connections":[],"jetpack_featured_media_url":"https:\/\/i0.wp.com\/www.iceagetv.com\/radiosite\/wp-content\/uploads\/2024\/12\/2024-12-08t072218z_332514056_rc2ukbaotopj_rtrmadp_3_syria-security_67559b5ea52d3_0.jpg?fit=750%2C422&ssl=1","jetpack_sharing_enabled":true,"_links":{"self":[{"href":"https:\/\/www.iceagetv.com\/radiosite\/wp-json\/wp\/v2\/posts\/31629","targetHints":{"allow":["GET"]}}],"collection":[{"href":"https:\/\/www.iceagetv.com\/radiosite\/wp-json\/wp\/v2\/posts"}],"about":[{"href":"https:\/\/www.iceagetv.com\/radiosite\/wp-json\/wp\/v2\/types\/post"}],"author":[{"embeddable":true,"href":"https:\/\/www.iceagetv.com\/radiosite\/wp-json\/wp\/v2\/users\/2"}],"replies":[{"embeddable":true,"href":"https:\/\/www.iceagetv.com\/radiosite\/wp-json\/wp\/v2\/comments?post=31629"}],"version-history":[{"count":1,"href":"https:\/\/www.iceagetv.com\/radiosite\/wp-json\/wp\/v2\/posts\/31629\/revisions"}],"predecessor-version":[{"id":31631,"href":"https:\/\/www.iceagetv.com\/radiosite\/wp-json\/wp\/v2\/posts\/31629\/revisions\/31631"}],"wp:featuredmedia":[{"embeddable":true,"href":"https:\/\/www.iceagetv.com\/radiosite\/wp-json\/wp\/v2\/media\/31630"}],"wp:attachment":[{"href":"https:\/\/www.iceagetv.com\/radiosite\/wp-json\/wp\/v2\/media?parent=31629"}],"wp:term":[{"taxonomy":"category","embeddable":true,"href":"https:\/\/www.iceagetv.com\/radiosite\/wp-json\/wp\/v2\/categories?post=31629"},{"taxonomy":"post_tag","embeddable":true,"href":"https:\/\/www.iceagetv.com\/radiosite\/wp-json\/wp\/v2\/tags?post=31629"}],"curies":[{"name":"wp","href":"https:\/\/api.w.org\/{rel}","templated":true}]}}