{"id":31633,"date":"2024-12-08T17:56:52","date_gmt":"2024-12-08T16:56:52","guid":{"rendered":"https:\/\/www.iceagetv.com\/radiosite\/?p=31633"},"modified":"2024-12-08T17:56:55","modified_gmt":"2024-12-08T16:56:55","slug":"un-projet-dattentat-islamiste-dejoue-contre-la-mairie-de-poitiers-trois-etudiants-ecroues","status":"publish","type":"post","link":"https:\/\/www.iceagetv.com\/radiosite\/un-projet-dattentat-islamiste-dejoue-contre-la-mairie-de-poitiers-trois-etudiants-ecroues\/","title":{"rendered":"Un projet d\u2019attentat islamiste d\u00e9jou\u00e9 contre la mairie de Poitiers, trois \u00e9tudiants \u00e9crou\u00e9s"},"content":{"rendered":"\n<p class=\"\">Trois jeunes majeurs radicalis\u00e9s ont \u00e9t\u00e9 mis en examen samedi pour terrorisme au terme de quatre jours de garde \u00e0 vue \u00e0 la DGSI. Ils avaient notamment confectionn\u00e9 des explosifs.Ils avaient choisi leur cible &#8211; tr\u00e8s symbolique &#8211; pour se venger de l\u2019histoire. Trois jeunes majeurs soup\u00e7onn\u00e9s de pr\u00e9parer un&nbsp;<a href=\"https:\/\/www.leparisien.fr\/faits-divers\/il-disait-quil-allait-faire-exploser-le-college-un-ado-de-13-ans-en-garde-a-vue-a-amiens-pour-menace-dattentat-15-11-2024-BIV7D2LAGJDWXD7VP72D72BRGY.php\" target=\"_blank\" rel=\"noreferrer noopener\">attentat<\/a>&nbsp;djihadiste contre diverses cibles, en particulier la mairie de Poitiers, ont \u00e9t\u00e9 interpell\u00e9s mercredi par les policiers de la Direction g\u00e9n\u00e9rale de la s\u00e9curit\u00e9 int\u00e9rieure (DGSI) dans plusieurs d\u00e9partements dont la Loire-Atlantique et&nbsp;le Gard.&nbsp;<\/p>\n\n\n\n<p class=\"\">Selon nos informations, confirm\u00e9es par le parquet national antiterroriste (PNAT), ces trois radicalis\u00e9s de\u00a019 et 20\u00a0ans ont \u00e9t\u00e9 mis en examen samedi soir \u00e0 l\u2019issue de quatre jours de garde \u00e0 vue notamment pour \u00ab\u00a0association de malfaiteurs terroriste criminelle\u00a0\u00bb, \u00ab\u00a0d\u00e9tention et transport de substance ou produit incendiaire ou explosif en relation avec une entreprise terroriste\u00a0\u00bb et \u00ab\u00a0fabrication non autoris\u00e9e d\u2019engin explosif ou explosif en relation avec une entreprise terroriste\u00a0\u00bb. Tous ont \u00e9t\u00e9 plac\u00e9s en d\u00e9tention provisoire.Ces trois fanatiques d\u2019organisations djihadistes sont tous \u00e9tudiants, dont l\u2019un en chimie, ce qui a pu leur \u00eatre utile. Ils ont \u00e9t\u00e9 rep\u00e9r\u00e9s par les agents de la DGSI en raison de conversations inqui\u00e9tantes sur les r\u00e9seaux chiffr\u00e9s. Ils \u00e9voquaient notamment leur volont\u00e9 de commettre une action violente contre plusieurs cibles qualifi\u00e9es de m\u00e9cr\u00e9antes et notamment la mairie de Poitiers. D\u2019apr\u00e8s leurs \u00e9crits, cette cible aurait \u00e9t\u00e9 envisag\u00e9e en raison de la symbolique de la bataille de Poitiers qui marqua la victoire des troupes de Charles Martel contre les troupes arabo-berb\u00e8res en 732. Les trois jeunes hommes avaient aussi \u00e9voqu\u00e9 de s\u2019en prendre au si\u00e8ge de la DGSI, ou de partir en Syrie.<\/p>\n\n\n\n<h2 class=\"wp-block-heading\">Entra\u00een\u00e9s \u00e0 la manipulation d\u2019explosifs<\/h2>\n\n\n\n<p class=\"\">Les investigations, d\u00e9sormais sous commission rogatoire de juges antiterroristes, doivent d\u00e9sormais pr\u00e9ciser l\u2019\u00e9tat de degr\u00e9 d\u2019avancement de leur projet djihadiste. Mais fait inqui\u00e9tant, les enqu\u00eateurs ont d\u00e9couvert lors des perquisitions que les suspects avaient pr\u00e9par\u00e9 la confection d\u2019explosifs artisanaux type TATP, une substance explosive instable pris\u00e9e par les groupes terroristes tels que Daech.\u00a0Ils s\u2019\u00e9taient m\u00eame entra\u00een\u00e9s \u00e0 la manipulation d\u2019explosifs et devaient recevoir au moment de leur interpellation de nouveaux ingr\u00e9dients sensibles afin semble-t-il de confectionner une bombe pour le jour J. Leur appartenance \u00e0 un groupe djihadiste n\u2019est pas claire, les suspects \u00e9voquant aussi bien l\u2019\u00e9tat islamique que\u00a0<a href=\"https:\/\/www.leparisien.fr\/international\/anciens-dal-qaida-aide-par-la-turquie-qui-est-le-groupe-djihadiste-hts-a-la-tete-de-la-prise-dalep-01-12-2024-VMKQDCCDNZC5NK4M3BKR2WVQLU.php\" target=\"_blank\" rel=\"noreferrer noopener\">HTS, le groupe rebelle extr\u00e9miste syrien<\/a>\u00a0qui fut autrefois alli\u00e9 \u00e0 Al Qaida.Cette op\u00e9ration antiterroriste confirme que la menace djihadiste reste \u00e0 un niveau diffus en France et le net rajeunissement des acteurs de la mouvance endog\u00e8ne, c\u2019est-\u00e0-dire de personnes pr\u00e9sentes sur le territoire fran\u00e7ais. Les mineurs et les jeunes majeurs repr\u00e9sentent d\u00e9sormais l essentiel des arrestations dans les affaires de djihadisme sunnite.<\/p>\n","protected":false},"excerpt":{"rendered":"<p>Trois jeunes majeurs radicalis\u00e9s ont \u00e9t\u00e9 mis en examen samedi pour terrorisme au terme de quatre jours de garde \u00e0 vue \u00e0 la DGSI. Ils avaient notamment confectionn\u00e9 des explosifs.Ils avaient choisi leur cible &#8211; tr\u00e8s symbolique &#8211; pour se venger de l\u2019histoire. Trois jeunes majeurs soup\u00e7onn\u00e9s de pr\u00e9parer un&nbsp;attentat&nbsp;djihadiste contre diverses cibles, en particulier [&hellip;]<\/p>\n","protected":false},"author":2,"featured_media":31634,"comment_status":"open","ping_status":"open","sticky":false,"template":"","format":"standard","meta":{"_jetpack_memberships_contains_paid_content":false,"footnotes":"","jetpack_publicize_message":"","jetpack_publicize_feature_enabled":true,"jetpack_social_post_already_shared":true,"jetpack_social_options":{"image_generator_settings":{"template":"highway","enabled":true,"token":"eyJpbWciOiJodHRwczpcL1wvd3d3LmljZWFnZXR2LmNvbVwvcmFkaW9zaXRlXC93cC1jb250ZW50XC91cGxvYWRzXC8yMDI0XC8xMlwvRktBNVlMN0o1QkZSN0dCM0FHRFhaVEpUSVUuanBnIiwidHh0IjoiVW4gcHJvamV0IGRcdTIwMTlhdHRlbnRhdCBpc2xhbWlzdGUgZFx1MDBlOWpvdVx1MDBlOSBjb250cmUgbGEgbWFpcmllIGRlIFBvaXRpZXJzLCB0cm9pcyBcdTAwZTl0dWRpYW50cyBcdTAwZTljcm91XHUwMGU5cyIsInRlbXBsYXRlIjoiaGlnaHdheSIsImJsb2dfaWQiOjExMTAxNjQ2MX0.nzHOt5B2zsmfSG9ISbLE_fS7lXV-QjwKAcoBty9S-dcMQ"},"version":2},"_wpas_customize_per_network":false},"categories":[405],"tags":[],"class_list":["post-31633","post","type-post","status-publish","format-standard","has-post-thumbnail","hentry","category-actu-france-monde"],"jetpack_publicize_connections":[],"jetpack_featured_media_url":"https:\/\/i0.wp.com\/www.iceagetv.com\/radiosite\/wp-content\/uploads\/2024\/12\/FKA5YL7J5BFR7GB3AGDXZTJTIU.jpg?fit=932%2C582&ssl=1","jetpack_sharing_enabled":true,"_links":{"self":[{"href":"https:\/\/www.iceagetv.com\/radiosite\/wp-json\/wp\/v2\/posts\/31633","targetHints":{"allow":["GET"]}}],"collection":[{"href":"https:\/\/www.iceagetv.com\/radiosite\/wp-json\/wp\/v2\/posts"}],"about":[{"href":"https:\/\/www.iceagetv.com\/radiosite\/wp-json\/wp\/v2\/types\/post"}],"author":[{"embeddable":true,"href":"https:\/\/www.iceagetv.com\/radiosite\/wp-json\/wp\/v2\/users\/2"}],"replies":[{"embeddable":true,"href":"https:\/\/www.iceagetv.com\/radiosite\/wp-json\/wp\/v2\/comments?post=31633"}],"version-history":[{"count":1,"href":"https:\/\/www.iceagetv.com\/radiosite\/wp-json\/wp\/v2\/posts\/31633\/revisions"}],"predecessor-version":[{"id":31635,"href":"https:\/\/www.iceagetv.com\/radiosite\/wp-json\/wp\/v2\/posts\/31633\/revisions\/31635"}],"wp:featuredmedia":[{"embeddable":true,"href":"https:\/\/www.iceagetv.com\/radiosite\/wp-json\/wp\/v2\/media\/31634"}],"wp:attachment":[{"href":"https:\/\/www.iceagetv.com\/radiosite\/wp-json\/wp\/v2\/media?parent=31633"}],"wp:term":[{"taxonomy":"category","embeddable":true,"href":"https:\/\/www.iceagetv.com\/radiosite\/wp-json\/wp\/v2\/categories?post=31633"},{"taxonomy":"post_tag","embeddable":true,"href":"https:\/\/www.iceagetv.com\/radiosite\/wp-json\/wp\/v2\/tags?post=31633"}],"curies":[{"name":"wp","href":"https:\/\/api.w.org\/{rel}","templated":true}]}}