{"id":3164,"date":"2015-10-24T09:05:11","date_gmt":"2015-10-24T09:05:11","guid":{"rendered":"http:\/\/www.iceagetv.com\/radiosite\/?p=3164"},"modified":"2015-10-24T09:05:11","modified_gmt":"2015-10-24T09:05:11","slug":"travail-illegal-la-liste-noire-des-societes-condamnees-sur-internet","status":"publish","type":"post","link":"https:\/\/www.iceagetv.com\/radiosite\/travail-illegal-la-liste-noire-des-societes-condamnees-sur-internet\/","title":{"rendered":"Travail ill\u00e9gal : la \u00ab\u00a0liste noire\u00a0\u00bb des soci\u00e9t\u00e9s condamn\u00e9es sur Internet"},"content":{"rendered":"<p>\n\tUn juge condamnant une entreprise &agrave; une amende pour travail ill&eacute;gal peut d&eacute;sormais rendre publique son identit&eacute; sur le site du minist&egrave;re du Travail.La &quot;liste noire&quot; des entreprises condamn&eacute;es pour travail ill&eacute;gal est d&eacute;sormais publique. D&#39;apr&egrave;s un d&eacute;cret paru vendredi au Journal officiel, un juge ayant condamn&eacute; une personne ou une soci&eacute;t&eacute; pour travail ill&eacute;gal a maintenant le droit de publier sur le site web du&nbsp;minist&egrave;re du Travail&nbsp;son identit&eacute;. Rendue possible par la loi dite Savary, &quot;visant &agrave; lutter contre la concurrence sociale d&eacute;loyale&quot;, cette &quot;peine compl&eacute;mentaire&quot; est toutefois &agrave; la discr&eacute;tion de la justice, qui fixe la dur&eacute;e de publication, qui ne peut pas d&eacute;passer deux ans.\n<\/p>\n<p>\n\tL&#39;identit&eacute; des personnes physiques (nom, pr&eacute;nom, date et lieu de naissance&#8230;), leur adresse professionnelle, la nature de l&#39;infraction ainsi que la dur&eacute;e et la date de fin de diffusion figureront notamment sur la liste. Les entreprises seront nomm&eacute;es, ainsi que l&#39;identit&eacute; de leur repr&eacute;sentant l&eacute;gal &quot;lorsque celui-ci est &eacute;galement condamn&eacute;&quot;, pr&eacute;cise le d&eacute;cret.\n<\/p>\n<p>\n\tAssurer une transparence\n<\/p>\n<p>\n\tCette liste sera &quot;consultable librement et gratuitement par toute personne&quot; dans une rubrique d&eacute;di&eacute;e sur le site du minist&egrave;re du Travail, pr&eacute;cise le d&eacute;cret sign&eacute; par le Premier ministre&nbsp;Manuel Valls&nbsp;et les ministres du Travail et de la Justice, Myriam El Khomri et&nbsp;Christiane Taubira. &quot;C&#39;est la premi&egrave;re fois en France qu&#39;un juge pourra prononcer une peine compl&eacute;mentaire d&#39;affichage d&#39;une d&eacute;cision de condamnation en mati&egrave;re de travail ill&eacute;gal sur un site internet, accessible &agrave; tous&quot;, s&#39;est f&eacute;licit&eacute;e Myriam El Khomri dans un communiqu&eacute;. &quot;L&#39;objectif est d&#39;assurer une transparence sur les pratiques frauduleuses des entreprises, &agrave; destination de leurs clients potentiels&quot;, indique Myriam El Khomri, qualifiant d&#39;&quot;extr&ecirc;mement dissuasive&quot; une telle publication.<\/p>\n","protected":false},"excerpt":{"rendered":"<p>Un juge condamnant une entreprise &agrave; une amende pour travail ill&eacute;gal peut d&eacute;sormais rendre publique son identit&eacute; sur le site du minist&egrave;re du Travail.La &quot;liste noire&quot; des entreprises condamn&eacute;es pour travail ill&eacute;gal est d&eacute;sormais publique. D&#39;apr&egrave;s un d&eacute;cret paru vendredi au Journal officiel, un juge ayant condamn&eacute; une personne ou une soci&eacute;t&eacute; pour travail ill&eacute;gal [&hellip;]<\/p>\n","protected":false},"author":2,"featured_media":3165,"comment_status":"open","ping_status":"open","sticky":false,"template":"","format":"standard","meta":{"_jetpack_memberships_contains_paid_content":false,"footnotes":"","jetpack_publicize_message":"","jetpack_publicize_feature_enabled":true,"jetpack_social_post_already_shared":false,"jetpack_social_options":{"image_generator_settings":{"template":"highway","default_image_id":0,"font":"","enabled":false},"version":2},"_wpas_customize_per_network":false},"categories":[405],"tags":[714],"class_list":["post-3164","post","type-post","status-publish","format-standard","has-post-thumbnail","hentry","category-actu-france-monde","tag-travail-illegal"],"jetpack_publicize_connections":[],"jetpack_featured_media_url":"https:\/\/i0.wp.com\/www.iceagetv.com\/radiosite\/wp-content\/uploads\/2015\/10\/Travail-ill%C3%A9gal.jpg?fit=660%2C281&ssl=1","jetpack_sharing_enabled":true,"_links":{"self":[{"href":"https:\/\/www.iceagetv.com\/radiosite\/wp-json\/wp\/v2\/posts\/3164","targetHints":{"allow":["GET"]}}],"collection":[{"href":"https:\/\/www.iceagetv.com\/radiosite\/wp-json\/wp\/v2\/posts"}],"about":[{"href":"https:\/\/www.iceagetv.com\/radiosite\/wp-json\/wp\/v2\/types\/post"}],"author":[{"embeddable":true,"href":"https:\/\/www.iceagetv.com\/radiosite\/wp-json\/wp\/v2\/users\/2"}],"replies":[{"embeddable":true,"href":"https:\/\/www.iceagetv.com\/radiosite\/wp-json\/wp\/v2\/comments?post=3164"}],"version-history":[{"count":1,"href":"https:\/\/www.iceagetv.com\/radiosite\/wp-json\/wp\/v2\/posts\/3164\/revisions"}],"predecessor-version":[{"id":3166,"href":"https:\/\/www.iceagetv.com\/radiosite\/wp-json\/wp\/v2\/posts\/3164\/revisions\/3166"}],"wp:featuredmedia":[{"embeddable":true,"href":"https:\/\/www.iceagetv.com\/radiosite\/wp-json\/wp\/v2\/media\/3165"}],"wp:attachment":[{"href":"https:\/\/www.iceagetv.com\/radiosite\/wp-json\/wp\/v2\/media?parent=3164"}],"wp:term":[{"taxonomy":"category","embeddable":true,"href":"https:\/\/www.iceagetv.com\/radiosite\/wp-json\/wp\/v2\/categories?post=3164"},{"taxonomy":"post_tag","embeddable":true,"href":"https:\/\/www.iceagetv.com\/radiosite\/wp-json\/wp\/v2\/tags?post=3164"}],"curies":[{"name":"wp","href":"https:\/\/api.w.org\/{rel}","templated":true}]}}