{"id":31649,"date":"2024-12-09T13:42:39","date_gmt":"2024-12-09T12:42:39","guid":{"rendered":"https:\/\/www.iceagetv.com\/radiosite\/?p=31649"},"modified":"2024-12-09T13:42:43","modified_gmt":"2024-12-09T12:42:43","slug":"pierre-palmade-condamne-a-deux-ans-de-prison-ferme-apres-le-grave-accident-de-la-route-survenu-en-seine-et-marne-en-fevrier-2023-incarcere-ce-matin-a-la-prison-de-bordeaux-gradignan","status":"publish","type":"post","link":"https:\/\/www.iceagetv.com\/radiosite\/pierre-palmade-condamne-a-deux-ans-de-prison-ferme-apres-le-grave-accident-de-la-route-survenu-en-seine-et-marne-en-fevrier-2023-incarcere-ce-matin-a-la-prison-de-bordeaux-gradignan\/","title":{"rendered":"Pierre Palmade, condamn\u00e9 \u00e0 deux ans de prison ferme apr\u00e8s le grave accident de la route survenu en Seine-et-Marne en f\u00e9vrier 2023, incarc\u00e9r\u00e9 ce matin \u00e0 la prison de Bordeaux-Gradignan"},"content":{"rendered":"\n<p class=\"\">Pierre Palmade, condamn\u00e9 \u00e0 deux ans de prison ferme apr\u00e8s le grave accident de la route survenu en Seine-et-Marne en f\u00e9vrier 2023, a \u00e9t\u00e9 incarc\u00e9r\u00e9 ce matin \u00e0 la prison de Bordeaux-Gradignan, selon&nbsp;<a href=\"https:\/\/www.bfmtv.com\/police-justice\/info-bfmtv-pierre-palmade-a-ete-incarcere-ce-lundi-matin-a-la-prison-de-bordeaux-gradignan_AN-202412090491.html\" target=\"_blank\" rel=\"noreferrer noopener\">BFMTV<\/a>. Le com\u00e9dien, qui avait d\u00e9cid\u00e9 de ne pas faire appel de sa condamnation, \u00ab\u00a0doit \u00eatre plac\u00e9 dans un quartier d&rsquo;isolement\u00a0\u00bb, pr\u00e9cisent nos confr\u00e8res.<\/p>\n\n\n\n<p class=\"\">Le 20 novembre dernier, apr\u00e8s une grosse heure de d\u00e9lib\u00e9r\u00e9, le tribunal de Melun l&rsquo;a reconnu coupable de blessures involontaires sur une famille dans la collision qu&rsquo;il a provoqu\u00e9e sur une route de Seine-et-Marne le 10 f\u00e9vrier 2023 en conduisant sous l&#8217;emprise de stup\u00e9fiants.<\/p>\n\n\n\n<p class=\"\">Conform\u00e9ment aux r\u00e9quisitions du parquet, les juges l&rsquo;ont condamn\u00e9 \u00e0 cinq ans de prison, dont trois avec un sursis probatoire. Pour les deux ans de prison ferme, le tribunal avait d\u00e9livr\u00e9 un mandat de d\u00e9p\u00f4t \u00e0 effet diff\u00e9r\u00e9 avec ex\u00e9cution provisoire.<\/p>\n","protected":false},"excerpt":{"rendered":"<p>Pierre Palmade, condamn\u00e9 \u00e0 deux ans de prison ferme apr\u00e8s le grave accident de la route survenu en Seine-et-Marne en f\u00e9vrier 2023, a \u00e9t\u00e9 incarc\u00e9r\u00e9 ce matin \u00e0 la prison de Bordeaux-Gradignan, selon&nbsp;BFMTV. Le com\u00e9dien, qui avait d\u00e9cid\u00e9 de ne pas faire appel de sa condamnation, \u00ab\u00a0doit \u00eatre plac\u00e9 dans un quartier d&rsquo;isolement\u00a0\u00bb, pr\u00e9cisent nos [&hellip;]<\/p>\n","protected":false},"author":2,"featured_media":31651,"comment_status":"open","ping_status":"open","sticky":false,"template":"","format":"standard","meta":{"_jetpack_memberships_contains_paid_content":false,"footnotes":"","jetpack_publicize_message":"","jetpack_publicize_feature_enabled":true,"jetpack_social_post_already_shared":true,"jetpack_social_options":{"image_generator_settings":{"template":"highway","enabled":true,"token":"eyJpbWciOiJodHRwczpcL1wvd3d3LmljZWFnZXR2LmNvbVwvcmFkaW9zaXRlXC93cC1jb250ZW50XC91cGxvYWRzXC8yMDI0XC8xMlwvUGllcnJlLVBhbG1hZGUtY29uZGFtbmUtYS1kZXV4LWFucy1kZS1wcmlzb24uanBnIiwidHh0IjoiUGllcnJlIFBhbG1hZGUsIGNvbmRhbW5cdTAwZTkgXHUwMGUwIGRldXggYW5zIGRlIHByaXNvbiBmZXJtZSBhcHJcdTAwZThzIGxlIGdyYXZlIGFjY2lkZW50IGRlIGxhIHJvdXRlIHN1cnZlbnUgZW4gU2VpbmUtZXQtTWFybmUgZW4gZlx1MDBlOXZyaWVyIDIwMjMsIGluY2FyY1x1MDBlOXJcdTAwZTkgY2UgbWF0aW4gXHUwMGUwIGxhIHByaXNvbiBkZSBCb3JkZWF1eC1HcmFkaWduYW4iLCJ0ZW1wbGF0ZSI6ImhpZ2h3YXkiLCJibG9nX2lkIjoxMTEwMTY0NjF9.WkwLI44FChOe5ifXeAwvieJGlBEjOi6eIOAQjBbrhikMQ"},"version":2},"_wpas_customize_per_network":false},"categories":[405],"tags":[],"class_list":["post-31649","post","type-post","status-publish","format-standard","has-post-thumbnail","hentry","category-actu-france-monde"],"jetpack_publicize_connections":[],"jetpack_featured_media_url":"https:\/\/i0.wp.com\/www.iceagetv.com\/radiosite\/wp-content\/uploads\/2024\/12\/Pierre-Palmade-condamne-a-deux-ans-de-prison.jpg?fit=679%2C293&ssl=1","jetpack_sharing_enabled":true,"_links":{"self":[{"href":"https:\/\/www.iceagetv.com\/radiosite\/wp-json\/wp\/v2\/posts\/31649","targetHints":{"allow":["GET"]}}],"collection":[{"href":"https:\/\/www.iceagetv.com\/radiosite\/wp-json\/wp\/v2\/posts"}],"about":[{"href":"https:\/\/www.iceagetv.com\/radiosite\/wp-json\/wp\/v2\/types\/post"}],"author":[{"embeddable":true,"href":"https:\/\/www.iceagetv.com\/radiosite\/wp-json\/wp\/v2\/users\/2"}],"replies":[{"embeddable":true,"href":"https:\/\/www.iceagetv.com\/radiosite\/wp-json\/wp\/v2\/comments?post=31649"}],"version-history":[{"count":1,"href":"https:\/\/www.iceagetv.com\/radiosite\/wp-json\/wp\/v2\/posts\/31649\/revisions"}],"predecessor-version":[{"id":31652,"href":"https:\/\/www.iceagetv.com\/radiosite\/wp-json\/wp\/v2\/posts\/31649\/revisions\/31652"}],"wp:featuredmedia":[{"embeddable":true,"href":"https:\/\/www.iceagetv.com\/radiosite\/wp-json\/wp\/v2\/media\/31651"}],"wp:attachment":[{"href":"https:\/\/www.iceagetv.com\/radiosite\/wp-json\/wp\/v2\/media?parent=31649"}],"wp:term":[{"taxonomy":"category","embeddable":true,"href":"https:\/\/www.iceagetv.com\/radiosite\/wp-json\/wp\/v2\/categories?post=31649"},{"taxonomy":"post_tag","embeddable":true,"href":"https:\/\/www.iceagetv.com\/radiosite\/wp-json\/wp\/v2\/tags?post=31649"}],"curies":[{"name":"wp","href":"https:\/\/api.w.org\/{rel}","templated":true}]}}