{"id":31679,"date":"2024-12-10T13:04:20","date_gmt":"2024-12-10T12:04:20","guid":{"rendered":"https:\/\/www.iceagetv.com\/radiosite\/?p=31679"},"modified":"2024-12-10T13:04:24","modified_gmt":"2024-12-10T12:04:24","slug":"disparition-de-morgane-ladolescente-de-13-ans-disparue-dans-les-cotes-darmor-le-25-novembre-retrouvee-vivante-a-coutances-dans-la-manche-un-homme-de-21-ans-qui-lhebergeait-place-en","status":"publish","type":"post","link":"https:\/\/www.iceagetv.com\/radiosite\/disparition-de-morgane-ladolescente-de-13-ans-disparue-dans-les-cotes-darmor-le-25-novembre-retrouvee-vivante-a-coutances-dans-la-manche-un-homme-de-21-ans-qui-lhebergeait-place-en\/","title":{"rendered":"Disparition de Morgane: L&rsquo;adolescente de 13 ans, disparue dans les C\u00f4tes d&rsquo;Armor le 25 novembre, retrouv\u00e9e vivante \u00e0 Coutances, dans la Manche &#8211; Un homme de 21 ans qui l\u2019h\u00e9bergeait plac\u00e9 en garde \u00e0 vue"},"content":{"rendered":"\n<p class=\"\"><strong>Le point sur ce que l&rsquo;on sait<\/strong><\/p>\n\n\n\n<p class=\"\">Morgane, coll\u00e9gienne de 13 ans disparue le 25 novembre \u00e0 Pabu (C\u00f4tes d\u2019Armor) a \u00e9t\u00e9 retrouv\u00e9e vivante mardi matin dans un foyer de jeunes travailleurs \u00e0 Coutances (Manche), a annonc\u00e9 le procureur de la R\u00e9publique de Saint-Brieuc, Nicolas Heitz. Un homme de 21 ans qui h\u00e9bergeait l\u2019adolescente a \u00e9t\u00e9 plac\u00e9 en garde \u00e0 vue, pr\u00e9cise M. Heitz dans un communiqu\u00e9.<\/p>\n\n\n\n<p class=\"\">\u00ab&nbsp;L\u2019enfant disparue a pu \u00eatre localis\u00e9e en ce d\u00e9but de semaine, \u00e0 Coutances&nbsp;\u00bb et a \u00e9t\u00e9 retrouv\u00e9e mardi matin par les gendarmes de la section de recherches de Rennes, ajoute M. Heitz.<\/p>\n\n\n\n<p class=\"\">\u00ab&nbsp;Elle se trouvait dans un foyer de jeunes travailleurs de cette ville (&#8230;) La personne qui l\u2019h\u00e9bergeait, un individu de 21 ans natif de Rennes, a \u00e9t\u00e9 imm\u00e9diatement plac\u00e9 en garde \u00e0 vue du chef d\u2019arrestation, enl\u00e8vement, s\u00e9questration sur mineur de moins de quinze ans&nbsp;\u00bb, souligne le procureur de Saint-Brieuc.<\/p>\n\n\n\n<p class=\"\">Une source polici\u00e8re avait dans un premier temps indiqu\u00e9 que l\u2019adolescente, qui n\u2019avait plus donn\u00e9 signe de vie depuis sa disparition \u00e0 Pabu le 25 novembre, avait \u00e9t\u00e9 retrouv\u00e9e dans une autre r\u00e9gion de l\u2019ouest de la France.<\/p>\n\n\n\n<p class=\"\">Morgane \u00ab&nbsp;va \u00eatre rapidement examin\u00e9e par un m\u00e9decin et \u00eatre entendue par les enqu\u00eateurs&nbsp;\u00bb, pr\u00e9cise Nicolas Heitz, qui ne donne \u00e0 ce stade pas de pr\u00e9cisions sur son \u00e9tat de sant\u00e9.<\/p>\n\n\n\n<p class=\"\">La gendarmerie des C\u00f4tes d\u2019Armor a indiqu\u00e9 sur Facebook que l\u2019adolescente est \u00ab&nbsp;en bonne sant\u00e9&nbsp;\u00bb. \u00ab&nbsp;Morgane se porte bien physiquement&nbsp;\u00bb et n\u2019a pas encore donn\u00e9 d\u2019explications \u00e0 sa disparition, a d\u00e9clar\u00e9 \u00e0 l\u2019AFP une source proche du dossier, sans pouvoir donner d\u2019indication sur l\u2019\u00e9tat psychologique de la coll\u00e9gienne. Le procureur de Saint-Brieuc a annonc\u00e9 \u00ab&nbsp;un point presse d\u00e9taill\u00e9&nbsp;\u00bb mercredi \u00e0 18h00.<\/p>\n\n\n\n<p class=\"\"><strong>12h33:<\/strong>&nbsp;La semaine derni\u00e8re, M. Heitz avait dit envisager \u00ab&nbsp;toutes les pistes&nbsp;\u00bb pour retrouver l\u2019adolescente, qui semblait faire un usage excessif des r\u00e9seaux sociaux o\u00f9 elle \u00e9tait entr\u00e9e \u00ab&nbsp;en relation avec des individus plus \u00e2g\u00e9s&nbsp;\u00bb.<\/p>\n\n\n\n<p class=\"\">\u00ab&nbsp;Ces personnes ont toutes \u00e9t\u00e9 entendues et leurs domiciles ont \u00e9t\u00e9 perquisitionn\u00e9s&nbsp;\u00bb mais \u00ab&nbsp;aucune de ces auditions&nbsp;\u00bb n\u2019avaient permis \u00e0 ce moment-l\u00e0 de la localiser, avait soulign\u00e9 Nicolas Heitz lors d\u2019un point presse.<\/p>\n\n\n\n<p class=\"\">Un homme de 21 ans, r\u00e9sident dans la Dr\u00f4me, a notamment \u00e9t\u00e9 identifi\u00e9 comme ayant cr\u00e9\u00e9 un compte Snapchat au profit de Morgane. Plusieurs images \u00e0 caract\u00e8re p\u00e9dopornographique ne concernant pas Morgane y ont \u00e9t\u00e9 d\u00e9couvertes et l\u2019homme a \u00e9t\u00e9 plac\u00e9 en garde \u00e0 vue pour ces faits, par le parquet comp\u00e9tent, avait pr\u00e9cis\u00e9 le magistrat.Elle se trouvait dans un foyer de jeune travailleur de cette ville. Elle va \u00eatre rapidement examin\u00e9e par un m\u00e9decin et \u00eatre entendue par les enqu\u00eateurs. La personne qui l\u2019h\u00e9bergeait, un individu de 21 ans natif de Rennes, a \u00e9t\u00e9 imm\u00e9diatement plac\u00e9 en garde \u00e0 vue du chef d\u2019arrestation, enl\u00e8vement, s\u00e9questration sur mineur de moins de quinze ans\u00a0\u00bb, ajoute le procureur.<strong>&nbsp;Morgane, l&rsquo;adolescente de 13 ans disparue dans les C\u00f4tes d&rsquo;Armor le 25 novembre dernier, a \u00e9t\u00e9 retrouv\u00e9e vivante. Pendant deux semaines, des recherches d\u2019ampleur ont \u00e9t\u00e9 men\u00e9es pour retrouver l\u2019adolescente disparue le 25 novembre \u00e0 Pabu dans les C\u00f4tes-d\u2019Armor.<\/strong><\/p>\n\n\n\n<p class=\"\">Lundi 25 novembre, Morgane quittait la maison vers 7 heures 15 pour prendre le bus et se rendre au coll\u00e8ge. Ses parents ne la voyaient pas partir, occup\u00e9s \u00e0 se pr\u00e9parer mais elle leur disait au revoir comme \u00e0 son habitude. Selon eux, elle partait sans argent, ni carte bancaire et n\u2019aurait pas de sac d\u2019affaires. Ils \u00e9taient avis\u00e9s par le coll\u00e8ge de son absence aux alentours de 9 heures 30.<\/p>\n\n\n\n<p class=\"\">Le procureur de Saint-Brieuc avait ouvert une information judiciaire et saisi un juge d&rsquo;instruction pour \u00ab\u00a0recherche des causes de la disparition de Morgane\u00a0\u00bb.<\/p>\n","protected":false},"excerpt":{"rendered":"<p>Le point sur ce que l&rsquo;on sait Morgane, coll\u00e9gienne de 13 ans disparue le 25 novembre \u00e0 Pabu (C\u00f4tes d\u2019Armor) a \u00e9t\u00e9 retrouv\u00e9e vivante mardi matin dans un foyer de jeunes travailleurs \u00e0 Coutances (Manche), a annonc\u00e9 le procureur de la R\u00e9publique de Saint-Brieuc, Nicolas Heitz. Un homme de 21 ans qui h\u00e9bergeait l\u2019adolescente a [&hellip;]<\/p>\n","protected":false},"author":2,"featured_media":31680,"comment_status":"open","ping_status":"open","sticky":false,"template":"","format":"standard","meta":{"_jetpack_memberships_contains_paid_content":false,"footnotes":"","jetpack_publicize_message":"","jetpack_publicize_feature_enabled":true,"jetpack_social_post_already_shared":true,"jetpack_social_options":{"image_generator_settings":{"template":"highway","enabled":true,"token":"eyJpbWciOiJodHRwczpcL1wvd3d3LmljZWFnZXR2LmNvbVwvcmFkaW9zaXRlXC93cC1jb250ZW50XC91cGxvYWRzXC8yMDI0XC8xMlwvRGlzcGFyaXRpb24tZGUtTW9yZ2FuZS5qcGciLCJ0eHQiOiJEaXNwYXJpdGlvbiBkZSBNb3JnYW5lOiBMJiM4MjE3O2Fkb2xlc2NlbnRlIGRlIDEzIGFucywgZGlzcGFydWUgZGFucyBsZXMgQ1x1MDBmNHRlcyBkJiM4MjE3O0FybW9yIGxlIDI1IG5vdmVtYnJlLCByZXRyb3V2XHUwMGU5ZSB2aXZhbnRlIFx1MDBlMCBDb3V0YW5jZXMsIGRhbnMgbGEgTWFuY2hlICYjODIxMTsgVW4gaG9tbWUgZGUgMjEgYW5zIHF1aSBsXHUyMDE5aFx1MDBlOWJlcmdlYWl0IHBsYWNcdTAwZTkgZW4gZ2FyZGUgXHUwMGUwIHZ1ZSIsInRlbXBsYXRlIjoiaGlnaHdheSIsImJsb2dfaWQiOjExMTAxNjQ2MX0.DDcp9F1vy2YanAdUatEPqnW-1sQMLm6IBWG0N5oCp84MQ"},"version":2},"_wpas_customize_per_network":false},"categories":[405],"tags":[],"class_list":["post-31679","post","type-post","status-publish","format-standard","has-post-thumbnail","hentry","category-actu-france-monde"],"jetpack_publicize_connections":[],"jetpack_featured_media_url":"https:\/\/i0.wp.com\/www.iceagetv.com\/radiosite\/wp-content\/uploads\/2024\/12\/Disparition-de-Morgane.jpg?fit=679%2C293&ssl=1","jetpack_sharing_enabled":true,"_links":{"self":[{"href":"https:\/\/www.iceagetv.com\/radiosite\/wp-json\/wp\/v2\/posts\/31679","targetHints":{"allow":["GET"]}}],"collection":[{"href":"https:\/\/www.iceagetv.com\/radiosite\/wp-json\/wp\/v2\/posts"}],"about":[{"href":"https:\/\/www.iceagetv.com\/radiosite\/wp-json\/wp\/v2\/types\/post"}],"author":[{"embeddable":true,"href":"https:\/\/www.iceagetv.com\/radiosite\/wp-json\/wp\/v2\/users\/2"}],"replies":[{"embeddable":true,"href":"https:\/\/www.iceagetv.com\/radiosite\/wp-json\/wp\/v2\/comments?post=31679"}],"version-history":[{"count":1,"href":"https:\/\/www.iceagetv.com\/radiosite\/wp-json\/wp\/v2\/posts\/31679\/revisions"}],"predecessor-version":[{"id":31681,"href":"https:\/\/www.iceagetv.com\/radiosite\/wp-json\/wp\/v2\/posts\/31679\/revisions\/31681"}],"wp:featuredmedia":[{"embeddable":true,"href":"https:\/\/www.iceagetv.com\/radiosite\/wp-json\/wp\/v2\/media\/31680"}],"wp:attachment":[{"href":"https:\/\/www.iceagetv.com\/radiosite\/wp-json\/wp\/v2\/media?parent=31679"}],"wp:term":[{"taxonomy":"category","embeddable":true,"href":"https:\/\/www.iceagetv.com\/radiosite\/wp-json\/wp\/v2\/categories?post=31679"},{"taxonomy":"post_tag","embeddable":true,"href":"https:\/\/www.iceagetv.com\/radiosite\/wp-json\/wp\/v2\/tags?post=31679"}],"curies":[{"name":"wp","href":"https:\/\/api.w.org\/{rel}","templated":true}]}}