{"id":31683,"date":"2024-12-10T13:57:53","date_gmt":"2024-12-10T12:57:53","guid":{"rendered":"https:\/\/www.iceagetv.com\/radiosite\/?p=31683"},"modified":"2024-12-10T13:57:57","modified_gmt":"2024-12-10T12:57:57","slug":"budget-la-loi-speciale-permettant-deviter-la-paralysie-de-letat-sera-presentee-ce-mercredi-en-conseil-des-ministres","status":"publish","type":"post","link":"https:\/\/www.iceagetv.com\/radiosite\/budget-la-loi-speciale-permettant-deviter-la-paralysie-de-letat-sera-presentee-ce-mercredi-en-conseil-des-ministres\/","title":{"rendered":"Budget\u00a0: la loi sp\u00e9ciale permettant d&rsquo;\u00e9viter la paralysie de l&rsquo;\u00c9tat sera pr\u00e9sent\u00e9e ce mercredi en conseil des ministres"},"content":{"rendered":"\n<p class=\"\">Le gouvernement d\u00e9missionnaire se r\u00e9unira ce mercredi lors d&rsquo;un\u00a0<strong>conseil des ministres<\/strong>, a appris ce mardi\u00a0<a href=\"https:\/\/www.francetvinfo.fr\/politique\/budget-la-loi-speciale-sera-presentee-mercredi-11-decembre-en-conseil-des-ministres_6946730.html\" target=\"_blank\" rel=\"noreferrer noopener\">franceinfo<\/a>\u00a0aupr\u00e8s de l&rsquo;entourage du pr\u00e9sident de la R\u00e9publique. Au menu notamment, la\u00a0<strong>pr\u00e9sentation de la loi sp\u00e9ciale<\/strong>, qui doit permettre \u00e0 l&rsquo;\u00c9tat de continuer \u00e0 fonctionner en l&rsquo;absence de budget,\u00a0du fait de\u00a0<a href=\"https:\/\/www.francebleu.fr\/infos\/politique\/la-motion-de-censure-adoptee-par-l-assemblee-nationale-le-gouvernement-de-michel-barnier-renverse-2672700\" target=\"_blank\" rel=\"noreferrer noopener\">la censure du gouvernement de Michel Barnier<\/a>\u00a0la semaine derni\u00e8re. Un nouveau Premier ministre ne sera donc pas nomm\u00e9 avant.Le ministre d\u00e9missionnaire du Budget,\u00a0<a href=\"https:\/\/www.francebleu.fr\/infos\/politique\/budget-la-loi-speciale-pour-eviter-la-paralysie-est-prete-que-contient-elle-3877222\" target=\"_blank\" rel=\"noreferrer noopener\">Laurent Saint-Martin, avait indiqu\u00e9 lundi que cette loi sp\u00e9ciale \u00e9tait \u00ab\u00a0pr\u00eate\u00a0\u00bb<\/a>. Si elle est vot\u00e9e, elle permettra de\u00a0<strong>reconduire les cr\u00e9dits budg\u00e9taires de l&rsquo;ann\u00e9e 2024 pour l&rsquo;ann\u00e9e suivante<\/strong>. Il s&rsquo;agit d&rsquo;une loi temporaire, en attendant la pr\u00e9sentation d&rsquo;un budget pour 2025 par le prochain gouvernement.<\/p>\n","protected":false},"excerpt":{"rendered":"<p>Le gouvernement d\u00e9missionnaire se r\u00e9unira ce mercredi lors d&rsquo;un\u00a0conseil des ministres, a appris ce mardi\u00a0franceinfo\u00a0aupr\u00e8s de l&rsquo;entourage du pr\u00e9sident de la R\u00e9publique. Au menu notamment, la\u00a0pr\u00e9sentation de la loi sp\u00e9ciale, qui doit permettre \u00e0 l&rsquo;\u00c9tat de continuer \u00e0 fonctionner en l&rsquo;absence de budget,\u00a0du fait de\u00a0la censure du gouvernement de Michel Barnier\u00a0la semaine derni\u00e8re. Un nouveau [&hellip;]<\/p>\n","protected":false},"author":2,"featured_media":31684,"comment_status":"open","ping_status":"open","sticky":false,"template":"","format":"standard","meta":{"_jetpack_memberships_contains_paid_content":false,"footnotes":"","jetpack_publicize_message":"","jetpack_publicize_feature_enabled":true,"jetpack_social_post_already_shared":true,"jetpack_social_options":{"image_generator_settings":{"template":"highway","enabled":true,"token":"eyJpbWciOiJodHRwczpcL1wvd3d3LmljZWFnZXR2LmNvbVwvcmFkaW9zaXRlXC93cC1jb250ZW50XC91cGxvYWRzXC8yMDI0XC8xMlwvQnVkZ2V0LWxhLWxvaS5qcGciLCJ0eHQiOiJCdWRnZXRcdTAwYTA6IGxhIGxvaSBzcFx1MDBlOWNpYWxlIHBlcm1ldHRhbnQgZCYjODIxNztcdTAwZTl2aXRlciBsYSBwYXJhbHlzaWUgZGUgbCYjODIxNztcdTAwYzl0YXQgc2VyYSBwclx1MDBlOXNlbnRcdTAwZTllIGNlIG1lcmNyZWRpIGVuIGNvbnNlaWwgZGVzIG1pbmlzdHJlcyIsInRlbXBsYXRlIjoiaGlnaHdheSIsImJsb2dfaWQiOjExMTAxNjQ2MX0.y19ogjn-ylwGm0f0Hkj4TmWyxyQW7QnfGxSIvOvUS34MQ"},"version":2},"_wpas_customize_per_network":false},"categories":[405],"tags":[],"class_list":["post-31683","post","type-post","status-publish","format-standard","has-post-thumbnail","hentry","category-actu-france-monde"],"jetpack_publicize_connections":[],"jetpack_featured_media_url":"https:\/\/i0.wp.com\/www.iceagetv.com\/radiosite\/wp-content\/uploads\/2024\/12\/Budget-la-loi.jpg?fit=529%2C310&ssl=1","jetpack_sharing_enabled":true,"_links":{"self":[{"href":"https:\/\/www.iceagetv.com\/radiosite\/wp-json\/wp\/v2\/posts\/31683","targetHints":{"allow":["GET"]}}],"collection":[{"href":"https:\/\/www.iceagetv.com\/radiosite\/wp-json\/wp\/v2\/posts"}],"about":[{"href":"https:\/\/www.iceagetv.com\/radiosite\/wp-json\/wp\/v2\/types\/post"}],"author":[{"embeddable":true,"href":"https:\/\/www.iceagetv.com\/radiosite\/wp-json\/wp\/v2\/users\/2"}],"replies":[{"embeddable":true,"href":"https:\/\/www.iceagetv.com\/radiosite\/wp-json\/wp\/v2\/comments?post=31683"}],"version-history":[{"count":1,"href":"https:\/\/www.iceagetv.com\/radiosite\/wp-json\/wp\/v2\/posts\/31683\/revisions"}],"predecessor-version":[{"id":31685,"href":"https:\/\/www.iceagetv.com\/radiosite\/wp-json\/wp\/v2\/posts\/31683\/revisions\/31685"}],"wp:featuredmedia":[{"embeddable":true,"href":"https:\/\/www.iceagetv.com\/radiosite\/wp-json\/wp\/v2\/media\/31684"}],"wp:attachment":[{"href":"https:\/\/www.iceagetv.com\/radiosite\/wp-json\/wp\/v2\/media?parent=31683"}],"wp:term":[{"taxonomy":"category","embeddable":true,"href":"https:\/\/www.iceagetv.com\/radiosite\/wp-json\/wp\/v2\/categories?post=31683"},{"taxonomy":"post_tag","embeddable":true,"href":"https:\/\/www.iceagetv.com\/radiosite\/wp-json\/wp\/v2\/tags?post=31683"}],"curies":[{"name":"wp","href":"https:\/\/api.w.org\/{rel}","templated":true}]}}