{"id":31692,"date":"2024-12-10T17:34:38","date_gmt":"2024-12-10T16:34:38","guid":{"rendered":"https:\/\/www.iceagetv.com\/radiosite\/?p=31692"},"modified":"2024-12-10T17:34:43","modified_gmt":"2024-12-10T16:34:43","slug":"roger-madec-ex-senateur-et-maire-ps-du-xixe-arrondissement-pendant-18-ans-est-decede-soudainement-a-lage-de-74-ans","status":"publish","type":"post","link":"https:\/\/www.iceagetv.com\/radiosite\/roger-madec-ex-senateur-et-maire-ps-du-xixe-arrondissement-pendant-18-ans-est-decede-soudainement-a-lage-de-74-ans\/","title":{"rendered":"Roger Madec, ex-s\u00e9nateur et maire PS du XIXe arrondissement pendant 18 ans, est d\u00e9c\u00e9d\u00e9 \u00absoudainement\u00bb \u00e0 l&rsquo;\u00e2ge de 74 ans"},"content":{"rendered":"\n<p class=\"\">Roger Madec, ex-s\u00e9nateur et maire PS du XIXe arrondissement pendant 18 ans, est d\u00e9c\u00e9d\u00e9 \u00absoudainement\u00bb \u00e0 l&rsquo;\u00e2ge de 74 ans, a annonc\u00e9 la maire de Paris Anne Hidalgo. \u00abJe perds et je pleure un ami cher, un des artisans de la victoire de la gauche \u00e0 Paris. Son nom restera \u00e0 jamais indissociable du 19e dont il a \u00e9t\u00e9 le maire de 1995 \u00e0 2013\u00bb, d\u00e9clare la maire socialiste dans un communiqu\u00e9.<\/p>\n\n\n\n<p class=\"\">\u00c9lu pour la premi\u00e8re fois conseiller de Paris en 1989, Roger Madec remporte en 1995, de justesse face au RPR, le XIXe arrondissement (nord-est), une des six premi\u00e8res mairies initiant la bascule \u00e0 gauche de la capitale. Il est r\u00e9\u00e9lu aux municipales de 2001, qui ont permis \u00e0 Bertrand Delano\u00eb de devenir maire de Paris. Pendant 18 ans, il a \u00abv\u00e9cu pour son arrondissement 24h\/24h, c&rsquo;\u00e9tait un vrai \u00e9lu de terrain, tout le monde le connaissait\u00bb, a r\u00e9agi aupr\u00e8s de l&rsquo;AFP Patrick Bloche, premier adjoint \u00e0 Anne Hidalgo. \u00abIl a \u00e9t\u00e9 un grand maire am\u00e9nageur qui a \u0153uvr\u00e9 \u00e0 transformer le XIXe\u00bb, a ajout\u00e9 cet \u00e9lu qui milita aux c\u00f4t\u00e9s de Roger Madec au PS, dans le courant de Jean-Pierre Chev\u00e8nement.<\/p>\n\n\n\n<p class=\"\">\u00abRoger \u00e9tait un homme de conviction et de combat, une figure embl\u00e9matique et tut\u00e9laire de la f\u00e9d\u00e9ration de Paris du Parti socialiste\u00bb, a r\u00e9agi de son c\u00f4t\u00e9 le d\u00e9put\u00e9 PS Emmanuel Gr\u00e9goire, ancien premier adjoint d\u2019Anne Hidalgo et candidat aux municipales de 2026. Roger Madec fut \u00e9lu s\u00e9nateur de Paris en 2004, puis r\u00e9\u00e9lu en 2011, l&rsquo;ann\u00e9e o\u00f9 le S\u00e9nat a bascul\u00e9 \u00e0 gauche.<\/p>\n\n\n\n<p class=\"\">Engag\u00e9 en faveur du mariage homosexuel, il avait suscit\u00e9 une pol\u00e9mique en 2012, en faisant couper l&rsquo;\u00e9lectricit\u00e9 dans sa mairie pendant le tournage d&rsquo;une \u00e9mission dans laquelle \u00e9tait interview\u00e9e la porte-parole de la Manif pour tous Frigide Barjot. R\u00e9\u00e9lu maire en 2008, il a d\u00e9missionn\u00e9 de son mandat de maire pour passer la main \u00e0 Fran\u00e7ois Dagnaud. Jusqu&rsquo;\u00e0 sa mort soudaine, il a occup\u00e9 des fonctions en tant qu&rsquo;\u00e9lu charg\u00e9 de l&rsquo;am\u00e9nagement urbain.<\/p>\n","protected":false},"excerpt":{"rendered":"<p>Roger Madec, ex-s\u00e9nateur et maire PS du XIXe arrondissement pendant 18 ans, est d\u00e9c\u00e9d\u00e9 \u00absoudainement\u00bb \u00e0 l&rsquo;\u00e2ge de 74 ans, a annonc\u00e9 la maire de Paris Anne Hidalgo. \u00abJe perds et je pleure un ami cher, un des artisans de la victoire de la gauche \u00e0 Paris. Son nom restera \u00e0 jamais indissociable du 19e [&hellip;]<\/p>\n","protected":false},"author":2,"featured_media":31693,"comment_status":"open","ping_status":"open","sticky":false,"template":"","format":"standard","meta":{"_jetpack_memberships_contains_paid_content":false,"footnotes":"","jetpack_publicize_message":"","jetpack_publicize_feature_enabled":true,"jetpack_social_post_already_shared":true,"jetpack_social_options":{"image_generator_settings":{"template":"highway","enabled":true,"token":"eyJpbWciOiJodHRwczpcL1wvd3d3LmljZWFnZXR2LmNvbVwvcmFkaW9zaXRlXC93cC1jb250ZW50XC91cGxvYWRzXC8yMDI0XC8xMlwvUm9nZXItTWFkZWMuanBnIiwidHh0IjoiUm9nZXIgTWFkZWMsIGV4LXNcdTAwZTluYXRldXIgZXQgbWFpcmUgUFMgZHUgWElYZSBhcnJvbmRpc3NlbWVudCBwZW5kYW50IDE4IGFucywgZXN0IGRcdTAwZTljXHUwMGU5ZFx1MDBlOSBcdTAwYWJzb3VkYWluZW1lbnRcdTAwYmIgXHUwMGUwIGwmIzgyMTc7XHUwMGUyZ2UgZGUgNzQgYW5zIiwidGVtcGxhdGUiOiJoaWdod2F5IiwiYmxvZ19pZCI6MTExMDE2NDYxfQ.ZWCxnkDWg9GTWtNPA0GM7MmgQVwX5Rj0t9EPK8BoDywMQ"},"version":2},"_wpas_customize_per_network":false},"categories":[405],"tags":[],"class_list":["post-31692","post","type-post","status-publish","format-standard","has-post-thumbnail","hentry","category-actu-france-monde"],"jetpack_publicize_connections":[],"jetpack_featured_media_url":"https:\/\/i0.wp.com\/www.iceagetv.com\/radiosite\/wp-content\/uploads\/2024\/12\/Roger-Madec.jpg?fit=679%2C293&ssl=1","jetpack_sharing_enabled":true,"_links":{"self":[{"href":"https:\/\/www.iceagetv.com\/radiosite\/wp-json\/wp\/v2\/posts\/31692","targetHints":{"allow":["GET"]}}],"collection":[{"href":"https:\/\/www.iceagetv.com\/radiosite\/wp-json\/wp\/v2\/posts"}],"about":[{"href":"https:\/\/www.iceagetv.com\/radiosite\/wp-json\/wp\/v2\/types\/post"}],"author":[{"embeddable":true,"href":"https:\/\/www.iceagetv.com\/radiosite\/wp-json\/wp\/v2\/users\/2"}],"replies":[{"embeddable":true,"href":"https:\/\/www.iceagetv.com\/radiosite\/wp-json\/wp\/v2\/comments?post=31692"}],"version-history":[{"count":1,"href":"https:\/\/www.iceagetv.com\/radiosite\/wp-json\/wp\/v2\/posts\/31692\/revisions"}],"predecessor-version":[{"id":31694,"href":"https:\/\/www.iceagetv.com\/radiosite\/wp-json\/wp\/v2\/posts\/31692\/revisions\/31694"}],"wp:featuredmedia":[{"embeddable":true,"href":"https:\/\/www.iceagetv.com\/radiosite\/wp-json\/wp\/v2\/media\/31693"}],"wp:attachment":[{"href":"https:\/\/www.iceagetv.com\/radiosite\/wp-json\/wp\/v2\/media?parent=31692"}],"wp:term":[{"taxonomy":"category","embeddable":true,"href":"https:\/\/www.iceagetv.com\/radiosite\/wp-json\/wp\/v2\/categories?post=31692"},{"taxonomy":"post_tag","embeddable":true,"href":"https:\/\/www.iceagetv.com\/radiosite\/wp-json\/wp\/v2\/tags?post=31692"}],"curies":[{"name":"wp","href":"https:\/\/api.w.org\/{rel}","templated":true}]}}