{"id":31695,"date":"2024-12-11T07:03:41","date_gmt":"2024-12-11T06:03:41","guid":{"rendered":"https:\/\/www.iceagetv.com\/radiosite\/?p=31695"},"modified":"2024-12-11T07:03:46","modified_gmt":"2024-12-11T06:03:46","slug":"menace-terroriste-en-france-faut-il-sinquieter-de-la-prise-de-pouvoir-des-rebelles-jihadistes-en-syrie","status":"publish","type":"post","link":"https:\/\/www.iceagetv.com\/radiosite\/menace-terroriste-en-france-faut-il-sinquieter-de-la-prise-de-pouvoir-des-rebelles-jihadistes-en-syrie\/","title":{"rendered":"Menace terroriste en France: faut-il s&rsquo;inqui\u00e9ter de la prise de pouvoir des rebelles jihadistes en Syrie?"},"content":{"rendered":"\n<p class=\"\">Le r\u00e9gime de Bachar al-Assad en place depuis plus de 20 ans en Syrie a \u00e9t\u00e9 renvers\u00e9 ce dimanche 8 d\u00e9cembre dans une offensive \u00e9clair men\u00e9e par les rebelles jihadistes du groupe Hayat Tahrir al-Sham (HTS).Si la chute du dictateur syrien, qui martyrisait sa population, a \u00e9t\u00e9 favorablement accueillie par les dirigeants occidentaux, la crainte de voir s&rsquo;accro\u00eetre la menace terroriste a ressurgi. La crainte vient tant d&rsquo;avoir de nouveaux attentats foment\u00e9s depuis la Syrie, \u00e0 l&rsquo;image du 13-Novembre, que du r\u00e9veil d&rsquo;une n\u00e9buleuse jihadiste en Europe.Un groupe jihadiste qui lisse son image<\/p>\n\n\n\n<p class=\"\">Le groupe Hayat Tahrir al-Sham (HTS) est en effet une alliance d&rsquo;islamistes domin\u00e9e par l&rsquo;ancienne branche syrienne d&rsquo;al-Qa\u00efda. Ce groupe est n\u00e9 en 2017 apr\u00e8s la rupture avec al-Qa\u00efda, men\u00e9e par\u00a0<a href=\"https:\/\/www.bfmtv.com\/international\/moyen-orient\/syrie\/bachar-al-assad-renverse-qui-est-abou-mohammad-al-jolani-le-chef-islamiste-de-la-coalition-rebelle-en-syrie_AD-202412080217.html\">son chef Abou Mohammad al-Jolani<\/a>, radicalis\u00e9 en 2003. Depuis, il ne cesse de polir son image, tant aupr\u00e8s de sa population et des minorit\u00e9s syriennes qu&rsquo;aupr\u00e8s de la communaut\u00e9 internationale.Une r\u00e9surgence de Daesh?Autre point d&rsquo;inqui\u00e9tude: la possible r\u00e9surgence de Daesh qui conserve quelques poches sur le territoire syrien. Une situation qui semble peu probable \u00ab\u00a0sous la forme qu\u2019on a connue\u00a0\u00bb estime toutefois sur Franceinfo le g\u00e9n\u00e9ral Vincent Desportes, ancien directeur de l\u2019\u00c9cole de guerre. Daesh est en effet tr\u00e8s affaibli et n&rsquo;entretient pas de bonnes relations avec HTS qui, au contraire, les combats.<\/p>\n","protected":false},"excerpt":{"rendered":"<p>Le r\u00e9gime de Bachar al-Assad en place depuis plus de 20 ans en Syrie a \u00e9t\u00e9 renvers\u00e9 ce dimanche 8 d\u00e9cembre dans une offensive \u00e9clair men\u00e9e par les rebelles jihadistes du groupe Hayat Tahrir al-Sham (HTS).Si la chute du dictateur syrien, qui martyrisait sa population, a \u00e9t\u00e9 favorablement accueillie par les dirigeants occidentaux, la crainte [&hellip;]<\/p>\n","protected":false},"author":2,"featured_media":31696,"comment_status":"open","ping_status":"open","sticky":false,"template":"","format":"standard","meta":{"_jetpack_memberships_contains_paid_content":false,"footnotes":"","jetpack_publicize_message":"","jetpack_publicize_feature_enabled":true,"jetpack_social_post_already_shared":true,"jetpack_social_options":{"image_generator_settings":{"template":"highway","enabled":true,"token":"eyJpbWciOiJodHRwczpcL1wvd3d3LmljZWFnZXR2LmNvbVwvcmFkaW9zaXRlXC93cC1jb250ZW50XC91cGxvYWRzXC8yMDI0XC8xMlwvU2NyZWVuc2hvdF8yMDI0MTIxMV8wNzAyMjktMTAyNHg0MjQuanBnIiwidHh0IjoiTWVuYWNlIHRlcnJvcmlzdGUgZW4gRnJhbmNlOiBmYXV0LWlsIHMmIzgyMTc7aW5xdWlcdTAwZTl0ZXIgZGUgbGEgcHJpc2UgZGUgcG91dm9pciBkZXMgcmViZWxsZXMgamloYWRpc3RlcyBlbiBTeXJpZT8iLCJ0ZW1wbGF0ZSI6ImhpZ2h3YXkiLCJibG9nX2lkIjoxMTEwMTY0NjF9.rhGIL9tOpZvJYOwb4ENfWR4UFeuCJpGs0vZjMvZ75eMMQ"},"version":2},"_wpas_customize_per_network":false},"categories":[405],"tags":[],"class_list":["post-31695","post","type-post","status-publish","format-standard","has-post-thumbnail","hentry","category-actu-france-monde"],"jetpack_publicize_connections":[],"jetpack_featured_media_url":"https:\/\/i0.wp.com\/www.iceagetv.com\/radiosite\/wp-content\/uploads\/2024\/12\/Screenshot_20241211_070229.jpg?fit=1080%2C447&ssl=1","jetpack_sharing_enabled":true,"_links":{"self":[{"href":"https:\/\/www.iceagetv.com\/radiosite\/wp-json\/wp\/v2\/posts\/31695","targetHints":{"allow":["GET"]}}],"collection":[{"href":"https:\/\/www.iceagetv.com\/radiosite\/wp-json\/wp\/v2\/posts"}],"about":[{"href":"https:\/\/www.iceagetv.com\/radiosite\/wp-json\/wp\/v2\/types\/post"}],"author":[{"embeddable":true,"href":"https:\/\/www.iceagetv.com\/radiosite\/wp-json\/wp\/v2\/users\/2"}],"replies":[{"embeddable":true,"href":"https:\/\/www.iceagetv.com\/radiosite\/wp-json\/wp\/v2\/comments?post=31695"}],"version-history":[{"count":1,"href":"https:\/\/www.iceagetv.com\/radiosite\/wp-json\/wp\/v2\/posts\/31695\/revisions"}],"predecessor-version":[{"id":31697,"href":"https:\/\/www.iceagetv.com\/radiosite\/wp-json\/wp\/v2\/posts\/31695\/revisions\/31697"}],"wp:featuredmedia":[{"embeddable":true,"href":"https:\/\/www.iceagetv.com\/radiosite\/wp-json\/wp\/v2\/media\/31696"}],"wp:attachment":[{"href":"https:\/\/www.iceagetv.com\/radiosite\/wp-json\/wp\/v2\/media?parent=31695"}],"wp:term":[{"taxonomy":"category","embeddable":true,"href":"https:\/\/www.iceagetv.com\/radiosite\/wp-json\/wp\/v2\/categories?post=31695"},{"taxonomy":"post_tag","embeddable":true,"href":"https:\/\/www.iceagetv.com\/radiosite\/wp-json\/wp\/v2\/tags?post=31695"}],"curies":[{"name":"wp","href":"https:\/\/api.w.org\/{rel}","templated":true}]}}