{"id":31734,"date":"2024-12-12T12:45:28","date_gmt":"2024-12-12T11:45:28","guid":{"rendered":"https:\/\/www.iceagetv.com\/radiosite\/?p=31734"},"modified":"2024-12-12T12:45:32","modified_gmt":"2024-12-12T11:45:32","slug":"yvon-gattaz-qui-fut-le-patron-des-patrons-sous-la-presidence-de-francois-mitterrand-est-decede-cette-nuit-a-lage-de-99-ans-annonce-sa-famille","status":"publish","type":"post","link":"https:\/\/www.iceagetv.com\/radiosite\/yvon-gattaz-qui-fut-le-patron-des-patrons-sous-la-presidence-de-francois-mitterrand-est-decede-cette-nuit-a-lage-de-99-ans-annonce-sa-famille\/","title":{"rendered":"Yvon Gattaz, qui fut le patron des patrons sous la pr\u00e9sidence de Fran\u00e7ois Mitterrand, est d\u00e9c\u00e9d\u00e9 cette nuit \u00e0 l\u2019\u00e2ge de 99 ans, annonce sa famille"},"content":{"rendered":"\n<p class=\"\">Yvon Gattaz, qui fut le patron des patrons sous la pr\u00e9sidence de Fran\u00e7ois Mitterrand, est d\u00e9c\u00e9d\u00e9 dans la nuit de mercredi \u00e0 jeudi \u00e0 99 ans, a annonc\u00e9 jeudi sa famille \u00e0 l\u2019AFP.<\/p>\n\n\n\n<p class=\"\">Yvon Gattaz a \u00e9t\u00e9 le pr\u00e9sident du Conseil national du patronat fran\u00e7ais (CNPF) de 1981 \u00e0 1986. L\u2019organisation patronale est ensuite devenue le Medef, que son fils Pierre Gattaz a dirig\u00e9 entre 2013 et 2018. M. Gattaz est d\u00e9c\u00e9d\u00e9 \u00ab&nbsp;cette nuit, entour\u00e9 des siens&nbsp;\u00bb, a indiqu\u00e9 sa famille \u00e0 l\u2019AFP.<\/p>\n\n\n\n<p class=\"\">N\u00e9 le 17 juin 1925 \u00e0 Bourgoin (Is\u00e8re), dans une famille o\u00f9 il n\u2019avait \u00ab&nbsp;jamais entendu prononcer le mot entreprise&nbsp;\u00bb, Yvon Gattaz a d\u2019abord fond\u00e9, avec son fr\u00e8re Lucien, l\u2019entreprise Radiall, fabriquant des composants \u00e9lectroniques pour l\u2019a\u00e9ronautique, dont son fils est aujourd\u2019hui dirigeant.<\/p>\n\n\n\n<p class=\"\">A la pr\u00e9sidence du CNPF, il restera dans les m\u00e9moires comme le \u00ab&nbsp;patron des patrons&nbsp;\u00bb lors du choc de l\u2019arriv\u00e9e de la gauche au pouvoir en 1981, partisan de \u00ab&nbsp;la cohabitation \u00e9conomique&nbsp;\u00bb avec Fran\u00e7ois Mitterrand. A la t\u00eate de l\u2019anc\u00eatre de l\u2019actuel Medef, cet enfant d\u2019une famille d\u2019enseignants de province, centralien, que rien ne destinait au d\u00e9part \u00e0 l\u2019entreprise, nouera vite le dialogue et m\u00eame une relation de confiance avec le pr\u00e9sident socialiste.<\/p>\n\n\n\n<p class=\"\">\u00ab&nbsp;Yvon Gattaz a consacr\u00e9 sa vie \u00e0 promouvoir l\u2019esprit d\u2019entreprise, un management humain, \u00e9thique et ouvert aux jeunes g\u00e9n\u00e9rations&nbsp;\u00bb, a d\u00e9clar\u00e9 \u00e0 l\u2019AFP son fils Pierre Gattaz. \u00ab&nbsp;Convaincu que l\u2019entrepreneuriat est un facteur d\u00e9terminant de l\u2019avenir \u00e9conomique et social, il a oeuvr\u00e9 sans rel\u00e2che pour encourager la jeunesse \u00e0 cr\u00e9er, innover et assumer ses responsabilit\u00e9s dans un monde en mutation&nbsp;\u00bb, a-t-il ajout\u00e9.<\/p>\n\n\n\n<p class=\"\">Yvon Gattaz a \u00e9galement cr\u00e9\u00e9 le mouvement patronal Ethic, dirig\u00e9 aujourd\u2019hui par Sophie de Menthon. \u00ab&nbsp;Ses obs\u00e8ques seront c\u00e9l\u00e9br\u00e9es prochainement&nbsp;\u00bb, les informations seront communiqu\u00e9es ult\u00e9rieurement, a pr\u00e9cis\u00e9 Pierre Gattaz.<\/p>\n","protected":false},"excerpt":{"rendered":"<p>Yvon Gattaz, qui fut le patron des patrons sous la pr\u00e9sidence de Fran\u00e7ois Mitterrand, est d\u00e9c\u00e9d\u00e9 dans la nuit de mercredi \u00e0 jeudi \u00e0 99 ans, a annonc\u00e9 jeudi sa famille \u00e0 l\u2019AFP. Yvon Gattaz a \u00e9t\u00e9 le pr\u00e9sident du Conseil national du patronat fran\u00e7ais (CNPF) de 1981 \u00e0 1986. L\u2019organisation patronale est ensuite devenue [&hellip;]<\/p>\n","protected":false},"author":2,"featured_media":31735,"comment_status":"open","ping_status":"open","sticky":false,"template":"","format":"standard","meta":{"_jetpack_memberships_contains_paid_content":false,"footnotes":"","jetpack_publicize_message":"","jetpack_publicize_feature_enabled":true,"jetpack_social_post_already_shared":true,"jetpack_social_options":{"image_generator_settings":{"template":"highway","enabled":true,"token":"eyJpbWciOiJodHRwczpcL1wvd3d3LmljZWFnZXR2LmNvbVwvcmFkaW9zaXRlXC93cC1jb250ZW50XC91cGxvYWRzXC8yMDI0XC8xMlwvUEN4cHNMZ0suanBnIiwidHh0IjoiWXZvbiBHYXR0YXosIHF1aSBmdXQgbGUgcGF0cm9uIGRlcyBwYXRyb25zIHNvdXMgbGEgcHJcdTAwZTlzaWRlbmNlIGRlIEZyYW5cdTAwZTdvaXMgTWl0dGVycmFuZCwgZXN0IGRcdTAwZTljXHUwMGU5ZFx1MDBlOSBjZXR0ZSBudWl0IFx1MDBlMCBsXHUyMDE5XHUwMGUyZ2UgZGUgOTkgYW5zLCBhbm5vbmNlIHNhIGZhbWlsbGUiLCJ0ZW1wbGF0ZSI6ImhpZ2h3YXkiLCJibG9nX2lkIjoxMTEwMTY0NjF9.DRzCrUfzLARCyjSWOV_r_4IAgSmtNV-l8LE91RzAHzcMQ"},"version":2},"_wpas_customize_per_network":false},"categories":[405],"tags":[],"class_list":["post-31734","post","type-post","status-publish","format-standard","has-post-thumbnail","hentry","category-actu-france-monde"],"jetpack_publicize_connections":[],"jetpack_featured_media_url":"https:\/\/i0.wp.com\/www.iceagetv.com\/radiosite\/wp-content\/uploads\/2024\/12\/PCxpsLgK.jpg?fit=679%2C293&ssl=1","jetpack_sharing_enabled":true,"_links":{"self":[{"href":"https:\/\/www.iceagetv.com\/radiosite\/wp-json\/wp\/v2\/posts\/31734","targetHints":{"allow":["GET"]}}],"collection":[{"href":"https:\/\/www.iceagetv.com\/radiosite\/wp-json\/wp\/v2\/posts"}],"about":[{"href":"https:\/\/www.iceagetv.com\/radiosite\/wp-json\/wp\/v2\/types\/post"}],"author":[{"embeddable":true,"href":"https:\/\/www.iceagetv.com\/radiosite\/wp-json\/wp\/v2\/users\/2"}],"replies":[{"embeddable":true,"href":"https:\/\/www.iceagetv.com\/radiosite\/wp-json\/wp\/v2\/comments?post=31734"}],"version-history":[{"count":1,"href":"https:\/\/www.iceagetv.com\/radiosite\/wp-json\/wp\/v2\/posts\/31734\/revisions"}],"predecessor-version":[{"id":31736,"href":"https:\/\/www.iceagetv.com\/radiosite\/wp-json\/wp\/v2\/posts\/31734\/revisions\/31736"}],"wp:featuredmedia":[{"embeddable":true,"href":"https:\/\/www.iceagetv.com\/radiosite\/wp-json\/wp\/v2\/media\/31735"}],"wp:attachment":[{"href":"https:\/\/www.iceagetv.com\/radiosite\/wp-json\/wp\/v2\/media?parent=31734"}],"wp:term":[{"taxonomy":"category","embeddable":true,"href":"https:\/\/www.iceagetv.com\/radiosite\/wp-json\/wp\/v2\/categories?post=31734"},{"taxonomy":"post_tag","embeddable":true,"href":"https:\/\/www.iceagetv.com\/radiosite\/wp-json\/wp\/v2\/tags?post=31734"}],"curies":[{"name":"wp","href":"https:\/\/api.w.org\/{rel}","templated":true}]}}