{"id":31757,"date":"2024-12-13T12:56:12","date_gmt":"2024-12-13T11:56:12","guid":{"rendered":"https:\/\/www.iceagetv.com\/radiosite\/?p=31757"},"modified":"2024-12-13T12:56:17","modified_gmt":"2024-12-13T11:56:17","slug":"urgent-apres-un-entretien-tres-tendu-ce-matin-entre-les-2-hommes-emmanuel-macron-a-finalement-cede-et-accepte-de-nommer-francois-bayrou-premier-ministre-en-fin-de-matinee","status":"publish","type":"post","link":"https:\/\/www.iceagetv.com\/radiosite\/urgent-apres-un-entretien-tres-tendu-ce-matin-entre-les-2-hommes-emmanuel-macron-a-finalement-cede-et-accepte-de-nommer-francois-bayrou-premier-ministre-en-fin-de-matinee\/","title":{"rendered":"URGENT &#8211; Apr\u00e8s un entretien tr\u00e8s tendu ce matin entre les 2 hommes, Emmanuel Macron a finalement c\u00e9d\u00e9 et accept\u00e9 de nommer Fran\u00e7ois Bayrou Premier ministre en fin de matin\u00e9e"},"content":{"rendered":"\n<p class=\"\"><strong>\u00a0Apr\u00e8s un entretien tr\u00e8s tendu ce matin entre les 2 hommes, Emmanuel Macron a finalement c\u00e9d\u00e9 et accept\u00e9 de nommer Fran\u00e7ois Bayrou Premier ministre en fin de matin\u00e9e<\/strong>Jordan Bardella assure \u00ab\u00a0qu&rsquo;il n&rsquo;y aura pas de censure a priori\u00a0\u00bb<\/p>\n\n\n\n<p class=\"\">Apr\u00e8s la nomination de Fran\u00e7ois Bayrou \u00e0 Matignon, Jordan Bardella assure qu&rsquo;il \u00ab\u00a0n&rsquo;y aura pas de censure a priori\u00a0\u00bb du Rassemblement national.<\/p>\n\n\n\n<p class=\"\">Le pr\u00e9sident du parti appelle tout de m\u00eame le nouveau Premier ministre \u00e0 \u00ab\u00a0prendre en consid\u00e9ration la nouvelle donne politique\u00a0\u00bb et \u00e0 \u00ab\u00a0entendre qu&rsquo;il n&rsquo;a pas de l\u00e9gitimit\u00e9 d\u00e9mocratique ni de majorit\u00e9 \u00e0 l&rsquo;Assembl\u00e9e nationale ce qui suppose un dialogue avec l&rsquo;ensemble des forces repr\u00e9sent\u00e9es au Parlement\u00a0\u00bb.<\/p>\n\n\n\n<p class=\"\"><em>Les r\u00e9actions politiques pleuvent apr\u00e8s l&rsquo;annonce du nom du Premier ministre. A gauche, le choix d&rsquo;Emmanuel Macron est d\u00e9j\u00e0 critiqu\u00e9.\u00a0\u00ab\u00a0Fran\u00e7ois Bayrou, nomm\u00e9 dans une ambiance de vaudeville. C\u2019est path\u00e9tique,\u00a0\u00e9crit l&rsquo;\u00e9cologiste Cyrielle Chatelain\u00a0<\/em><a href=\"https:\/\/x.com\/Cyrielle_Chtl\/status\/1867536779814773246\" target=\"_blank\" rel=\"noreferrer noopener\"><em>sur X<\/em><\/a><em>.\u00a0Emmanuel Macron s\u2019ent\u00eate et nous enfonce un peu plus dans la crise politique et institutionnel.\u00a0\u00bb<\/em><\/p>\n","protected":false},"excerpt":{"rendered":"<p>\u00a0Apr\u00e8s un entretien tr\u00e8s tendu ce matin entre les 2 hommes, Emmanuel Macron a finalement c\u00e9d\u00e9 et accept\u00e9 de nommer Fran\u00e7ois Bayrou Premier ministre en fin de matin\u00e9eJordan Bardella assure \u00ab\u00a0qu&rsquo;il n&rsquo;y aura pas de censure a priori\u00a0\u00bb Apr\u00e8s la nomination de Fran\u00e7ois Bayrou \u00e0 Matignon, Jordan Bardella assure qu&rsquo;il \u00ab\u00a0n&rsquo;y aura pas de censure [&hellip;]<\/p>\n","protected":false},"author":2,"featured_media":31758,"comment_status":"open","ping_status":"open","sticky":false,"template":"","format":"standard","meta":{"_jetpack_memberships_contains_paid_content":false,"footnotes":"","jetpack_publicize_message":"","jetpack_publicize_feature_enabled":true,"jetpack_social_post_already_shared":false,"jetpack_social_options":{"image_generator_settings":{"template":"highway","enabled":true,"token":"eyJpbWciOiJodHRwczpcL1wvd3d3LmljZWFnZXR2LmNvbVwvcmFkaW9zaXRlXC93cC1jb250ZW50XC91cGxvYWRzXC8yMDI0XC8xMlwvOWVFUnliT0ouanBnIiwidHh0IjoiVVJHRU5UICYjODIxMTsgQXByXHUwMGU4cyB1biBlbnRyZXRpZW4gdHJcdTAwZThzIHRlbmR1IGNlIG1hdGluIGVudHJlIGxlcyAyIGhvbW1lcywgRW1tYW51ZWwgTWFjcm9uIGEgZmluYWxlbWVudCBjXHUwMGU5ZFx1MDBlOSBldCBhY2NlcHRcdTAwZTkgZGUgbm9tbWVyIEZyYW5cdTAwZTdvaXMgQmF5cm91IFByZW1pZXIgbWluaXN0cmUgZW4gZmluIGRlIG1hdGluXHUwMGU5ZSIsInRlbXBsYXRlIjoiaGlnaHdheSIsImJsb2dfaWQiOjExMTAxNjQ2MX0.oQWQ-gXzHJWQ_HLdAXluYBXAhPyOnudH90MCi53Po78MQ"},"version":2},"_wpas_customize_per_network":false},"categories":[405],"tags":[],"class_list":["post-31757","post","type-post","status-publish","format-standard","has-post-thumbnail","hentry","category-actu-france-monde"],"jetpack_publicize_connections":[],"jetpack_featured_media_url":"https:\/\/i0.wp.com\/www.iceagetv.com\/radiosite\/wp-content\/uploads\/2024\/12\/9eERybOJ.jpg?fit=679%2C293&ssl=1","jetpack_sharing_enabled":true,"_links":{"self":[{"href":"https:\/\/www.iceagetv.com\/radiosite\/wp-json\/wp\/v2\/posts\/31757","targetHints":{"allow":["GET"]}}],"collection":[{"href":"https:\/\/www.iceagetv.com\/radiosite\/wp-json\/wp\/v2\/posts"}],"about":[{"href":"https:\/\/www.iceagetv.com\/radiosite\/wp-json\/wp\/v2\/types\/post"}],"author":[{"embeddable":true,"href":"https:\/\/www.iceagetv.com\/radiosite\/wp-json\/wp\/v2\/users\/2"}],"replies":[{"embeddable":true,"href":"https:\/\/www.iceagetv.com\/radiosite\/wp-json\/wp\/v2\/comments?post=31757"}],"version-history":[{"count":1,"href":"https:\/\/www.iceagetv.com\/radiosite\/wp-json\/wp\/v2\/posts\/31757\/revisions"}],"predecessor-version":[{"id":31759,"href":"https:\/\/www.iceagetv.com\/radiosite\/wp-json\/wp\/v2\/posts\/31757\/revisions\/31759"}],"wp:featuredmedia":[{"embeddable":true,"href":"https:\/\/www.iceagetv.com\/radiosite\/wp-json\/wp\/v2\/media\/31758"}],"wp:attachment":[{"href":"https:\/\/www.iceagetv.com\/radiosite\/wp-json\/wp\/v2\/media?parent=31757"}],"wp:term":[{"taxonomy":"category","embeddable":true,"href":"https:\/\/www.iceagetv.com\/radiosite\/wp-json\/wp\/v2\/categories?post=31757"},{"taxonomy":"post_tag","embeddable":true,"href":"https:\/\/www.iceagetv.com\/radiosite\/wp-json\/wp\/v2\/tags?post=31757"}],"curies":[{"name":"wp","href":"https:\/\/api.w.org\/{rel}","templated":true}]}}