{"id":31762,"date":"2024-12-13T15:23:03","date_gmt":"2024-12-13T14:23:03","guid":{"rendered":"https:\/\/www.iceagetv.com\/radiosite\/?p=31762"},"modified":"2024-12-13T15:23:07","modified_gmt":"2024-12-13T14:23:07","slug":"francois-bayrou-nomme-premier-ministre-nouveau-gouvernement-budget-voici-ce-qui-lattend-desormais","status":"publish","type":"post","link":"https:\/\/www.iceagetv.com\/radiosite\/francois-bayrou-nomme-premier-ministre-nouveau-gouvernement-budget-voici-ce-qui-lattend-desormais\/","title":{"rendered":"Fran\u00e7ois Bayrou nomm\u00e9 Premier ministre : nouveau gouvernement, budget\u2026 voici ce qui l&rsquo;attend d\u00e9sormais"},"content":{"rendered":"\n<p class=\"\">C&rsquo;est un d\u00e9but de fonction sur les chapeaux de roue pour Fran\u00e7ois Bayrou. \u00c0 peine nomm\u00e9 Premier ministre, le pr\u00e9sident du MoDem a un programme bien charg\u00e9.Enfin.&nbsp;<a href=\"https:\/\/actu.fr\/politique\/michel-barnier-en-est-tombe-de-sa-chaise-je-ne-croyais-pas-que-marine-le-pen-oserait-la-censure_61950950.html\">Apr\u00e8s 10&nbsp;jours d\u2019attente et de sp\u00e9culations<\/a>, on conna\u00eet enfin&nbsp;<strong>qui succ\u00e8de \u00e0 Michel Barnier<\/strong>&nbsp;au poste de Premier ministre.&nbsp;<a href=\"https:\/\/actu.fr\/politique\/direct-nouveau-premier-ministre-decouvrez-le-nom-choisi-par-emmanuel-macron-ce-vendredi_61996703.html\">Emmanuel Macron en a fait l\u2019annonce<\/a>, ce vendredi 13&nbsp;d\u00e9cembre 2024 midi\u2009: il s\u2019agit de&nbsp;<strong>Fran\u00e7ois Bayrou<\/strong>.<\/p>\n\n\n\n<p class=\"\">Un d\u00e9but de fonction sur les chapeaux de roues, puisque c\u2019est un programme charg\u00e9 qui attend maintenant le pr\u00e9sident du MoDem.Composer un nouveau gouvernement<\/p>\n\n\n\n<p class=\"\">On conna\u00eet la t\u00eate de file, il faut que le reste de l\u2019ex\u00e9cutif soit nomm\u00e9. \u00c0 peine nomm\u00e9 Premier ministre, Fran\u00e7ois Bayrou a la lourde (mais d\u00e9licate) t\u00e2che de composer son gouvernement.<\/p>\n\n\n\n<p class=\"\">Certes,&nbsp;<a href=\"https:\/\/www.legifrance.gouv.fr\/loda\/article_lc\/LEGIARTI000006527467\">selon l\u2019article&nbsp;8 de la Constitution<\/a>, c\u2019est Emmanuel Macron qui d\u00e9signe les membres du gouvernement, mais \u00ab\u2009sur la proposition du Premier ministre\u2009\u00bb. Qui reste, qui fait ses valises, combien de ministres, combien de secr\u00e9taires d\u2019\u00c9tat\u2026<\/p>\n\n\n\n<p class=\"\">Autant de questions auxquelles le pr\u00e9sident du MoDem doit r\u00e9pondre au plus vite. Enfin, normalement. Son pr\u00e9d\u00e9cesseur\u00a0<strong>Michel Barnier avait mis 16\u00a0jours<\/strong>\u00a0\u00e0 valider son gouvernement\u2009:\u00a0<a href=\"https:\/\/actu.fr\/politique\/nouveau-premier-ministre-michel-barnier-designe-par-emmanuel-macron-matignon-succede-gabriel-attal_61567272.html\">nomm\u00e9 le 5\u00a0septembre 2024 \u00e0 Matignon<\/a>, il avait d\u00e9voil\u00e9 les membres de l\u2019ex\u00e9cutif\u00a0<a href=\"https:\/\/actu.fr\/politique\/gouvernement-barnier-voici-la-liste-complete-des-39-ministres-ministres-delegues-et-secretaires-d-etat_61635386.html\">le 21\u00a0septembre<\/a>.(Tenter de) faire l\u2019unanimit\u00e9<\/p>\n\n\n\n<p class=\"\">Puis, une fois que l\u2019\u00e9quipe est au complet,&nbsp;<strong>Fran\u00e7ois Bayrou va devoir convaincre<\/strong>. Michel Barnier laisse derri\u00e8re lui&nbsp;<strong>une crise politique profonde<\/strong>, issue de la&nbsp;<a href=\"https:\/\/actu.fr\/politique\/europeennes-2024-emmanuel-macron-annonce-le-dissolution-de-l-assemblee-nationale_61180634.html\">dissolution de l\u2019Assembl\u00e9e nationale en juin<\/a>&nbsp;et \u00e9gren\u00e9e par une bataille entre les diff\u00e9rents partis.<\/p>\n\n\n\n<p class=\"\">C\u2019est d\u2019ailleurs&nbsp;<a href=\"https:\/\/actu.fr\/politique\/les-deputes-adoptent-la-motion-de-censure-le-gouvernement-barnier-va-demissionner_61956234.html\">une motion de censure<\/a>, d\u2019abord menace puis r\u00e9alit\u00e9, qui a eu raison de Michel Barnier apr\u00e8s quelques mois seulement \u00e0 Matignon. Et Fran\u00e7ois Bayrou, en sa qualit\u00e9 d\u2019alli\u00e9 historique d\u2019Emmanuel Macron, va avoir du pain sur la planche.<\/p>\n\n\n\n<p class=\"\">\u00ab\u2009Le nom de Fran\u00e7ois Bayrou s\u2019est impos\u00e9 ces derniers jours comme<strong>&nbsp;le plus consensuel<\/strong>. Il est apparu comme la personnalit\u00e9 la plus \u00e0 m\u00eame d\u2019assurer l\u2019unit\u00e9 et de former le gouvernement d\u2019int\u00e9r\u00eat g\u00e9n\u00e9ral appel\u00e9 [\u2026] par le pr\u00e9sident de la R\u00e9publique\u2009\u00bb, a confirm\u00e9 l\u2019\u00c9lys\u00e9e aupr\u00e8s d\u2019<em>actu.fr.<\/em><\/p>\n\n\n\n<p class=\"\">\u00ab\u2009Il doit prendre en consid\u00e9ration la nouvelle donne [politique]\u2009\u00bb, a grinc\u00e9 d\u2019office Jordan Bardella, pr\u00e9sident du Rassemblement national (RN), quelques minutes apr\u00e8s l\u2019annonce de la nomination de Fran\u00e7ois Bayrou.Pr\u00e9parer un discours de politique g\u00e9n\u00e9rale<\/p>\n\n\n\n<p class=\"\">Pour l\u2019heure, Jordan Bardella n\u2019\u00e9voque pas de potentielle censure \u00e0 l\u2019encontre de Fran\u00e7ois Bayrou. Peut-\u00eatre est-il question d\u2019attendre&nbsp;<strong>le discours de politique g\u00e9n\u00e9rale<\/strong>&nbsp;du (fra\u00eechement) nouveau Premier ministre pour en tirer des conclusions.<\/p>\n\n\n\n<p class=\"\">C\u2019est en effet lors du \u00ab\u2009DPG\u2009\u00bb que le chef du gouvernement d\u00e9taille&nbsp;<strong>les grands chantiers prioritaires<\/strong>&nbsp;de son gouvernement,&nbsp;<a href=\"https:\/\/actu.fr\/politique\/inedit-depuis-1958-pourquoi-le-discours-de-politique-generale-de-michel-barnier-s-annonce-si-perilleux_61654453.html\">donnant ainsi la couleur de son mandat<\/a>. Cette allocution, tr\u00e8s attendue et tr\u00e8s scrut\u00e9e, peut toutefois prendre du temps.<\/p>\n\n\n\n<p class=\"\">D\u00e9sign\u00e9 le 5\u00a0septembre, Michel Barnier avait tenu son discours de politique g\u00e9n\u00e9rale quasi un mois plus tard,\u00a0<a href=\"https:\/\/actu.fr\/politique\/impots-immigration-suivez-en-direct-le-discours-de-politique-generale-du-premier-ministre-michel-barnier_61673420.html\">le 1\u1d49\u02b3 octobre<\/a>.Reprendre les dossiers br\u00fblants en suspens<\/p>\n\n\n\n<p class=\"\">Il est question de&nbsp;<strong>reprendre les dossiers laiss\u00e9s en suspens<\/strong>. Car, en cons\u00e9quence de la censure du gouvernement et de la d\u00e9mission de Michel Barnier, le Parlement avait \u00e9t\u00e9&nbsp;<a href=\"https:\/\/www.assemblee-nationale.fr\/dyn\/actualites-accueil-hub\/adoption-d-une-motion-de-censure-article-49.3-de-la-constitution-les-travaux-en-seance-publique-sont-ajournes\">contraint d\u2019ajourner ses travaux en s\u00e9ance publique le 4&nbsp;d\u00e9cembre dernier<\/a>.<\/p>\n\n\n\n<p class=\"\">En premi\u00e8re ligne de mire, l\u2019urgence pour l\u2019\u00c9tat de&nbsp;<strong>d\u00e9finir un budget pour 2025<\/strong>. Mercredi,&nbsp;<a href=\"https:\/\/actu.fr\/politique\/impots-dette-voici-ce-que-contient-la-loi-speciale-sur-le-budget-presentee-ce-mercredi_61986221.html\">un projet de \u00ab\u2009loi sp\u00e9ciale\u2009\u00bb a \u00e9t\u00e9 pr\u00e9sent\u00e9 en Conseil des ministres<\/a>&nbsp;afin de continuer \u00e0 lever l\u2019imp\u00f4t et \u00e0 emprunter pour faire fonctionner les services publics.<\/p>\n\n\n\n<p class=\"\">Il s\u2019agit d\u2019un texte temporaire, destin\u00e9 \u00e0 prendre le relais le temps qu\u2019un (peut-\u00eatre nouveau) \u00ab\u2009vrai\u2009\u00bb projet de loi de finances soit mis sur la table.&nbsp;<strong>\u00c0 condition que tout le monde soit d\u2019accord<\/strong>&nbsp;\u2013 ce que n\u2019ont refl\u00e9t\u00e9&nbsp;<a href=\"https:\/\/actu.fr\/politique\/budget-de-la-secu-2025-michel-barnier-degaine-l-article-49-3-le-texte-adopte-sans-vote_61789900.html\">ni le recours au 49.3 le 2&nbsp;d\u00e9cembre<\/a>, ni la<a href=\"https:\/\/actu.fr\/politique\/direct-censure-demission-du-gouvernement-assemblee-suivez-cette-journee-cruciale-pour-michel-barnier_61953661.html\">&nbsp;motion de censure du NFP et du RN<\/a>.<\/p>\n","protected":false},"excerpt":{"rendered":"<p>C&rsquo;est un d\u00e9but de fonction sur les chapeaux de roue pour Fran\u00e7ois Bayrou. \u00c0 peine nomm\u00e9 Premier ministre, le pr\u00e9sident du MoDem a un programme bien charg\u00e9.Enfin.&nbsp;Apr\u00e8s 10&nbsp;jours d\u2019attente et de sp\u00e9culations, on conna\u00eet enfin&nbsp;qui succ\u00e8de \u00e0 Michel Barnier&nbsp;au poste de Premier ministre.&nbsp;Emmanuel Macron en a fait l\u2019annonce, ce vendredi 13&nbsp;d\u00e9cembre 2024 midi\u2009: il s\u2019agit [&hellip;]<\/p>\n","protected":false},"author":2,"featured_media":31763,"comment_status":"open","ping_status":"open","sticky":false,"template":"","format":"standard","meta":{"_jetpack_memberships_contains_paid_content":false,"footnotes":"","jetpack_publicize_message":"","jetpack_publicize_feature_enabled":true,"jetpack_social_post_already_shared":true,"jetpack_social_options":{"image_generator_settings":{"template":"highway","enabled":true,"token":"eyJpbWciOiJodHRwczpcL1wvd3d3LmljZWFnZXR2LmNvbVwvcmFkaW9zaXRlXC93cC1jb250ZW50XC91cGxvYWRzXC8yMDI0XC8xMlwvRnJhbmNvaXMtQmF5cm91LW5vbW1lLVByZW1pZXItbWluaXN0cmUuanBlZyIsInR4dCI6IkZyYW5cdTAwZTdvaXMgQmF5cm91IG5vbW1cdTAwZTkgUHJlbWllciBtaW5pc3RyZSA6IG5vdXZlYXUgZ291dmVybmVtZW50LCBidWRnZXRcdTIwMjYgdm9pY2kgY2UgcXVpIGwmIzgyMTc7YXR0ZW5kIGRcdTAwZTlzb3JtYWlzIiwidGVtcGxhdGUiOiJoaWdod2F5IiwiYmxvZ19pZCI6MTExMDE2NDYxfQ.8ZJn_J5c4GIYKom-ADLWlQcMqnoTf1hqX0Xls_2a0lkMQ"},"version":2},"_wpas_customize_per_network":false},"categories":[405],"tags":[],"class_list":["post-31762","post","type-post","status-publish","format-standard","has-post-thumbnail","hentry","category-actu-france-monde"],"jetpack_publicize_connections":[],"jetpack_featured_media_url":"https:\/\/i0.wp.com\/www.iceagetv.com\/radiosite\/wp-content\/uploads\/2024\/12\/Francois-Bayrou-nomme-Premier-ministre.jpeg?fit=960%2C640&ssl=1","jetpack_sharing_enabled":true,"_links":{"self":[{"href":"https:\/\/www.iceagetv.com\/radiosite\/wp-json\/wp\/v2\/posts\/31762","targetHints":{"allow":["GET"]}}],"collection":[{"href":"https:\/\/www.iceagetv.com\/radiosite\/wp-json\/wp\/v2\/posts"}],"about":[{"href":"https:\/\/www.iceagetv.com\/radiosite\/wp-json\/wp\/v2\/types\/post"}],"author":[{"embeddable":true,"href":"https:\/\/www.iceagetv.com\/radiosite\/wp-json\/wp\/v2\/users\/2"}],"replies":[{"embeddable":true,"href":"https:\/\/www.iceagetv.com\/radiosite\/wp-json\/wp\/v2\/comments?post=31762"}],"version-history":[{"count":1,"href":"https:\/\/www.iceagetv.com\/radiosite\/wp-json\/wp\/v2\/posts\/31762\/revisions"}],"predecessor-version":[{"id":31764,"href":"https:\/\/www.iceagetv.com\/radiosite\/wp-json\/wp\/v2\/posts\/31762\/revisions\/31764"}],"wp:featuredmedia":[{"embeddable":true,"href":"https:\/\/www.iceagetv.com\/radiosite\/wp-json\/wp\/v2\/media\/31763"}],"wp:attachment":[{"href":"https:\/\/www.iceagetv.com\/radiosite\/wp-json\/wp\/v2\/media?parent=31762"}],"wp:term":[{"taxonomy":"category","embeddable":true,"href":"https:\/\/www.iceagetv.com\/radiosite\/wp-json\/wp\/v2\/categories?post=31762"},{"taxonomy":"post_tag","embeddable":true,"href":"https:\/\/www.iceagetv.com\/radiosite\/wp-json\/wp\/v2\/tags?post=31762"}],"curies":[{"name":"wp","href":"https:\/\/api.w.org\/{rel}","templated":true}]}}