{"id":31771,"date":"2024-12-13T18:37:32","date_gmt":"2024-12-13T17:37:32","guid":{"rendered":"https:\/\/www.iceagetv.com\/radiosite\/?p=31771"},"modified":"2024-12-13T18:37:36","modified_gmt":"2024-12-13T17:37:36","slug":"il-devait-etre-revalorise-de-19-au-1er-janvier-2025-finalement-aucune-hausse-nest-prevue-pour-le-smic","status":"publish","type":"post","link":"https:\/\/www.iceagetv.com\/radiosite\/il-devait-etre-revalorise-de-19-au-1er-janvier-2025-finalement-aucune-hausse-nest-prevue-pour-le-smic\/","title":{"rendered":"Il devait \u00eatre revaloris\u00e9 de 1,9\u00a0% au 1er\u00a0janvier 2025\u00a0: finalement, aucune hausse n\u2019est pr\u00e9vue pour le Smic"},"content":{"rendered":"\n<p class=\"\">D\u2019apr\u00e8s une \u00e9tude men\u00e9e par l\u2019Insee et la Dares, le Smic devait \u00eatre revaloris\u00e9 de&nbsp;1,9&nbsp;% au 1er&nbsp;janvier. Finalement, et sauf d\u00e9cision contraire du&nbsp;<a href=\"https:\/\/www.lindependant.fr\/2024\/12\/13\/nouveau-premier-ministre-allie-demmanuel-macron-tete-dure-relations-avec-marine-le-pen-qui-est-francois-bayrou-12389629.php\">nouveau Premier ministre Fran\u00e7ois Bayrou<\/a>, le montant du&nbsp;<a href=\"https:\/\/www.lindependant.fr\/2023\/12\/02\/smic-le-salaire-minimum-devrait-augmenter-au-1er-janvier-2024-voici-quel-sera-son-nouveau-montant-11615493.php\">Smic<\/a>&nbsp;ne sera pas augment\u00e9 en d\u00e9but d\u2019ann\u00e9e 2025.<\/p>\n\n\n\n<h2 class=\"wp-block-heading\">D\u00e9j\u00e0 revaloris\u00e9 en novembre<\/h2>\n\n\n\n<p class=\"\">En novembre dernier, le Premier ministre d\u00e9missionnaire\u00a0<a href=\"https:\/\/www.lindependant.fr\/2024\/10\/31\/hausses-du-smic-et-des-retraites-complementaires-baisse-du-prix-du-gaz-treve-hivernale-pneus-hiver-obligatoires-decouvrez-ce-qui-change-a-partir-du-12295429.php\">Michel Barnier avait annonc\u00e9 une revalorisation du Smic de 2\u00a0% d\u00e8s le 1er\u00a0novembre<\/a>\u00a0lors de son discours de politique g\u00e9n\u00e9rale, en\u00a0<em>\u00ab\u00a0anticipation de la date du 1er\u00a0janvier\u00a0\u00bb.<\/em>\u00a0C\u2019est pour cette raison qu\u2019il n\u2019y aura pas d\u2019augmentation du Smic au 1er\u00a0janvier 2025, sauf si le nouveau Premier ministre d\u00e9cide de donner un coup de pouce aux Fran\u00e7aisLe montant du Smic s\u2019\u00e9l\u00e8ve aujourd\u2019hui \u00e0 1&nbsp;801,80&nbsp;euros brut par mois soit 1,426,30&nbsp;euros net pour 35&nbsp;h hebdomadaires travaill\u00e9es. Avant le premier novembre, son montant net s\u2019\u00e9levait \u00e0 1&nbsp;398,70&nbsp;euros.<\/p>\n\n\n\n<h2 class=\"wp-block-heading\">Seul salaire index\u00e9 sur l\u2019inflation<\/h2>\n\n\n\n<p class=\"\">Seul salaire index\u00e9 sur l\u2019inflation, le Smic est \u00ab\u00a0traditionnellement\u00a0\u00bb augment\u00e9 tous les ans, au 1er&nbsp;janvier. Mais des hausses dites \u00ab\u00a0m\u00e9caniques\u00a0\u00bb peuvent aussi intervenir au cours de l\u2019ann\u00e9e en cas d\u2019augmentation de l\u2019inflation sup\u00e9rieure \u00e0 2&nbsp;%, le Smic suivant alors son cours. Aussi, le gouvernement peut d\u00e9cider d\u2019une augmentation de son montant \u00e0 tout moment, comme l\u2019a fait Michel Barnier le mois dernier.<\/p>\n","protected":false},"excerpt":{"rendered":"<p>D\u2019apr\u00e8s une \u00e9tude men\u00e9e par l\u2019Insee et la Dares, le Smic devait \u00eatre revaloris\u00e9 de&nbsp;1,9&nbsp;% au 1er&nbsp;janvier. Finalement, et sauf d\u00e9cision contraire du&nbsp;nouveau Premier ministre Fran\u00e7ois Bayrou, le montant du&nbsp;Smic&nbsp;ne sera pas augment\u00e9 en d\u00e9but d\u2019ann\u00e9e 2025. D\u00e9j\u00e0 revaloris\u00e9 en novembre En novembre dernier, le Premier ministre d\u00e9missionnaire\u00a0Michel Barnier avait annonc\u00e9 une revalorisation du Smic [&hellip;]<\/p>\n","protected":false},"author":2,"featured_media":31772,"comment_status":"open","ping_status":"open","sticky":false,"template":"","format":"standard","meta":{"_jetpack_memberships_contains_paid_content":false,"footnotes":"","jetpack_publicize_message":"","jetpack_publicize_feature_enabled":true,"jetpack_social_post_already_shared":true,"jetpack_social_options":{"image_generator_settings":{"template":"highway","enabled":true,"token":"eyJpbWciOiJodHRwczpcL1wvd3d3LmljZWFnZXR2LmNvbVwvcmFkaW9zaXRlXC93cC1jb250ZW50XC91cGxvYWRzXC8yMDI0XC8xMlwvaW1hZ2UuanBnIiwidHh0IjoiSWwgZGV2YWl0IFx1MDBlYXRyZSByZXZhbG9yaXNcdTAwZTkgZGUgMSw5XHUwMGEwJSBhdSAxZXJcdTAwYTBqYW52aWVyIDIwMjVcdTAwYTA6IGZpbmFsZW1lbnQsIGF1Y3VuZSBoYXVzc2Ugblx1MjAxOWVzdCBwclx1MDBlOXZ1ZSBwb3VyIGxlIFNtaWMiLCJ0ZW1wbGF0ZSI6ImhpZ2h3YXkiLCJibG9nX2lkIjoxMTEwMTY0NjF9.EgUz3XnaIfvB5a-ZV2Q5GMWpmHW7WIXHItD2T15KtFAMQ"},"version":2},"_wpas_customize_per_network":false},"categories":[405],"tags":[],"class_list":["post-31771","post","type-post","status-publish","format-standard","has-post-thumbnail","hentry","category-actu-france-monde"],"jetpack_publicize_connections":[],"jetpack_featured_media_url":"https:\/\/i0.wp.com\/www.iceagetv.com\/radiosite\/wp-content\/uploads\/2024\/12\/image.jpg?fit=435%2C325&ssl=1","jetpack_sharing_enabled":true,"_links":{"self":[{"href":"https:\/\/www.iceagetv.com\/radiosite\/wp-json\/wp\/v2\/posts\/31771","targetHints":{"allow":["GET"]}}],"collection":[{"href":"https:\/\/www.iceagetv.com\/radiosite\/wp-json\/wp\/v2\/posts"}],"about":[{"href":"https:\/\/www.iceagetv.com\/radiosite\/wp-json\/wp\/v2\/types\/post"}],"author":[{"embeddable":true,"href":"https:\/\/www.iceagetv.com\/radiosite\/wp-json\/wp\/v2\/users\/2"}],"replies":[{"embeddable":true,"href":"https:\/\/www.iceagetv.com\/radiosite\/wp-json\/wp\/v2\/comments?post=31771"}],"version-history":[{"count":1,"href":"https:\/\/www.iceagetv.com\/radiosite\/wp-json\/wp\/v2\/posts\/31771\/revisions"}],"predecessor-version":[{"id":31773,"href":"https:\/\/www.iceagetv.com\/radiosite\/wp-json\/wp\/v2\/posts\/31771\/revisions\/31773"}],"wp:featuredmedia":[{"embeddable":true,"href":"https:\/\/www.iceagetv.com\/radiosite\/wp-json\/wp\/v2\/media\/31772"}],"wp:attachment":[{"href":"https:\/\/www.iceagetv.com\/radiosite\/wp-json\/wp\/v2\/media?parent=31771"}],"wp:term":[{"taxonomy":"category","embeddable":true,"href":"https:\/\/www.iceagetv.com\/radiosite\/wp-json\/wp\/v2\/categories?post=31771"},{"taxonomy":"post_tag","embeddable":true,"href":"https:\/\/www.iceagetv.com\/radiosite\/wp-json\/wp\/v2\/tags?post=31771"}],"curies":[{"name":"wp","href":"https:\/\/api.w.org\/{rel}","templated":true}]}}