{"id":31776,"date":"2024-12-13T20:48:40","date_gmt":"2024-12-13T19:48:40","guid":{"rendered":"https:\/\/www.iceagetv.com\/radiosite\/?p=31776"},"modified":"2024-12-13T20:48:45","modified_gmt":"2024-12-13T19:48:45","slug":"la-couronne-depines-relique-la-plus-precieuse-de-notre-dame-retrouve-la-cathedrale","status":"publish","type":"post","link":"https:\/\/www.iceagetv.com\/radiosite\/la-couronne-depines-relique-la-plus-precieuse-de-notre-dame-retrouve-la-cathedrale\/","title":{"rendered":"La couronne d&rsquo;\u00e9pines, relique la plus pr\u00e9cieuse de Notre-Dame, retrouve la cath\u00e9drale"},"content":{"rendered":"\n<p class=\"\">La couronne d&rsquo;\u00e9pines, relique catholique la plus pr\u00e9cieuse de Notre-Dame de Paris, qui avait \u00e9chapp\u00e9 \u00e0 l&rsquo;incendie de l&rsquo;\u00e9difice en avril 2019, a retrouv\u00e9 vendredi la cath\u00e9drale, au cours d&rsquo;une c\u00e9r\u00e9monie en pr\u00e9sence de nombreux pr\u00eatres et fid\u00e8les.<\/p>\n\n\n\n<p class=\"\">Vers 16H00, la couronne a \u00e9t\u00e9 rapport\u00e9e \u00e0 la cath\u00e9drale par une procession, constitu\u00e9e notamment de chevaliers du Saint-S\u00e9pulcre, qui a long\u00e9 Notre-Dame jusqu&rsquo;au parvis o\u00f9 se pressaient les fid\u00e8les.<\/p>\n\n\n\n<p class=\"\">La couronne, pos\u00e9e dans un tube de verre lui-m\u00eame expos\u00e9 sur un coussin de velours pourpre, a \u00e9t\u00e9 d\u00e9pos\u00e9e sur l&rsquo;autel o\u00f9 l&rsquo;archev\u00eaque de Paris, Mgr Laurent Ulrich, a c\u00e9l\u00e9br\u00e9 devant environ 2.000 fid\u00e8les la c\u00e9r\u00e9monie, recueillie et contemplative.Pour nous, chr\u00e9tiens, c\u2019est un symbole de revoir la couronne du Christ. C\u2019\u00e9tait un tr\u00e8s beau moment\u00a0\u00bb, assurait sur le parvis Claudine Zorzi, une Strasbourgeoise de 72 ans.<\/p>\n\n\n\n<p class=\"\">La couronne a ensuite \u00e9t\u00e9 d\u00e9pos\u00e9e dans la nouvelle ch\u00e2sse-reliquaire con\u00e7ue par le designer Sylvain Dubuisson. R\u00e9solument moderne, ce \u00ab\u00a0mur-reliquaire\u00a0\u00bb contemporain se pr\u00e9sente sous la forme d&rsquo;un grand retable (3,60 x 2,60 m) en bois de c\u00e8dre et pav\u00e9s de verre formant une aur\u00e9ole.<\/p>\n\n\n\n<p class=\"\">La relique y est expos\u00e9e dans une demi-sph\u00e8re d\u2019un bleu profond, situ\u00e9e au centre du retable.<\/p>\n\n\n\n<p class=\"\">La couronne d&rsquo;\u00e9pines, appel\u00e9e Sainte Couronne ou couronne du Christ, est dans la tradition chr\u00e9tienne la couronne qui avait \u00e9t\u00e9 pos\u00e9e sur la t\u00eate du Christ avant sa crucifixion. Elle \u00ab\u00a0est sans doute la plus pr\u00e9cieuse et la plus v\u00e9n\u00e9r\u00e9e des reliques conserv\u00e9es \u00e0 Notre-Dame de Paris\u00a0\u00bb, souligne le dioc\u00e8se de Paris sur son site internet.<\/p>\n\n\n\n<p class=\"\">Elle avait \u00e9t\u00e9 \u00ab\u00a0sauv\u00e9e\u00a0\u00bb des flammes qui avaient ravag\u00e9 Notre-Dame le 15 avril 2019, tout comme la tunique de Saint Louis \u00e9galement conserv\u00e9e dans la cath\u00e9drale, avait annonc\u00e9 le soir m\u00eame de l&rsquo;incendie son recteur, Mgr Patrick Chauvet.D&rsquo;un diam\u00e8tre de 21 centim\u00e8tres, la couronne est constitu\u00e9e d\u2019un cercle de joncs r\u00e9unis en faisceaux et retenus par des fils d\u2019or, sur lequel se trouvaient les \u00e9pines (celles-ci ont \u00e9t\u00e9 dispers\u00e9es au cours des si\u00e8cles). Cette relique est conserv\u00e9e en France depuis 1239, gard\u00e9e \u00e0 la Saint-Chapelle puis \u00e0 la cath\u00e9drale Notre-Dame depuis 1806.<\/p>\n\n\n\n<p class=\"\">\u00ab\u00a0C\u2019\u00e9tait magnifique\u00a0\u00bb, a salu\u00e9 \u00e0 la sortie de la cath\u00e9drale B\u00e9atrice, 56 ans, \u00ab\u00a0contente\u00a0\u00bb car, \u00ab\u00a0m\u00eame sans r\u00e9servation\u00a0\u00bb, elle a \u00ab\u00a0pu rentrer\u00a0\u00bb.<\/p>\n\n\n\n<p class=\"\">Cette c\u00e9r\u00e9monie s&rsquo;inscrit dans une semaine d'\u00a0\u00bboctave\u00a0\u00bb apr\u00e8s la r\u00e9ouverture de Notre-Dame le weekend des 7 et 8 d\u00e9cembre, marqu\u00e9e par de nombreuses c\u00e9l\u00e9brations et offices religieux.<\/p>\n","protected":false},"excerpt":{"rendered":"<p>La couronne d&rsquo;\u00e9pines, relique catholique la plus pr\u00e9cieuse de Notre-Dame de Paris, qui avait \u00e9chapp\u00e9 \u00e0 l&rsquo;incendie de l&rsquo;\u00e9difice en avril 2019, a retrouv\u00e9 vendredi la cath\u00e9drale, au cours d&rsquo;une c\u00e9r\u00e9monie en pr\u00e9sence de nombreux pr\u00eatres et fid\u00e8les. Vers 16H00, la couronne a \u00e9t\u00e9 rapport\u00e9e \u00e0 la cath\u00e9drale par une procession, constitu\u00e9e notamment de chevaliers [&hellip;]<\/p>\n","protected":false},"author":2,"featured_media":31777,"comment_status":"open","ping_status":"open","sticky":false,"template":"","format":"standard","meta":{"_jetpack_memberships_contains_paid_content":false,"footnotes":"","jetpack_publicize_message":"","jetpack_publicize_feature_enabled":true,"jetpack_social_post_already_shared":true,"jetpack_social_options":{"image_generator_settings":{"template":"highway","enabled":true,"token":"eyJpbWciOiJodHRwczpcL1wvd3d3LmljZWFnZXR2LmNvbVwvcmFkaW9zaXRlXC93cC1jb250ZW50XC91cGxvYWRzXC8yMDI0XC8xMlwvTGEtY291cm9ubmUtZGVwaW5lcy5qcGciLCJ0eHQiOiJMYSBjb3Vyb25uZSBkJiM4MjE3O1x1MDBlOXBpbmVzLCByZWxpcXVlIGxhIHBsdXMgcHJcdTAwZTljaWV1c2UgZGUgTm90cmUtRGFtZSwgcmV0cm91dmUgbGEgY2F0aFx1MDBlOWRyYWxlIiwidGVtcGxhdGUiOiJoaWdod2F5IiwiYmxvZ19pZCI6MTExMDE2NDYxfQ.MjV50wbGGrfFeN3CihXVP9nJ0u3CnpD4t3Z0P8fxI_oMQ"},"version":2},"_wpas_customize_per_network":false},"categories":[405],"tags":[],"class_list":["post-31776","post","type-post","status-publish","format-standard","has-post-thumbnail","hentry","category-actu-france-monde"],"jetpack_publicize_connections":[],"jetpack_featured_media_url":"https:\/\/i0.wp.com\/www.iceagetv.com\/radiosite\/wp-content\/uploads\/2024\/12\/La-couronne-depines.jpg?fit=706%2C435&ssl=1","jetpack_sharing_enabled":true,"_links":{"self":[{"href":"https:\/\/www.iceagetv.com\/radiosite\/wp-json\/wp\/v2\/posts\/31776","targetHints":{"allow":["GET"]}}],"collection":[{"href":"https:\/\/www.iceagetv.com\/radiosite\/wp-json\/wp\/v2\/posts"}],"about":[{"href":"https:\/\/www.iceagetv.com\/radiosite\/wp-json\/wp\/v2\/types\/post"}],"author":[{"embeddable":true,"href":"https:\/\/www.iceagetv.com\/radiosite\/wp-json\/wp\/v2\/users\/2"}],"replies":[{"embeddable":true,"href":"https:\/\/www.iceagetv.com\/radiosite\/wp-json\/wp\/v2\/comments?post=31776"}],"version-history":[{"count":1,"href":"https:\/\/www.iceagetv.com\/radiosite\/wp-json\/wp\/v2\/posts\/31776\/revisions"}],"predecessor-version":[{"id":31778,"href":"https:\/\/www.iceagetv.com\/radiosite\/wp-json\/wp\/v2\/posts\/31776\/revisions\/31778"}],"wp:featuredmedia":[{"embeddable":true,"href":"https:\/\/www.iceagetv.com\/radiosite\/wp-json\/wp\/v2\/media\/31777"}],"wp:attachment":[{"href":"https:\/\/www.iceagetv.com\/radiosite\/wp-json\/wp\/v2\/media?parent=31776"}],"wp:term":[{"taxonomy":"category","embeddable":true,"href":"https:\/\/www.iceagetv.com\/radiosite\/wp-json\/wp\/v2\/categories?post=31776"},{"taxonomy":"post_tag","embeddable":true,"href":"https:\/\/www.iceagetv.com\/radiosite\/wp-json\/wp\/v2\/tags?post=31776"}],"curies":[{"name":"wp","href":"https:\/\/api.w.org\/{rel}","templated":true}]}}