{"id":31792,"date":"2024-12-14T16:37:05","date_gmt":"2024-12-14T15:37:05","guid":{"rendered":"https:\/\/www.iceagetv.com\/radiosite\/?p=31792"},"modified":"2024-12-14T16:37:17","modified_gmt":"2024-12-14T15:37:17","slug":"les-gens-sarretent-souvent-pour-regarder-les-illumines-de-noel-de-vendee-decorent-leur-maison","status":"publish","type":"post","link":"https:\/\/www.iceagetv.com\/radiosite\/les-gens-sarretent-souvent-pour-regarder-les-illumines-de-noel-de-vendee-decorent-leur-maison\/","title":{"rendered":"Les gens s\u2019arr\u00eatent souvent pour regarder \u00bb : les illumin\u00e9s de No\u00ebl de Vend\u00e9e d\u00e9corent leur maison"},"content":{"rendered":"\n<p class=\"\">Tous les ans, certains profitent des f\u00eates de fin d\u2019ann\u00e9e pour parer leur maison de lumi\u00e8res et autres objets de No\u00ebl. Et la Vend\u00e9e ne fait pas exception \u00e0 la r\u00e8gle.Dans les rues, \u00e0 l\u2019int\u00e9rieur de chez soi et m\u00eame dans les jardins\u2026 La f\u00e9\u00e9rie de No\u00ebl emporte, chaque ann\u00e9e, la&nbsp;<a href=\"https:\/\/actu.fr\/\">France<\/a>. Et les&nbsp;<a href=\"https:\/\/actu.fr\/pays-de-la-loire\/vendee_85\">Vend\u00e9ens<\/a>&nbsp;aussi se mettent au diapason de cette f\u00eate incontournable.<\/p>\n\n\n\n<p class=\"\"><strong>Les f\u00eates de fin d\u2019ann\u00e9e sont un exutoire<\/strong>&nbsp;pour de nombreuses personnes, mais pas seulement. C\u2019est aussi une belle occasion de montrer sa cr\u00e9ativit\u00e9 et&nbsp;<strong>de d\u00e9crocher un sourire aux passants<\/strong>, ne serait-ce qu\u2019un petit instant.<\/p>\n\n\n\n<h2 class=\"wp-block-heading\">La cr\u00e8che de \u00ab\u2009Zorro\u2009\u00bb \u00e0 la Chaume<\/h2>\n\n\n\n<p class=\"\">Des lumi\u00e8res, des chants de&nbsp;<a href=\"https:\/\/actu.fr\/tag\/noel\">No\u00ebl<\/a>\u2026 G\u00e9rard Bonnaudet, mieux connu sous le nom de \u00ab\u2009Zorro\u2009\u00bb aux&nbsp;<a href=\"https:\/\/actu.fr\/le-journal-des-sables\/\">Sables-d\u2019Olonne<\/a>, en fait d\u00e9sormais une tradition\u2009:&nbsp;<strong>impasse des Morini\u00e8res, rue des Branches \u00e0 la Chaume<\/strong>, l\u2019homme de 75&nbsp;ans d\u00e9core, chaque ann\u00e9e, son garage. \u00ab\u2009J\u2019ai choisi l\u2019endroit de ma maison qui \u00e9tait le plus grand\u2009\u00bb, pr\u00e9cise-t-il.<\/p>\n\n\n\n<p class=\"\">Et cette tradition, il la tient de sa m\u00e8re. \u00ab\u2009<strong>Ma m\u00e8re a toujours fait des cr\u00e8ches, \u00e7a m\u2019a bott\u00e9 et j\u2019ai suivi.<\/strong>&nbsp;C\u2019est mon dada.\u2009\u00bb<\/p>\n\n\n\n<p class=\"\">Mais&nbsp;<strong>un \u00e9v\u00e9nement a particuli\u00e8rement marqu\u00e9&nbsp;<\/strong>G\u00e9rard, pendant son enfance. \u00ab\u2009<strong>\u00c0 huit ans<\/strong>,<strong>&nbsp;le 24&nbsp;d\u00e9cembre, je me suis fait mordre par un chien.<\/strong>&nbsp;J\u2019\u00e9tais d\u00e9figur\u00e9 mais je m\u2019en suis tir\u00e9 et je pense que je suis toujours l\u00e0 gr\u00e2ce<strong>&nbsp;\u00e0 l\u2019esprit de No\u00ebl<\/strong>\u2009\u00bb, raconte l\u2019homme de 75&nbsp;ans, \u00e9mu par cette p\u00e9riode qui le transporte tous les ans.<\/p>\n\n\n\n<p class=\"\">Et cette ann\u00e9e, il lui aura fallu trois mois pour tout terminer\u2009!Les passants commencent m\u00eame \u00e0 venir d\u00e8s le mois d\u2019ao\u00fbt\u2009!\u2009\u00bbG\u00e9rard Bonnaudet, alias Zorro<\/p>\n\n\n\n<p class=\"\">R\u00e9guli\u00e8rement d\u00e9guis\u00e9 en p\u00e8re No\u00ebl, G\u00e9rard Bonnaudet accueille les passants, avec la joie et la bonne humeur qui le caract\u00e9risent. \u00ab\u2009Tout le monde est le bienvenu\u2009! Les gens adorent venir,<strong>&nbsp;surtout les enfants.<\/strong>\u2009\u00bb<\/p>\n\n\n\n<p class=\"\">G\u00e9rard Bonnaudet a un autre hobby\u2009:&nbsp;<strong>il collectionne les petits camions<\/strong>, qu\u2019il d\u00e9pose un peu partout dans son d\u00e9cor. C\u2019est sa touche personnelle finalement, mais il promet, l\u2019ann\u00e9e prochaine, il mettra plus de petites voitures, pour \u00ab\u2009varier\u2009\u00bb\u2009!<\/p>\n\n\n\n<h2 class=\"wp-block-heading\">La maison des \u00e9poux Traineau<\/h2>\n\n\n\n<p class=\"\">Parfois, le destin fait bien les choses. Depuis plus de dix ans, les biens nomm\u00e9s \u00c9ric et \u00c9velyne Traineau d\u00e9corent leur maison pour No\u00ebl. De 18&nbsp;heures \u00e0 23&nbsp;heures (et au-del\u00e0 pour le r\u00e9veillon et le soir de No\u00ebl), vous pouvez admirer le joli jardin,&nbsp;<strong>1 all\u00e9e des Myrtilles, quartier d\u2019Olonne-sur-Mer<\/strong>.<\/p>\n\n\n\n<p class=\"\">\u00ab\u2009On le fait principalement pour nos petits-enfants. Ils sont contents\u2009!\u2009\u00bb\u00c9ric Traineau s\u2019occupe essentiellement des d\u00e9corations et il adore \u00e7a\u2009! \u00ab\u2009C\u2019est mon truc tous les ans. J\u2019aime faire \u00e7a, c\u2019est une passion on peut le dire\u2009! \u00c7a apporte de la lumi\u00e8re et de la gaiet\u00e9\u2009\u00bb, assure-t-il. Cette lumi\u00e8re attire r\u00e9guli\u00e8rement des passants.<\/p>\n\n\n\n<blockquote class=\"wp-block-quote is-layout-flow wp-block-quote-is-layout-flow\">\n<p class=\"\">\u00ab\u2009Les gens s\u2019arr\u00eatent souvent pour regarder, c\u2019est le but aussi. Il faut bien f\u00eater No\u00ebl\u2009! \u00ab&nbsp;<\/p>\n<\/blockquote>\n\n\n\n<p class=\"\">Chaque ann\u00e9e, les \u00e9poux Traineau tentent de changer des petites choses. \u00ab\u2009Des guirlandes nous l\u00e2chent parfois. Le plus long c\u2019est de tout trier et de remettre dans le grenier\u2009!\u2009\u00bb Mais ce passionn\u00e9 continue de perp\u00e9tuer cette tradition, et toujours avec le sourire.Quand une entreprise s\u2019y met aussi<\/p>\n\n\n\n<p class=\"\">L\u2019entreprise d\u2019\u00e9lectricit\u00e9 g\u00e9n\u00e9rale et de plomberie, NGEG, a 14&nbsp;ans d\u2019existence. Elle s\u2019est install\u00e9e dans la zone d\u2019activit\u00e9 de l\u2019Epinette \u00e0 Sainte-Foy, il y a trois ans. Pour cette soci\u00e9t\u00e9,&nbsp;<strong>la d\u00e9coration pour No\u00ebl est importante pour les salari\u00e9s de l\u2019entreprise<\/strong>.<\/p>\n\n\n\n<p class=\"\">L\u2019\u00e9quipe voulait partager ces illuminations, avec les autres occupants de la zone d\u2019activit\u00e9, en organisant une soir\u00e9e festive vendredi 6&nbsp;d\u00e9cembre.<\/p>\n\n\n\n<p class=\"\">Le chef d\u2019entreprise Nicolas Gautreau les a totalement soutenus\u2009:<\/p>\n\n\n\n<blockquote class=\"wp-block-quote is-layout-flow wp-block-quote-is-layout-flow\">\n<p class=\"\">\u00ab\u2009Mes coll\u00e8gues, comme je dis pour les salari\u00e9s, sont tr\u00e8s motiv\u00e9s. Ils se sont d\u00e9men\u00e9s pour la d\u00e9coration ext\u00e9rieure, sur la pelouse, c\u00f4t\u00e9 route d\u00e9partementale. Ils ont mis en place cette d\u00e9coration en dehors de leur temps de travail. Cette soir\u00e9e est leur initiative. Beaucoup d\u2019entrepreneurs de la zone sont venus, en plus des amis et la famille. C\u2019est un succ\u00e8s.\u2009\u00bb<\/p>\n<\/blockquote>\n\n\n\n<p class=\"\">De son c\u00f4t\u00e9, \u00c9mile, un des salari\u00e9s organisateurs, explique\u2009: \u00ab<strong>\u2009Nous voulions profiter de cette d\u00e9coration pour proposer aux autres occupants de la zone de passer nous voir<\/strong>&nbsp;et partager un vin chaud au milieu des d\u00e9corations, pour \u00e9changer et apprendre \u00e0 se conna\u00eetre. Finalement, en plus, nous avons fait appel \u00e0 un traiteur et nous avons rajout\u00e9 un concert avec un groupe qui fait des reprises des Beatles.\u2009\u00bb<\/p>\n","protected":false},"excerpt":{"rendered":"<p>Tous les ans, certains profitent des f\u00eates de fin d\u2019ann\u00e9e pour parer leur maison de lumi\u00e8res et autres objets de No\u00ebl. Et la Vend\u00e9e ne fait pas exception \u00e0 la r\u00e8gle.Dans les rues, \u00e0 l\u2019int\u00e9rieur de chez soi et m\u00eame dans les jardins\u2026 La f\u00e9\u00e9rie de No\u00ebl emporte, chaque ann\u00e9e, la&nbsp;France. Et les&nbsp;Vend\u00e9ens&nbsp;aussi se mettent [&hellip;]<\/p>\n","protected":false},"author":2,"featured_media":31793,"comment_status":"open","ping_status":"open","sticky":false,"template":"","format":"standard","meta":{"_jetpack_memberships_contains_paid_content":false,"footnotes":"","jetpack_publicize_message":"","jetpack_publicize_feature_enabled":true,"jetpack_social_post_already_shared":true,"jetpack_social_options":{"image_generator_settings":{"template":"highway","enabled":true,"token":"eyJpbWciOiJodHRwczpcL1wvd3d3LmljZWFnZXR2LmNvbVwvcmFkaW9zaXRlXC93cC1jb250ZW50XC91cGxvYWRzXC8yMDI0XC8xMlwvYjhhNjZhMzQzMzU3NjkyYjY2YTM0MzM1Nzc2YjY2di05NjB4NjQwLTEuanBnIiwidHh0IjoiTGVzIGdlbnMgc1x1MjAxOWFyclx1MDBlYXRlbnQgc291dmVudCBwb3VyIHJlZ2FyZGVyIFx1MDBiYiA6IGxlcyBpbGx1bWluXHUwMGU5cyBkZSBOb1x1MDBlYmwgZGUgVmVuZFx1MDBlOWUgZFx1MDBlOWNvcmVudCBsZXVyIG1haXNvbiIsInRlbXBsYXRlIjoiaGlnaHdheSIsImJsb2dfaWQiOjExMTAxNjQ2MX0.dYhKDYxyzoe7H53XEsGJQ091HqIQB-TtKPcOG8xGgVYMQ"},"version":2},"_wpas_customize_per_network":false},"categories":[17],"tags":[],"class_list":["post-31792","post","type-post","status-publish","format-standard","has-post-thumbnail","hentry","category-actu-regions"],"jetpack_publicize_connections":[],"jetpack_featured_media_url":"https:\/\/i0.wp.com\/www.iceagetv.com\/radiosite\/wp-content\/uploads\/2024\/12\/b8a66a343357692b66a34335776b66v-960x640-1.jpg?fit=960%2C640&ssl=1","jetpack_sharing_enabled":true,"_links":{"self":[{"href":"https:\/\/www.iceagetv.com\/radiosite\/wp-json\/wp\/v2\/posts\/31792","targetHints":{"allow":["GET"]}}],"collection":[{"href":"https:\/\/www.iceagetv.com\/radiosite\/wp-json\/wp\/v2\/posts"}],"about":[{"href":"https:\/\/www.iceagetv.com\/radiosite\/wp-json\/wp\/v2\/types\/post"}],"author":[{"embeddable":true,"href":"https:\/\/www.iceagetv.com\/radiosite\/wp-json\/wp\/v2\/users\/2"}],"replies":[{"embeddable":true,"href":"https:\/\/www.iceagetv.com\/radiosite\/wp-json\/wp\/v2\/comments?post=31792"}],"version-history":[{"count":1,"href":"https:\/\/www.iceagetv.com\/radiosite\/wp-json\/wp\/v2\/posts\/31792\/revisions"}],"predecessor-version":[{"id":31794,"href":"https:\/\/www.iceagetv.com\/radiosite\/wp-json\/wp\/v2\/posts\/31792\/revisions\/31794"}],"wp:featuredmedia":[{"embeddable":true,"href":"https:\/\/www.iceagetv.com\/radiosite\/wp-json\/wp\/v2\/media\/31793"}],"wp:attachment":[{"href":"https:\/\/www.iceagetv.com\/radiosite\/wp-json\/wp\/v2\/media?parent=31792"}],"wp:term":[{"taxonomy":"category","embeddable":true,"href":"https:\/\/www.iceagetv.com\/radiosite\/wp-json\/wp\/v2\/categories?post=31792"},{"taxonomy":"post_tag","embeddable":true,"href":"https:\/\/www.iceagetv.com\/radiosite\/wp-json\/wp\/v2\/tags?post=31792"}],"curies":[{"name":"wp","href":"https:\/\/api.w.org\/{rel}","templated":true}]}}