{"id":31813,"date":"2024-12-15T13:10:52","date_gmt":"2024-12-15T12:10:52","guid":{"rendered":"https:\/\/www.iceagetv.com\/radiosite\/?p=31813"},"modified":"2024-12-15T13:10:56","modified_gmt":"2024-12-15T12:10:56","slug":"la-reaction-de-rtl-apres-lagression-en-direct-a-lantenne-de-sa-journaliste-elle-a-ete-menacee-son-materiel-detruit-elle-a-du-prendre-la-fuite-nous-soutenons-notre-reporter","status":"publish","type":"post","link":"https:\/\/www.iceagetv.com\/radiosite\/la-reaction-de-rtl-apres-lagression-en-direct-a-lantenne-de-sa-journaliste-elle-a-ete-menacee-son-materiel-detruit-elle-a-du-prendre-la-fuite-nous-soutenons-notre-reporter\/","title":{"rendered":"La r\u00e9action de RTL apr\u00e8s l&rsquo;agression en direct, \u00e0 l&rsquo;antenne, de sa journaliste : \u00ab\u00a0Elle a \u00e9t\u00e9 menac\u00e9e, son mat\u00e9riel d\u00e9truit, elle a du prendre la fuite. Nous soutenons notre reporter\u00a0\u00bb"},"content":{"rendered":"\n<p class=\"\"><strong>&nbsp;La direction de RTL vient de communiquer \u00e0&nbsp;jeanmarcmorandini.com&nbsp;sa r\u00e9action apr\u00e8s l&rsquo;agression de sa journaliste<\/strong>&nbsp;:<\/p>\n\n\n\n<p class=\"\">\u00ab\u00a0Alors qu\u2019elle \u00e9tait ce dimanche matin en train d\u2019effectuer une intervention en direct sur le fait divers dramatique \u00e0 Wormhout, dans le Nord, une reporter de Rtl a \u00e9t\u00e9 violemment prise \u00e0 partie, menac\u00e9e et contrainte de prendre la fuite, son mat\u00e9riel de radio \u00e9tant par ailleurs d\u00e9truit par l\u2019agresseur.<\/p>\n\n\n\n<p class=\"\">La direction et la r\u00e9daction de Rtl apportent tout leur soutien \u00e0 la journaliste agress\u00e9e, ainsi qu\u2019\u00e0 tous les journalistes qui ont fait face \u00e0 de l\u2019hostilit\u00e9 dans le cadre de la couverture de cet \u00e9v\u00e9nement, et d\u00e9noncent avec force les menaces ou violences dirig\u00e9es contre les journalistes.\u00a0\u00bb<\/p>\n\n\n\n<p class=\"\"><strong> Apr\u00e8s le drame de Dunkerque hier, o\u00f9 5 personnes ont \u00e9t\u00e9 tu\u00e9es, RTL avait envoy\u00e9 une de ses journalistes sur le terrain en la personne\u00a0Hermine Le Clech. Dans le journal de 9h, la journaliste \u00e9tait en direct quand soudain un incident s&rsquo;est produit . On a compris que la journaliste a \u00e9t\u00e9 attaqu\u00e9e par des individus qui lui demandaient de \u00ab\u00a0d\u00e9gager\u00a0\u00bb. La connection a alors \u00e9t\u00e9 interrompue de fa\u00e7on brutale.<\/strong><\/p>\n\n\n\n<p class=\"\">Quelques plus tard, RTL a annonc\u00e9 que \u00ab\u00a0la journaliste avait \u00e9t\u00e9 violent\u00e9 par plusieurs individus alors qu&rsquo;elle faisait son m\u00e9tier et que la police avait \u00e9t\u00e9 inform\u00e9e de ce qui s&rsquo;est pass\u00e9\u00a0\u00bb.&nbsp;<\/p>\n\n\n\n<p class=\"\">Pas plus d&rsquo;informations \u00e0 cette heure sur cet incident que les auditeurs de RTL ont pu vivre en direct sur l&rsquo;antenne, comme vous avez l&rsquo;entendre dans le document audio ci-dessus.<\/p>\n","protected":false},"excerpt":{"rendered":"<p>&nbsp;La direction de RTL vient de communiquer \u00e0&nbsp;jeanmarcmorandini.com&nbsp;sa r\u00e9action apr\u00e8s l&rsquo;agression de sa journaliste&nbsp;: \u00ab\u00a0Alors qu\u2019elle \u00e9tait ce dimanche matin en train d\u2019effectuer une intervention en direct sur le fait divers dramatique \u00e0 Wormhout, dans le Nord, une reporter de Rtl a \u00e9t\u00e9 violemment prise \u00e0 partie, menac\u00e9e et contrainte de prendre la fuite, son [&hellip;]<\/p>\n","protected":false},"author":2,"featured_media":31814,"comment_status":"open","ping_status":"open","sticky":false,"template":"","format":"standard","meta":{"_jetpack_memberships_contains_paid_content":false,"footnotes":"","jetpack_publicize_message":"","jetpack_publicize_feature_enabled":true,"jetpack_social_post_already_shared":true,"jetpack_social_options":{"image_generator_settings":{"template":"highway","enabled":true,"token":"eyJpbWciOiJodHRwczpcL1wvd3d3LmljZWFnZXR2LmNvbVwvcmFkaW9zaXRlXC93cC1jb250ZW50XC91cGxvYWRzXC8yMDI0XC8xMlwvSmc5cDlPWmMuanBnIiwidHh0IjoiTGEgclx1MDBlOWFjdGlvbiBkZSBSVEwgYXByXHUwMGU4cyBsJiM4MjE3O2FncmVzc2lvbiBlbiBkaXJlY3QsIFx1MDBlMCBsJiM4MjE3O2FudGVubmUsIGRlIHNhIGpvdXJuYWxpc3RlIDogJiM4MjIwO0VsbGUgYSBcdTAwZTl0XHUwMGU5IG1lbmFjXHUwMGU5ZSwgc29uIG1hdFx1MDBlOXJpZWwgZFx1MDBlOXRydWl0LCBlbGxlIGEgZHUgcHJlbmRyZSBsYSBmdWl0ZS4gTm91cyBzb3V0ZW5vbnMgbm90cmUgcmVwb3J0ZXImIzgyMjE7IiwidGVtcGxhdGUiOiJoaWdod2F5IiwiYmxvZ19pZCI6MTExMDE2NDYxfQ.yUdc2RrD0C1MNkUHK8rKx7MqJ8Fc42wljzcYnqR5rssMQ"},"version":2},"_wpas_customize_per_network":false},"categories":[405],"tags":[],"class_list":["post-31813","post","type-post","status-publish","format-standard","has-post-thumbnail","hentry","category-actu-france-monde"],"jetpack_publicize_connections":[],"jetpack_featured_media_url":"https:\/\/i0.wp.com\/www.iceagetv.com\/radiosite\/wp-content\/uploads\/2024\/12\/Jg9p9OZc.jpg?fit=679%2C293&ssl=1","jetpack_sharing_enabled":true,"_links":{"self":[{"href":"https:\/\/www.iceagetv.com\/radiosite\/wp-json\/wp\/v2\/posts\/31813","targetHints":{"allow":["GET"]}}],"collection":[{"href":"https:\/\/www.iceagetv.com\/radiosite\/wp-json\/wp\/v2\/posts"}],"about":[{"href":"https:\/\/www.iceagetv.com\/radiosite\/wp-json\/wp\/v2\/types\/post"}],"author":[{"embeddable":true,"href":"https:\/\/www.iceagetv.com\/radiosite\/wp-json\/wp\/v2\/users\/2"}],"replies":[{"embeddable":true,"href":"https:\/\/www.iceagetv.com\/radiosite\/wp-json\/wp\/v2\/comments?post=31813"}],"version-history":[{"count":1,"href":"https:\/\/www.iceagetv.com\/radiosite\/wp-json\/wp\/v2\/posts\/31813\/revisions"}],"predecessor-version":[{"id":31815,"href":"https:\/\/www.iceagetv.com\/radiosite\/wp-json\/wp\/v2\/posts\/31813\/revisions\/31815"}],"wp:featuredmedia":[{"embeddable":true,"href":"https:\/\/www.iceagetv.com\/radiosite\/wp-json\/wp\/v2\/media\/31814"}],"wp:attachment":[{"href":"https:\/\/www.iceagetv.com\/radiosite\/wp-json\/wp\/v2\/media?parent=31813"}],"wp:term":[{"taxonomy":"category","embeddable":true,"href":"https:\/\/www.iceagetv.com\/radiosite\/wp-json\/wp\/v2\/categories?post=31813"},{"taxonomy":"post_tag","embeddable":true,"href":"https:\/\/www.iceagetv.com\/radiosite\/wp-json\/wp\/v2\/tags?post=31813"}],"curies":[{"name":"wp","href":"https:\/\/api.w.org\/{rel}","templated":true}]}}