{"id":31837,"date":"2024-12-16T16:23:53","date_gmt":"2024-12-16T15:23:53","guid":{"rendered":"https:\/\/www.iceagetv.com\/radiosite\/?p=31837"},"modified":"2024-12-16T16:23:57","modified_gmt":"2024-12-16T15:23:57","slug":"le-president-bresilien-lula-est-sorti-de-lhopital-de-sao-paulo-ou-il-a-ete-opere-durgence-pour-une-hemorragie-intracranienne-pres-du-cerveau-annoncent-les-medecins","status":"publish","type":"post","link":"https:\/\/www.iceagetv.com\/radiosite\/le-president-bresilien-lula-est-sorti-de-lhopital-de-sao-paulo-ou-il-a-ete-opere-durgence-pour-une-hemorragie-intracranienne-pres-du-cerveau-annoncent-les-medecins\/","title":{"rendered":"Le pr\u00e9sident br\u00e9silien Lula est sorti de l\u2019h\u00f4pital de Sao Paulo o\u00f9 il a \u00e9t\u00e9 op\u00e9r\u00e9 d\u2019urgence pour une h\u00e9morragie intracr\u00e2nienne pr\u00e8s du cerveau, annoncent les m\u00e9decins"},"content":{"rendered":"\n<p class=\"\">Le pr\u00e9sident br\u00e9silien Luiz Inacio Lula da Silva est sorti de l\u2019h\u00f4pital de Sao Paulo o\u00f9 il a \u00e9t\u00e9 op\u00e9r\u00e9 d\u2019urgence pour une h\u00e9morragie intracr\u00e2nienne pr\u00e8s du cerveau, ont annonc\u00e9 dimanche les m\u00e9decins, rejoints d\u2019une mani\u00e8re inopin\u00e9e par Lula lui-m\u00eame qui s\u2019est invit\u00e9 \u00e0 la conf\u00e9rence de presse.<\/p>\n\n\n\n<p class=\"\">Le pr\u00e9sident de 79 ans pourra reprendre ses activit\u00e9s, mais il devra \u00eatre suivi tr\u00e8s attentivement au cours des 15 prochains jours et rester \u00e0 Sao Paulo jusqu\u2019\u00e0 jeudi, date \u00e0 laquelle il devra se soumettre \u00e0 de nouveaux examens, a d\u00e9clar\u00e9 en conf\u00e9rence de presse le cardiologue Roberto Kalil, l\u2019un des m\u00e9decins qui ont pris en charge Lula \u00e0 l\u2019h\u00f4pital syro-libanais de Sao Paulo.<\/p>\n\n\n\n<p class=\"\">Lula pourra ensuite rentrer \u00e0 Brasilia et reprendre son programme de travail. \u00ab&nbsp;La seule restriction est l\u2019exercice physique&nbsp;\u00bb, a d\u00e9clar\u00e9 le Dr Kalil.<\/p>\n\n\n\n<p class=\"\">Le m\u00e9decin a soulign\u00e9 plus tard, lors d\u2019une interview \u00e0 TV Globo, qu\u2019il y a avait eu \u00ab&nbsp;un risque que le pire se produise&nbsp;\u00bb.<\/p>\n\n\n\n<p class=\"\">Apr\u00e8s l\u2019intervention chirurgicale pratiqu\u00e9e pour une h\u00e9morragie pr\u00e8s du cerveau due \u00e0 un coup re\u00e7u \u00e0 la t\u00eate lors d\u2019une chute, Lula a r\u00e9cup\u00e9r\u00e9 d\u2019une mani\u00e8re qui a \u00ab&nbsp;largement d\u00e9pass\u00e9 les attentes&nbsp;\u00bb des m\u00e9decins, a d\u00e9clar\u00e9 la Dr Ana Helena Germoglio, \u00e9galement membre de l\u2019\u00e9quipe m\u00e9dicale.<\/p>\n\n\n\n<p class=\"\">\u00ab&nbsp;Pour mon plus grand bonheur et celui de l\u2019\u00e9quipe, le pr\u00e9sident est sorti de l\u2019h\u00f4pital&nbsp;\u00bb, s\u2019est-elle f\u00e9licit\u00e9e.<\/p>\n\n\n\n<p class=\"\">Le dirigeant br\u00e9silien, connu pour son rythme de travail fr\u00e9n\u00e9tique, a fait irruption d\u2019une mani\u00e8re inattendue sur les lieux o\u00f9 se d\u00e9roulait la conf\u00e9rence de presse et s\u2019est approch\u00e9 des micros en marchant sans aide.<\/p>\n\n\n\n<p class=\"\">\u00ab&nbsp;Je suis ici entier (&#8230;) je retourne \u00e0 la maison&nbsp;\u00bb, a d\u00e9clar\u00e9 Lula, v\u00eatu d\u2019une veste et d\u2019un chapeau dissimulant les cicatrices de son op\u00e9ration.<\/p>\n\n\n\n<p class=\"\">L\u2019h\u00e9morragie est la cons\u00e9quence d\u2019un accident domestique survenu le 19 octobre, lorsque Lula est tomb\u00e9 dans la salle de bain de sa r\u00e9sidence officielle \u00e0 Brasilia, se cognant l\u2019arri\u00e8re de la t\u00eate.<\/p>\n\n\n\n<p class=\"\">Il a depuis eu des points de suture et subi des examens p\u00e9riodiques pendant plusieurs semaines.<\/p>\n\n\n\n<p class=\"\">Puis il s\u2019est attel\u00e9 \u00e0 son programme de chef de l\u2019Etat, particuli\u00e8rement charg\u00e9 avec notamment la pr\u00e9sence des dirigeants du G20 lors d\u2019un sommet \u00e0 Rio de Janeiro les 18 et 19 novembre.<\/p>\n","protected":false},"excerpt":{"rendered":"<p>Le pr\u00e9sident br\u00e9silien Luiz Inacio Lula da Silva est sorti de l\u2019h\u00f4pital de Sao Paulo o\u00f9 il a \u00e9t\u00e9 op\u00e9r\u00e9 d\u2019urgence pour une h\u00e9morragie intracr\u00e2nienne pr\u00e8s du cerveau, ont annonc\u00e9 dimanche les m\u00e9decins, rejoints d\u2019une mani\u00e8re inopin\u00e9e par Lula lui-m\u00eame qui s\u2019est invit\u00e9 \u00e0 la conf\u00e9rence de presse. Le pr\u00e9sident de 79 ans pourra reprendre [&hellip;]<\/p>\n","protected":false},"author":2,"featured_media":31838,"comment_status":"open","ping_status":"open","sticky":false,"template":"","format":"standard","meta":{"_jetpack_memberships_contains_paid_content":false,"footnotes":"","jetpack_publicize_message":"","jetpack_publicize_feature_enabled":true,"jetpack_social_post_already_shared":true,"jetpack_social_options":{"image_generator_settings":{"template":"highway","enabled":true,"token":"eyJpbWciOiJodHRwczpcL1wvd3d3LmljZWFnZXR2LmNvbVwvcmFkaW9zaXRlXC93cC1jb250ZW50XC91cGxvYWRzXC8yMDI0XC8xMlwvTGUtcHJlc2lkZW50LWJyZXNpbGllbi1MdWxhLWVzdC1zb3J0aS1kZS1saG9waXRhbC5qcGciLCJ0eHQiOiJMZSBwclx1MDBlOXNpZGVudCBiclx1MDBlOXNpbGllbiBMdWxhIGVzdCBzb3J0aSBkZSBsXHUyMDE5aFx1MDBmNHBpdGFsIGRlIFNhbyBQYXVsbyBvXHUwMGY5IGlsIGEgXHUwMGU5dFx1MDBlOSBvcFx1MDBlOXJcdTAwZTkgZFx1MjAxOXVyZ2VuY2UgcG91ciB1bmUgaFx1MDBlOW1vcnJhZ2llIGludHJhY3JcdTAwZTJuaWVubmUgcHJcdTAwZThzIGR1IGNlcnZlYXUsIGFubm9uY2VudCBsZXMgbVx1MDBlOWRlY2lucyIsInRlbXBsYXRlIjoiaGlnaHdheSIsImJsb2dfaWQiOjExMTAxNjQ2MX0.5eTHwwLJ_inRJPsw-lfaJHsRpYKiCytkWTVWdmUGZ0gMQ"},"version":2},"_wpas_customize_per_network":false},"categories":[405],"tags":[],"class_list":["post-31837","post","type-post","status-publish","format-standard","has-post-thumbnail","hentry","category-actu-france-monde"],"jetpack_publicize_connections":[],"jetpack_featured_media_url":"https:\/\/i0.wp.com\/www.iceagetv.com\/radiosite\/wp-content\/uploads\/2024\/12\/Le-president-bresilien-Lula-est-sorti-de-lhopital.jpg?fit=679%2C293&ssl=1","jetpack_sharing_enabled":true,"_links":{"self":[{"href":"https:\/\/www.iceagetv.com\/radiosite\/wp-json\/wp\/v2\/posts\/31837","targetHints":{"allow":["GET"]}}],"collection":[{"href":"https:\/\/www.iceagetv.com\/radiosite\/wp-json\/wp\/v2\/posts"}],"about":[{"href":"https:\/\/www.iceagetv.com\/radiosite\/wp-json\/wp\/v2\/types\/post"}],"author":[{"embeddable":true,"href":"https:\/\/www.iceagetv.com\/radiosite\/wp-json\/wp\/v2\/users\/2"}],"replies":[{"embeddable":true,"href":"https:\/\/www.iceagetv.com\/radiosite\/wp-json\/wp\/v2\/comments?post=31837"}],"version-history":[{"count":1,"href":"https:\/\/www.iceagetv.com\/radiosite\/wp-json\/wp\/v2\/posts\/31837\/revisions"}],"predecessor-version":[{"id":31839,"href":"https:\/\/www.iceagetv.com\/radiosite\/wp-json\/wp\/v2\/posts\/31837\/revisions\/31839"}],"wp:featuredmedia":[{"embeddable":true,"href":"https:\/\/www.iceagetv.com\/radiosite\/wp-json\/wp\/v2\/media\/31838"}],"wp:attachment":[{"href":"https:\/\/www.iceagetv.com\/radiosite\/wp-json\/wp\/v2\/media?parent=31837"}],"wp:term":[{"taxonomy":"category","embeddable":true,"href":"https:\/\/www.iceagetv.com\/radiosite\/wp-json\/wp\/v2\/categories?post=31837"},{"taxonomy":"post_tag","embeddable":true,"href":"https:\/\/www.iceagetv.com\/radiosite\/wp-json\/wp\/v2\/tags?post=31837"}],"curies":[{"name":"wp","href":"https:\/\/api.w.org\/{rel}","templated":true}]}}