{"id":31856,"date":"2024-12-17T14:12:32","date_gmt":"2024-12-17T13:12:32","guid":{"rendered":"https:\/\/www.iceagetv.com\/radiosite\/?p=31856"},"modified":"2024-12-17T14:12:35","modified_gmt":"2024-12-17T13:12:35","slug":"cyclone-chido-a-mayotte-jaurais-prefere-que-le-premier-ministre-au-lieu-de-prendre-un-avion-pour-pau-prenne-un-avion-pour-mamoudzou-critique-yael-braun-pivet","status":"publish","type":"post","link":"https:\/\/www.iceagetv.com\/radiosite\/cyclone-chido-a-mayotte-jaurais-prefere-que-le-premier-ministre-au-lieu-de-prendre-un-avion-pour-pau-prenne-un-avion-pour-mamoudzou-critique-yael-braun-pivet\/","title":{"rendered":"Cyclone Chido \u00e0 Mayotte : \u00ab\u00a0J&rsquo;aurais pr\u00e9f\u00e9r\u00e9 que le Premier ministre, au lieu de prendre un avion pour Pau, prenne un avion pour Mamoudzou\u00a0\u00bb, critique Ya\u00ebl Braun-Pivet"},"content":{"rendered":"\n<p class=\"\">\u00ab\u00a0Dans ce type de circonstances, il faut \u00eatre \u00e0 100% mobilis\u00e9 sur la gestion de la crise\u00a0\u00bb, a affirm\u00e9 la pr\u00e9sidente de l&rsquo;Assembl\u00e9e nationale.Le nouveau Premier ministre Fran\u00e7ois Bayrou est\u00a0<a href=\"https:\/\/www.francetvinfo.fr\/meteo\/cyclone-ouragan\/cyclone-chido-a-mayotte\/francois-bayrou-critique-pour-sa-participation-au-conseil-municipal-de-pau-en-meme-temps-qu-une-reunion-de-crise-a-distance-sur-la-situation-a-mayotte_6958799.html\">vivement critiqu\u00e9<\/a>\u00a0depuis lundi pour sa participation au conseil municipal de Pau en pleine crise \u00e0 Mayotte.<em>\u00ab\u00a0J&rsquo;aurais effectivement pr\u00e9f\u00e9r\u00e9 que le Premier ministre, au lieu de prendre un avion pour Pau, prenne un avion pour Mamoudzou\u00a0\u00bb,<\/em>\u00a0a critiqu\u00e9 mardi 17 d\u00e9cembre Ya\u00ebl Braun-Pivet, pr\u00e9sidente de l&rsquo;Assembl\u00e9e nationale, sur franceinfo.<em>Dans ce type de circonstances, il faut \u00eatre \u00e0 100 % mobilis\u00e9 sur la gestion de la crise\u00a0\u00bb<\/em>, a affirm\u00e9 la pr\u00e9sidente de l&rsquo;Assembl\u00e9e nationale, alors que le ministre de l&rsquo;Int\u00e9rieur Bruno Retailleau est sur place et que le pr\u00e9sident de la R\u00e9publique Emmanuel Macron assiste place Beauvau \u00e0 un briefing des forces de s\u00e9curit\u00e9 et de la s\u00e9curit\u00e9 civile notamment.<\/p>\n\n\n\n<h2 class=\"wp-block-heading\">\u00ab\u00a0Ce n&rsquo;est vraiment pas le moment de remetttre le cumul des mandats sur la table\u00a0\u00bb<\/h2>\n\n\n\n<p class=\"\">Fran\u00e7ois Bayrou a pr\u00e9sid\u00e9 lundi soir le conseil municipal de Pau, dont il entend rester maire, et a d\u00e9fendu le cumul des mandats.\u00a0Ya\u00ebl Braun-Pivet tient \u00e0 souligner que\u00a0<em>\u00ab\u00a0ce n&rsquo;est pas le bon moment\u00a0\u00bb<\/em>\u00a0de parler de ce sujet alors qu&rsquo;il y a le\u00a0<em>\u00ab\u00a0budget, Mayotte, et toutes les probl\u00e9matiques des Fran\u00e7ais\u00a0\u00bb<\/em>\u00a0\u00e0 traiter en priorit\u00e9,\u00a0<em>\u00ab\u00a0l&rsquo;acc\u00e8s aux soins, les agriculteurs\u2026\u00a0\u00bb<\/em>, liste la pr\u00e9sidente de l&rsquo;Assembl\u00e9e nationale, rappelant qu&rsquo;elle est\u00a0<em>\u00ab\u00a0contre le cumul des mandats\u00a0\u00bb<\/em>, consid\u00e9rant\u00a0<em>\u00ab\u00a0que lorsqu&rsquo;on exerce une fonction, on doit l&rsquo;exercer \u00e0 plein temps.\u00a0\u00bb \u00ab\u00a0Je suis contre le cumul de mandats et je pense qu&rsquo;il ne faut pas remettre ce sujet sur la table, ce n&rsquo;est vraiment pas le moment\u00a0\u00bb,<\/em>\u00a0r\u00e9p\u00e8te l&rsquo;\u00e9lue Renaissance.Sur France 2 mardi, le premier secr\u00e9taire du Parti socialiste Olivier Faure a, lui aussi, affirm\u00e9 que\u00a0<em>\u00ab\u00a0la place du Premier ministre n&rsquo;\u00e9tait pas \u00e0 Pau hier soir, la priorit\u00e9, c&rsquo;est Mayotte\u00a0\u00bb<\/em>. Il estime que Fran\u00e7ois Bayrou\u00a0<em>\u00ab\u00a0s&rsquo;\u00e9gare\u00a0\u00bb. \u00ab\u00a0Cette obsession pour le cumul des mandats ne peut pas \u00eatre une priorit\u00e9, aujourd&rsquo;hui\u00a0\u00bb.<\/em><\/p>\n","protected":false},"excerpt":{"rendered":"<p>\u00ab\u00a0Dans ce type de circonstances, il faut \u00eatre \u00e0 100% mobilis\u00e9 sur la gestion de la crise\u00a0\u00bb, a affirm\u00e9 la pr\u00e9sidente de l&rsquo;Assembl\u00e9e nationale.Le nouveau Premier ministre Fran\u00e7ois Bayrou est\u00a0vivement critiqu\u00e9\u00a0depuis lundi pour sa participation au conseil municipal de Pau en pleine crise \u00e0 Mayotte.\u00ab\u00a0J&rsquo;aurais effectivement pr\u00e9f\u00e9r\u00e9 que le Premier ministre, au lieu de prendre [&hellip;]<\/p>\n","protected":false},"author":2,"featured_media":31857,"comment_status":"open","ping_status":"open","sticky":false,"template":"","format":"standard","meta":{"_jetpack_memberships_contains_paid_content":false,"footnotes":"","jetpack_publicize_message":"","jetpack_publicize_feature_enabled":true,"jetpack_social_post_already_shared":true,"jetpack_social_options":{"image_generator_settings":{"template":"highway","enabled":true,"token":"eyJpbWciOiJodHRwczpcL1wvd3d3LmljZWFnZXR2LmNvbVwvcmFkaW9zaXRlXC93cC1jb250ZW50XC91cGxvYWRzXC8yMDI0XC8xMlwvSmF1cmFpcy1wcmVmZXJlLXF1ZS1sZS1QcmVtaWVyLW1pbmlzdHJlLmpwZyIsInR4dCI6IkN5Y2xvbmUgQ2hpZG8gXHUwMGUwIE1heW90dGUgOiAmIzgyMjA7SiYjODIxNzthdXJhaXMgcHJcdTAwZTlmXHUwMGU5clx1MDBlOSBxdWUgbGUgUHJlbWllciBtaW5pc3RyZSwgYXUgbGlldSBkZSBwcmVuZHJlIHVuIGF2aW9uIHBvdXIgUGF1LCBwcmVubmUgdW4gYXZpb24gcG91ciBNYW1vdWR6b3UmIzgyMjE7LCBjcml0aXF1ZSBZYVx1MDBlYmwgQnJhdW4tUGl2ZXQiLCJ0ZW1wbGF0ZSI6ImhpZ2h3YXkiLCJibG9nX2lkIjoxMTEwMTY0NjF9.5zQQIDEZRKA9IhSouX0M-78QUIjAwTPxT7HBeeTuXF4MQ"},"version":2},"_wpas_customize_per_network":false},"categories":[405],"tags":[],"class_list":["post-31856","post","type-post","status-publish","format-standard","has-post-thumbnail","hentry","category-actu-france-monde"],"jetpack_publicize_connections":[],"jetpack_featured_media_url":"https:\/\/i0.wp.com\/www.iceagetv.com\/radiosite\/wp-content\/uploads\/2024\/12\/Jaurais-prefere-que-le-Premier-ministre.jpg?fit=855%2C503&ssl=1","jetpack_sharing_enabled":true,"_links":{"self":[{"href":"https:\/\/www.iceagetv.com\/radiosite\/wp-json\/wp\/v2\/posts\/31856","targetHints":{"allow":["GET"]}}],"collection":[{"href":"https:\/\/www.iceagetv.com\/radiosite\/wp-json\/wp\/v2\/posts"}],"about":[{"href":"https:\/\/www.iceagetv.com\/radiosite\/wp-json\/wp\/v2\/types\/post"}],"author":[{"embeddable":true,"href":"https:\/\/www.iceagetv.com\/radiosite\/wp-json\/wp\/v2\/users\/2"}],"replies":[{"embeddable":true,"href":"https:\/\/www.iceagetv.com\/radiosite\/wp-json\/wp\/v2\/comments?post=31856"}],"version-history":[{"count":1,"href":"https:\/\/www.iceagetv.com\/radiosite\/wp-json\/wp\/v2\/posts\/31856\/revisions"}],"predecessor-version":[{"id":31858,"href":"https:\/\/www.iceagetv.com\/radiosite\/wp-json\/wp\/v2\/posts\/31856\/revisions\/31858"}],"wp:featuredmedia":[{"embeddable":true,"href":"https:\/\/www.iceagetv.com\/radiosite\/wp-json\/wp\/v2\/media\/31857"}],"wp:attachment":[{"href":"https:\/\/www.iceagetv.com\/radiosite\/wp-json\/wp\/v2\/media?parent=31856"}],"wp:term":[{"taxonomy":"category","embeddable":true,"href":"https:\/\/www.iceagetv.com\/radiosite\/wp-json\/wp\/v2\/categories?post=31856"},{"taxonomy":"post_tag","embeddable":true,"href":"https:\/\/www.iceagetv.com\/radiosite\/wp-json\/wp\/v2\/tags?post=31856"}],"curies":[{"name":"wp","href":"https:\/\/api.w.org\/{rel}","templated":true}]}}