{"id":31865,"date":"2024-12-17T18:03:53","date_gmt":"2024-12-17T17:03:53","guid":{"rendered":"https:\/\/www.iceagetv.com\/radiosite\/?p=31865"},"modified":"2024-12-17T18:03:57","modified_gmt":"2024-12-17T17:03:57","slug":"le-premier-ministre-francois-bayrou-ne-lachera-pas-la-mairie-de-pau-une-faute-politique-et-morale","status":"publish","type":"post","link":"https:\/\/www.iceagetv.com\/radiosite\/le-premier-ministre-francois-bayrou-ne-lachera-pas-la-mairie-de-pau-une-faute-politique-et-morale\/","title":{"rendered":"Le Premier ministre Fran\u00e7ois Bayrou ne l\u00e2chera pas la mairie de Pau : une faute politique et morale\u00a0?"},"content":{"rendered":"\n<p class=\"\">En pleine crise humanitaire \u00e0 Mayotte et crise politique \u00e0 Paris pour former un gouvernement, Fran\u00e7ois Bayrou s&rsquo;est rendu \u00e0 Pau pour pr\u00e9sider un conseil municipal. Pol\u00e9mique.Trois jours. C\u2019est le laps de temps qu\u2019il aura fallu \u00e0&nbsp;<a href=\"https:\/\/actu.fr\/tag\/francois-bayrou\">Fran\u00e7ois Bayrou<\/a>&nbsp;pour essuyer&nbsp;<a href=\"https:\/\/actu.fr\/politique\/cumul-des-mandats-deplacement-en-jet-a-pau-mayotte-francois-bayrou-essuie-deja-ses-premieres-polemiques_62011287.html\">les premi\u00e8res critiques<\/a>. Au moment o\u00f9 la crise s\u2019aggrave \u00e0 Mayotte, apr\u00e8s le passage d\u00e9vastateur du cyclone Chido, et de premi\u00e8res consultations pour constituer un gouvernement avant&nbsp;<a href=\"https:\/\/actu.fr\/tag\/noel\">No\u00ebl<\/a>,&nbsp;<strong>le locataire de Matignon s\u2019est rendu \u00e0 Pau<\/strong>.<\/p>\n\n\n\n<p class=\"\">L\u2019homme de 73&nbsp;ans a d\u00e9cid\u00e9 de&nbsp;<a href=\"https:\/\/actu.fr\/politique\/premier-ministre-a-mi-temps-francois-bayrou-entend-rester-maire-de-pau-et-ca-ne-plait-pas-a-tout-le-monde_62010521.html\">rester maire du chef-lieu des Pyr\u00e9n\u00e9es-Atlantiques<\/a>&nbsp;et donc, lundi 16&nbsp;d\u00e9cembre, de&nbsp;<strong>pr\u00e9sider le dernier conseil municipal de l\u2019ann\u00e9e<\/strong>. Un choix discutable face aux circonstances humaines et politiques, qu\u2019il a tent\u00e9 de justifier ce mardi 17 d\u00e9cembre devant l\u2019Assembl\u00e9e nationale.<\/p>\n\n\n\n<p class=\"\">\u00ab\u00a0Pau, c\u2019est en France\u00a0\u00bb, s\u2019est-il d\u00e9fendu. \u00ab\u00a0On n\u2019a pas le droit de s\u00e9parer la province et le cercle des pouvoirs \u00e0 Paris\u00a0\u00bb. Dans les textes, rien n\u2019interdit d\u2019ailleurs \u00e0 Fran\u00e7ois Bayrou d\u2019exercer sa fonction de maire et de Premier ministre. La question est plus politique et morale. D\u00e9cryptage.Que dit la loi\u2009?<\/p>\n\n\n\n<p class=\"\">\u00ab\u2009Les r\u00e8gles juridiques indiquent que cette situation est tout \u00e0 fait possible\u2009\u00bb, \u00e9tablit Julien Bonnet, professeur de droit public \u00e0 l\u2019universit\u00e9 de Montpellier, \u00e0&nbsp;<em>actu.fr<\/em>.&nbsp;<strong>Maire et Premier ministre\u2009: c\u2019est l\u00e9gal<\/strong>.<\/p>\n\n\n\n<p class=\"\">Cependant, en France, plusieurs lois r\u00e9gissent la vie de nos politiciens. Apr\u00e8s\u00a0<a href=\"https:\/\/actu.fr\/faits-divers\/jerome-cahuzac-condamne-ses-comptes-caches-lex-ministre-nouveau-face-juges_15485557.html\">l\u2019affaire de J\u00e9r\u00f4me Cahuzac<\/a>, ancien ministre du Budget sous la pr\u00e9sidence de Fran\u00e7ois Hollande, les citoyens souhaitent plus de transparence sous la V\u1d49 R\u00e9publique.\u00a0<strong>\u00ab\u2009Une culture de la d\u00e9ontologie qui s\u2019est infus\u00e9e dans notre syst\u00e8me\u2009\u00bb<\/strong>, continue Julien Bonnet.La Haute Autorit\u00e9 pour la transparence de la vie publique (HATVP), dont le but est de surveiller et de promouvoir la probit\u00e9 des responsables publics, est alors cr\u00e9\u00e9e en 2013. Et&nbsp;<a href=\"https:\/\/www.legifrance.gouv.fr\/loda\/article_lc\/LEGIARTI000006527487\">une loi organique est vot\u00e9e en 2014<\/a>. Cette norme&nbsp;<strong>restreint le cumul des mandats des d\u00e9put\u00e9s et s\u00e9nateurs<\/strong>. Ils ne peuvent plus exercer d\u2019autres fonctions locales.<\/p>\n\n\n\n<p class=\"\">Pareil pour les membres du gouvernement, rel\u00e8ve Anne-Laure Youhnovski Sagon pour&nbsp;<em>actu.fr<\/em>.<strong>&nbsp;L\u2019article&nbsp;23<\/strong>&nbsp;de la Constitution dispose que \u00ab\u2009les fonctions de membre du gouvernement sont incompatibles avec l\u2019exercice de tout mandat parlementaire\u2009\u00bb, d\u00e9taille la ma\u00eetresse de conf\u00e9rences en droit public \u00e0 l\u2019universit\u00e9 de Lyon 3.<\/p>\n\n\n\n<p class=\"\">Et pourquoi pas le Premier ministre alors\u2009? \u00ab\u2009Je ne veux pas de rupture entre la base de la soci\u00e9t\u00e9 fran\u00e7aise et les milieux du pouvoir\u2009\u00bb, a r\u00e9agi, lors du conseil municipal de Pau, Fran\u00e7ois Bayrou. Il a m\u00eame qualifi\u00e9 \u00ab\u2009d\u2019erreur\u2009\u00bb la volont\u00e9 de Fran\u00e7ois Hollande de revenir sur le cumul des mandats des d\u00e9put\u00e9s.<\/p>\n\n\n\n<p class=\"\">En 2012,\u00a0<a href=\"https:\/\/www.vie-publique.fr\/rapport\/32803-commission-renovation-et-deontologie-vie-publique-renouveau-democratique\">la \u00ab\u2009commission Jospin\u2009\u00bb<\/a>, au sujet de la r\u00e9novation et la d\u00e9ontologie de la vie publique,\u00a0<strong>optait pour le remplacement d\u00e9finitif du ministre et du Premier ministre dans ses fonctions locales<\/strong>. \u00ab\u2009Ce projet de loi avait \u00e9t\u00e9 retoqu\u00e9\u2009\u00bb, indique Anne-Laure Youhnovski Sagon.L\u2019esprit du poste de Premier ministre<\/p>\n\n\n\n<p class=\"\">Fran\u00e7ois Bayrou roule-t-il \u00e0 contresens sur l\u2019autoroute de l\u2019esprit du poste de Premier ministre\u2009? Un peu. Dans l\u2019histoire de la V\u1d49 R\u00e9publique,&nbsp;<strong>de nombreux chefs de gouvernement ont d\u00e9missionn\u00e9<\/strong>&nbsp;de leurs postes de maire apr\u00e8s leur prise de fonction \u00e0 Matignon.<\/p>\n\n\n\n<p class=\"\">En 2012,&nbsp;<strong>Jean-Marc Ayrault<\/strong>&nbsp;d\u00e9missionne de son poste de maire de Nantes. En 2017,&nbsp;<strong>\u00c9douard Philippe<\/strong>&nbsp;rend son \u00e9charpe de maire du Havre lors de sa prise de fonction comme Premier ministre,&nbsp;<a href=\"https:\/\/actu.fr\/normandie\/le-havre_76351\/edouard-philippe-premier-ministre-rend-echarpe-maire-havre-voici-ce-qu-faut-retenir-lui_3250039.html\">comme le rapportait notre r\u00e9daction&nbsp;<em>76actu<\/em><\/a>.<\/p>\n\n\n\n<p class=\"\">\u00ab\u2009La pratique n\u2019est pas r\u00e9cente, met en \u00e9vidence Anne-Laure Youhnovski Sagon. Le respect du non-cumul des mandats pour les responsables politiques de l\u2019ex\u00e9cutif s\u2019est aussi observ\u00e9 au XX<sup>e<\/sup>&nbsp;si\u00e8cle.\u2009\u00bb Ainsi,&nbsp;<strong>Lionel Jospin<\/strong>, alors Premier ministre de la \u00ab\u2009gauche plurielle\u2009\u00bb entre&nbsp;1997 et&nbsp;2002, impose \u00e0 ses ministres de quitter leurs fonctions locales. Pareil pour&nbsp;<strong>Jean-Pierre Raffarin<\/strong>, entre 2002 et 2005, ou encore&nbsp;<strong>Dominique de Villepin<\/strong>&nbsp;entre&nbsp;2005 et&nbsp;2007.<\/p>\n\n\n\n<p class=\"\">\u00ab\u2009\u00c0 gauche comme \u00e0 droite, c\u2019est\u00a0<strong>une r\u00e8gle tacite entre le pr\u00e9sident de la R\u00e9publique, le Premier ministre et ses ministres<\/strong>, quitter son poste d\u2019\u00e9lu local au regard d\u2019une r\u00e9cente nomination au gouvernement, c\u2019est normal\u2009\u00bb, d\u00e9taille la professeure de droit public.D\u00e9missionner, c\u2019est donc d\u2019usage. S\u2019accrocher \u00e0 son poste de maire, comme semble le faire Fran\u00e7ois Bayrou, pose d\u2019autres questions. \u00ab\u2009Sur le&nbsp;<strong>plan de la s\u00e9paration des pouvoirs<\/strong>, il y a un risque de placer le Premier ministre en porte-\u00e0-faux avec ses fonctions de maire\u2009\u00bb, note Julien Bonnet.<\/p>\n\n\n\n<p class=\"\">En effet, le conseil municipal de Pau pourrait prendre des d\u00e9cisions contest\u00e9es par le pr\u00e9fet devant le tribunal administratif. Pourtant,&nbsp;<strong>et la mairie de Pau et le pr\u00e9fet sont tous deux soumis \u00e0 l\u2019autorit\u00e9 de Fran\u00e7ois Bayrou<\/strong>. \u00ab\u2009Rien que pour cette raison, il serait sage de mettre ses fonctions de maire entre parenth\u00e8ses\u2009\u00bb, termine le professeur de droit constitutionnel.<\/p>\n","protected":false},"excerpt":{"rendered":"<p>En pleine crise humanitaire \u00e0 Mayotte et crise politique \u00e0 Paris pour former un gouvernement, Fran\u00e7ois Bayrou s&rsquo;est rendu \u00e0 Pau pour pr\u00e9sider un conseil municipal. Pol\u00e9mique.Trois jours. C\u2019est le laps de temps qu\u2019il aura fallu \u00e0&nbsp;Fran\u00e7ois Bayrou&nbsp;pour essuyer&nbsp;les premi\u00e8res critiques. Au moment o\u00f9 la crise s\u2019aggrave \u00e0 Mayotte, apr\u00e8s le passage d\u00e9vastateur du cyclone [&hellip;]<\/p>\n","protected":false},"author":2,"featured_media":31866,"comment_status":"open","ping_status":"open","sticky":false,"template":"","format":"standard","meta":{"_jetpack_memberships_contains_paid_content":false,"footnotes":"","jetpack_publicize_message":"","jetpack_publicize_feature_enabled":true,"jetpack_social_post_already_shared":true,"jetpack_social_options":{"image_generator_settings":{"template":"highway","enabled":true,"token":"eyJpbWciOiJodHRwczpcL1wvd3d3LmljZWFnZXR2LmNvbVwvcmFkaW9zaXRlXC93cC1jb250ZW50XC91cGxvYWRzXC8yMDI0XC8xMlwvZnJhbmNvaXMtYmF5cm91LTk2MHg2NDAtMS5qcGciLCJ0eHQiOiJMZSBQcmVtaWVyIG1pbmlzdHJlIEZyYW5cdTAwZTdvaXMgQmF5cm91IG5lIGxcdTAwZTJjaGVyYSBwYXMgbGEgbWFpcmllIGRlIFBhdSA6IHVuZSBmYXV0ZSBwb2xpdGlxdWUgZXQgbW9yYWxlXHUwMGEwPyIsInRlbXBsYXRlIjoiaGlnaHdheSIsImJsb2dfaWQiOjExMTAxNjQ2MX0.jtBkPy7tbclKHMRDE4mXPhSX4gty0wJ6ft4_6gIqqN0MQ"},"version":2},"_wpas_customize_per_network":false},"categories":[405],"tags":[],"class_list":["post-31865","post","type-post","status-publish","format-standard","has-post-thumbnail","hentry","category-actu-france-monde"],"jetpack_publicize_connections":[],"jetpack_featured_media_url":"https:\/\/i0.wp.com\/www.iceagetv.com\/radiosite\/wp-content\/uploads\/2024\/12\/francois-bayrou-960x640-1.jpg?fit=960%2C640&ssl=1","jetpack_sharing_enabled":true,"_links":{"self":[{"href":"https:\/\/www.iceagetv.com\/radiosite\/wp-json\/wp\/v2\/posts\/31865","targetHints":{"allow":["GET"]}}],"collection":[{"href":"https:\/\/www.iceagetv.com\/radiosite\/wp-json\/wp\/v2\/posts"}],"about":[{"href":"https:\/\/www.iceagetv.com\/radiosite\/wp-json\/wp\/v2\/types\/post"}],"author":[{"embeddable":true,"href":"https:\/\/www.iceagetv.com\/radiosite\/wp-json\/wp\/v2\/users\/2"}],"replies":[{"embeddable":true,"href":"https:\/\/www.iceagetv.com\/radiosite\/wp-json\/wp\/v2\/comments?post=31865"}],"version-history":[{"count":1,"href":"https:\/\/www.iceagetv.com\/radiosite\/wp-json\/wp\/v2\/posts\/31865\/revisions"}],"predecessor-version":[{"id":31867,"href":"https:\/\/www.iceagetv.com\/radiosite\/wp-json\/wp\/v2\/posts\/31865\/revisions\/31867"}],"wp:featuredmedia":[{"embeddable":true,"href":"https:\/\/www.iceagetv.com\/radiosite\/wp-json\/wp\/v2\/media\/31866"}],"wp:attachment":[{"href":"https:\/\/www.iceagetv.com\/radiosite\/wp-json\/wp\/v2\/media?parent=31865"}],"wp:term":[{"taxonomy":"category","embeddable":true,"href":"https:\/\/www.iceagetv.com\/radiosite\/wp-json\/wp\/v2\/categories?post=31865"},{"taxonomy":"post_tag","embeddable":true,"href":"https:\/\/www.iceagetv.com\/radiosite\/wp-json\/wp\/v2\/tags?post=31865"}],"curies":[{"name":"wp","href":"https:\/\/api.w.org\/{rel}","templated":true}]}}