{"id":31869,"date":"2024-12-18T08:41:26","date_gmt":"2024-12-18T07:41:26","guid":{"rendered":"https:\/\/www.iceagetv.com\/radiosite\/?p=31869"},"modified":"2024-12-18T08:41:30","modified_gmt":"2024-12-18T07:41:30","slug":"revelation-ladolescent-tue-hier-devant-un-lycee-parisien-a-deja-ete-blesse-au-couteau-il-y-a-seulement-une-semaine-devant-un-autre-etablissement-scolaire","status":"publish","type":"post","link":"https:\/\/www.iceagetv.com\/radiosite\/revelation-ladolescent-tue-hier-devant-un-lycee-parisien-a-deja-ete-blesse-au-couteau-il-y-a-seulement-une-semaine-devant-un-autre-etablissement-scolaire\/","title":{"rendered":"R\u00e9v\u00e9lation : L&rsquo;adolescent tu\u00e9 hier devant un lyc\u00e9e parisien a d\u00e9j\u00e0 \u00e9t\u00e9 bless\u00e9 au couteau il y a seulement une semaine devant un autre \u00e9tablissement scolaire"},"content":{"rendered":"\n<p class=\"\">Hier, un adolescent de 16 ans, n\u00e9 en octobre 2008, est mort apr\u00e8s avoir \u00e9t\u00e9 bless\u00e9 \u00e0 l&rsquo;arme blanche.&nbsp;Le parquet de Paris indique avoir \u00e9t\u00e9 avis\u00e9 des faits \u00e0 8h30. \u00ab\u00a0En d\u00e9pit des tentatives de r\u00e9animation du SAMU, son d\u00e9c\u00e8s a \u00e9t\u00e9 constat\u00e9 \u00e0 9h15. Le magistrat de permanence s\u2019est rendu sur place\u00a0\u00bb, est-il pr\u00e9cis\u00e9 dans un communiqu\u00e9.<\/p>\n\n\n\n<p class=\"\">Ce jeune n&rsquo;\u00e9tait pas scolaris\u00e9 au lyc\u00e9e Rodin. Dans l&rsquo;apr\u00e8s-midi on a appris qu&rsquo;une mineur a \u00e9t\u00e9 interpell\u00e9e et il est soup\u00e7onn\u00e9 d&rsquo;avoir particip\u00e9 aux \u00e9v\u00e8nements de la matin\u00e9e.<\/p>\n\n\n\n<p class=\"\">Mais ce matin le Parisien, r\u00e9v\u00e8le un \u00e9l\u00e9ment troublant sur la jeune victime qui a \u00e9t\u00e9 victime hier car cet adolescent poignard\u00e9 devant le lyc\u00e9e Rodin aurait \u00e9t\u00e9 d\u00e9j\u00e0 \u00e9t\u00e9 victime d\u2019un coup de couteau le 10 d\u00e9cembre dernier, devant un autre \u00e9tablissement scolaire. Un coup de couteau re\u00e7u,, il y&nbsp; a donc seulement une semaine. La victime avait alors \u00e9t\u00e9 bless\u00e9e, au niveau de la cuisse, lors d\u2019une altercation qui s\u2019\u00e9tait tenue devant le lyc\u00e9e professionnel Ren\u00e9 Cassin, dans le XVIe arrondissement.<\/p>\n\n\n\n<p class=\"\">Entre 2022 et 2023, les ph\u00e9nom\u00e8nes de bandes ont progress\u00e9 de 10% dans l&rsquo;agglom\u00e9ration parisienne, atteignant 413 faits contre 375, selon les \u00e9l\u00e9ments communiqu\u00e9s par la pr\u00e9fecture de police de Paris. Il y a eu quatre d\u00e9c\u00e8s en 2023 contre trois en 2022.<\/p>\n\n\n\n<p class=\"\">Le nombre de bless\u00e9s a augment\u00e9 de 26% et celui d&rsquo;utilisation d&rsquo;une arme (de toute nature) a progress\u00e9 de 22,5% entre 2022 et 2023. D&rsquo;apr\u00e8s le parquet, 17 rixes impliquant des groupes ont \u00e9t\u00e9 r\u00e9pertori\u00e9es dans la seule capitale en 2024, pour 63 bless\u00e9s et deux personnes d\u00e9c\u00e9d\u00e9es, en comptant l&rsquo;agression de mardi.<\/p>\n","protected":false},"excerpt":{"rendered":"<p>Hier, un adolescent de 16 ans, n\u00e9 en octobre 2008, est mort apr\u00e8s avoir \u00e9t\u00e9 bless\u00e9 \u00e0 l&rsquo;arme blanche.&nbsp;Le parquet de Paris indique avoir \u00e9t\u00e9 avis\u00e9 des faits \u00e0 8h30. \u00ab\u00a0En d\u00e9pit des tentatives de r\u00e9animation du SAMU, son d\u00e9c\u00e8s a \u00e9t\u00e9 constat\u00e9 \u00e0 9h15. Le magistrat de permanence s\u2019est rendu sur place\u00a0\u00bb, est-il pr\u00e9cis\u00e9 [&hellip;]<\/p>\n","protected":false},"author":2,"featured_media":31870,"comment_status":"open","ping_status":"open","sticky":false,"template":"","format":"standard","meta":{"_jetpack_memberships_contains_paid_content":false,"footnotes":"","jetpack_publicize_message":"","jetpack_publicize_feature_enabled":true,"jetpack_social_post_already_shared":false,"jetpack_social_options":{"image_generator_settings":{"template":"highway","enabled":true,"token":"eyJpbWciOiJodHRwczpcL1wvd3d3LmljZWFnZXR2LmNvbVwvcmFkaW9zaXRlXC93cC1jb250ZW50XC91cGxvYWRzXC8yMDI0XC8xMlwvMFpPbFE3ZWkuanBnIiwidHh0IjoiUlx1MDBlOXZcdTAwZTlsYXRpb24gOiBMJiM4MjE3O2Fkb2xlc2NlbnQgdHVcdTAwZTkgaGllciBkZXZhbnQgdW4gbHljXHUwMGU5ZSBwYXJpc2llbiBhIGRcdTAwZTlqXHUwMGUwIFx1MDBlOXRcdTAwZTkgYmxlc3NcdTAwZTkgYXUgY291dGVhdSBpbCB5IGEgc2V1bGVtZW50IHVuZSBzZW1haW5lIGRldmFudCB1biBhdXRyZSBcdTAwZTl0YWJsaXNzZW1lbnQgc2NvbGFpcmUiLCJ0ZW1wbGF0ZSI6ImhpZ2h3YXkiLCJibG9nX2lkIjoxMTEwMTY0NjF9.OCFcc4raWdcESOTSpd4KGMzlGn-hMOIdqI_ium0BqRkMQ"},"version":2},"_wpas_customize_per_network":false},"categories":[405],"tags":[],"class_list":["post-31869","post","type-post","status-publish","format-standard","has-post-thumbnail","hentry","category-actu-france-monde"],"jetpack_publicize_connections":[],"jetpack_featured_media_url":"https:\/\/i0.wp.com\/www.iceagetv.com\/radiosite\/wp-content\/uploads\/2024\/12\/0ZOlQ7ei.jpg?fit=679%2C293&ssl=1","jetpack_sharing_enabled":true,"_links":{"self":[{"href":"https:\/\/www.iceagetv.com\/radiosite\/wp-json\/wp\/v2\/posts\/31869","targetHints":{"allow":["GET"]}}],"collection":[{"href":"https:\/\/www.iceagetv.com\/radiosite\/wp-json\/wp\/v2\/posts"}],"about":[{"href":"https:\/\/www.iceagetv.com\/radiosite\/wp-json\/wp\/v2\/types\/post"}],"author":[{"embeddable":true,"href":"https:\/\/www.iceagetv.com\/radiosite\/wp-json\/wp\/v2\/users\/2"}],"replies":[{"embeddable":true,"href":"https:\/\/www.iceagetv.com\/radiosite\/wp-json\/wp\/v2\/comments?post=31869"}],"version-history":[{"count":1,"href":"https:\/\/www.iceagetv.com\/radiosite\/wp-json\/wp\/v2\/posts\/31869\/revisions"}],"predecessor-version":[{"id":31871,"href":"https:\/\/www.iceagetv.com\/radiosite\/wp-json\/wp\/v2\/posts\/31869\/revisions\/31871"}],"wp:featuredmedia":[{"embeddable":true,"href":"https:\/\/www.iceagetv.com\/radiosite\/wp-json\/wp\/v2\/media\/31870"}],"wp:attachment":[{"href":"https:\/\/www.iceagetv.com\/radiosite\/wp-json\/wp\/v2\/media?parent=31869"}],"wp:term":[{"taxonomy":"category","embeddable":true,"href":"https:\/\/www.iceagetv.com\/radiosite\/wp-json\/wp\/v2\/categories?post=31869"},{"taxonomy":"post_tag","embeddable":true,"href":"https:\/\/www.iceagetv.com\/radiosite\/wp-json\/wp\/v2\/tags?post=31869"}],"curies":[{"name":"wp","href":"https:\/\/api.w.org\/{rel}","templated":true}]}}