{"id":31878,"date":"2024-12-18T17:33:18","date_gmt":"2024-12-18T16:33:18","guid":{"rendered":"https:\/\/www.iceagetv.com\/radiosite\/?p=31878"},"modified":"2024-12-18T17:33:22","modified_gmt":"2024-12-18T16:33:22","slug":"nicolas-sarkozy-definitivement-condamne-a-porter-un-bracelet-electronique-pendant-1-an-je-ne-suis-pas-decide-a-accepter-linjustice-profonde-qui-mest-faite-mes-droits-de-justicia","status":"publish","type":"post","link":"https:\/\/www.iceagetv.com\/radiosite\/nicolas-sarkozy-definitivement-condamne-a-porter-un-bracelet-electronique-pendant-1-an-je-ne-suis-pas-decide-a-accepter-linjustice-profonde-qui-mest-faite-mes-droits-de-justicia\/","title":{"rendered":"Nicolas Sarkozy d\u00e9finitivement condamn\u00e9 \u00e0 porter un bracelet \u00e9lectronique pendant 1 an &#8211; \u00ab\u00a0Je ne suis pas d\u00e9cid\u00e9 \u00e0 accepter l\u2019injustice profonde qui m\u2019est faite. Mes droits de justiciable ont \u00e9t\u00e9 bafou\u00e9s\u00a0\u00bb"},"content":{"rendered":"\n<p class=\"\">Laurent Wauquier apporte \u00e9galement son soutien \u00e0 Nicolas Sarkozy: \u00ab\u00a0Cette d\u00e9cision est profond\u00e9ment incompr\u00e9hensible. Je sais \u00e0 quel point Nicolas Sarkozy est un combattant et ne baissera pas les bras. Il a toute mon amiti\u00e9.\u00a0\u00bbhristian Estrosi apporte sur X son soutien \u00e0 Nicolas Sarkozy. Le maire de Nice \u00e9crit: \u00ab\u00a0Je tiens \u00e0 apporter mon total soutien \u00e0 mon ami Nicolas Sarkozy dans l\u2019\u00e9preuve qu\u2019il vit aujourd\u2019hui.<\/p>\n\n\n\n<p class=\"\">En plus d\u2019\u00eatre mon ami, Nicolas est un homme d\u2019Etat qui a toujours servi la France et les Fran\u00e7ais avec int\u00e9grit\u00e9 et force de convictions. Il a consacr\u00e9 toute sa vie \u00e0 notre pays. Sa hauteur de vue et son leadership nous manquent et nous seraient bien utiles dans la p\u00e9riode actuelle.\u00a0\u00bb<strong>Sur le r\u00e9seau social X, Nicolas Sarkozy r\u00e9agit:<\/strong><\/p>\n\n\n\n<p class=\"\">\u00ab\u00a0Je viens donc d\u2019\u00eatre condamn\u00e9 pour un soit disant \u00ab pacte de corruption \u00bb avec quelqu\u2019un \u2013 le juge Azibert \u2013 \u00e0 qui je n\u2019ai pas parl\u00e9, sans aucune contrepartie ni financi\u00e8re ni d\u2019aucune sorte. On me reproche d\u2019avoir pens\u00e9 \u00e0 aider une candidature qui n\u2019a jamais \u00e9t\u00e9 formul\u00e9e, par une intervention qui n\u2019a jamais \u00e9t\u00e9 faite, en \u00e9change d\u2019un service qui n\u2019a jamais \u00e9t\u00e9 ni demand\u00e9 ni rendu ! Le tout \u00e9tant, enfin, fond\u00e9 sur des bribes de conversations entre un avocat et son client, confidentielles par essence\u2026<\/p>\n\n\n\n<p class=\"\">Comme je l\u2019ai toujours fait au cours de ces 12 longues ann\u00e9es de harc\u00e8lement judiciaire, j\u2019assumerai mes responsabilit\u00e9s et ferai face \u00e0 toutes ses cons\u00e9quences. Il n\u2019est nullement dans mon intention de me plaindre. J\u2019ai tellement conscience d\u2019avoir \u00e9t\u00e9 \u00e0 bien des \u00e9gards favoris\u00e9 par la vie. Mais je ne suis pas d\u00e9cid\u00e9 \u00e0 accepter l\u2019injustice profonde qui m\u2019est faite. Mes droits de justiciable ont \u00e9t\u00e9 bafou\u00e9s tant au regard de la jurisprudence de la Cour europ\u00e9enne des droits de l\u2019homme que de celle du Conseil constitutionnel. Le recours que je forme devant la CEDH pourra conduire h\u00e9las \u00e0 faire condamner la France. Cela aurait pu \u00eatre \u00e9vit\u00e9 si j\u2019avais b\u00e9n\u00e9fici\u00e9 d\u2019une analyse juridique sereine. Dois-je comprendre que mon r\u00f4le politique pass\u00e9 et les oppositions que j\u2019ai soulev\u00e9es ont cr\u00e9\u00e9 le climat corporatiste et politique qui a abouti \u00e0 cette d\u00e9cision ? Je veux redire ma parfaite innocence et demeure convaincu de mon bon droit. Ma d\u00e9termination est totale sur ce dossier comme sur les autres. La v\u00e9rit\u00e9 finira par triompher. A ce moment-l\u00e0, chacun aura \u00e0 rendre compte devant les Fran\u00e7ais. NS\u00a0\u00bb<strong>Le point sur ce que l&rsquo;on sait<\/strong><\/p>\n\n\n\n<p class=\"\">La Cour de cassation a rejet\u00e9 mercredi le pourvoi de Nicolas Sarkozy dans l\u2019affaire des \u00e9coutes, rendant d\u00e9finitive sa condamnation \u00e0 un an de prison ferme sous bracelet \u00e9lectronique pour corruption et trafic d\u2019influence, une sanction in\u00e9dite pour un ancien chef de l\u2019Etat.<\/p>\n\n\n\n<p class=\"\">Jusqu\u2019ici suspendue, cette peine, \u00e0 laquelle s\u2019ajoutent trois ans d\u2019in\u00e9ligibilit\u00e9, est d\u00e9sormais applicable: Nicolas Sarkozy, 69 ans, va \u00eatre convoqu\u00e9 devant un juge de l\u2019application des peines qui devra d\u00e9terminer les modalit\u00e9s de son bracelet \u00e9lectronique. Il s\u2019agit de la premi\u00e8re condamnation d\u00e9finitive de l\u2019ex-pr\u00e9sident (2007-2012).<\/p>\n\n\n\n<p class=\"\">Nicolas Sarkozy \u00ab&nbsp;se conformera \u00e9videmment&nbsp;\u00bb \u00e0 cette condamnation, mais il saisit la Cour europ\u00e9enne des droits de l\u2019Homme, a r\u00e9agi aupr\u00e8s de l\u2019AFP son avocat au conseil, Me Patrice Spinosi, d\u00e9plorant un \u00ab&nbsp;triste jour&nbsp;\u00bb o\u00f9 \u00ab&nbsp;un ancien pr\u00e9sident est tenu d\u2019engager une action devant des juges europ\u00e9ens pour faire condamner un Etat aux destin\u00e9es duquel il a pr\u00e9sid\u00e9&nbsp;\u00bb. Cette saisine n\u2019emp\u00eache n\u00e9anmoins pas l\u2019ex\u00e9cution des sanctions prononc\u00e9es.<\/p>\n\n\n\n<p class=\"\">Dans cette affaire, Nicolas Sarkozy a \u00e9t\u00e9 condamn\u00e9 en premi\u00e8re instance le 1er mars 2021, puis en appel le 17 mai 2023. L\u2019ancien locataire de l\u2019Elys\u00e9e a \u00e9t\u00e9 reconnu coupable d\u2019avoir nou\u00e9 en 2014, au c\u00f4t\u00e9 de son avocat historique Thierry Herzog, un \u00ab&nbsp;pacte de corruption&nbsp;\u00bb avec Gilbert Azibert, haut magistrat \u00e0 la Cour de cassation, afin qu\u2019il transmette des informations et tente d\u2019influer sur un recours form\u00e9 par Nicolas Sarkozy dans l\u2019affaire Bettencourt.<\/p>\n\n\n\n<p class=\"\">Et ce, en \u00e9change d\u2019un \u00ab&nbsp;coup de pouce&nbsp;\u00bb promis pour un poste honorifique \u00e0 Monaco. Les trois hommes se sont vu infliger la m\u00eame peine, avec pour l\u2019avocat une interdiction de porter la robe noire pendant trois ans. Leurs pourvois ont aussi \u00e9t\u00e9 rejet\u00e9s et ces peines sont ainsi d\u00e9finitives.<\/p>\n\n\n\n<p class=\"\">Cette d\u00e9cision intervient moins de trois semaines avant l\u2019ouverture, le 6 janvier, du proc\u00e8s des soup\u00e7ons de financement libyen de la campagne pr\u00e9sidentielle 2007, o\u00f9 Nicolas Sarkozy doit compara\u00eetre pendant quatre mois.<\/p>\n","protected":false},"excerpt":{"rendered":"<p>Laurent Wauquier apporte \u00e9galement son soutien \u00e0 Nicolas Sarkozy: \u00ab\u00a0Cette d\u00e9cision est profond\u00e9ment incompr\u00e9hensible. Je sais \u00e0 quel point Nicolas Sarkozy est un combattant et ne baissera pas les bras. Il a toute mon amiti\u00e9.\u00a0\u00bbhristian Estrosi apporte sur X son soutien \u00e0 Nicolas Sarkozy. Le maire de Nice \u00e9crit: \u00ab\u00a0Je tiens \u00e0 apporter mon total [&hellip;]<\/p>\n","protected":false},"author":2,"featured_media":31879,"comment_status":"open","ping_status":"open","sticky":false,"template":"","format":"standard","meta":{"_jetpack_memberships_contains_paid_content":false,"footnotes":"","jetpack_publicize_message":"","jetpack_publicize_feature_enabled":true,"jetpack_social_post_already_shared":true,"jetpack_social_options":{"image_generator_settings":{"template":"highway","enabled":true,"token":"eyJpbWciOiJodHRwczpcL1wvd3d3LmljZWFnZXR2LmNvbVwvcmFkaW9zaXRlXC93cC1jb250ZW50XC91cGxvYWRzXC8yMDI0XC8xMlwvTHJoU0pjWGgtMS5qcGciLCJ0eHQiOiJOaWNvbGFzIFNhcmtvenkgZFx1MDBlOWZpbml0aXZlbWVudCBjb25kYW1uXHUwMGU5IFx1MDBlMCBwb3J0ZXIgdW4gYnJhY2VsZXQgXHUwMGU5bGVjdHJvbmlxdWUgcGVuZGFudCAxIGFuICYjODIxMTsgJiM4MjIwO0plIG5lIHN1aXMgcGFzIGRcdTAwZTljaWRcdTAwZTkgXHUwMGUwIGFjY2VwdGVyIGxcdTIwMTlpbmp1c3RpY2UgcHJvZm9uZGUgcXVpIG1cdTIwMTllc3QgZmFpdGUuIE1lcyBkcm9pdHMgZGUganVzdGljaWFibGUgb250IFx1MDBlOXRcdTAwZTkgYmFmb3VcdTAwZTlzJiM4MjIxOyIsInRlbXBsYXRlIjoiaGlnaHdheSIsImJsb2dfaWQiOjExMTAxNjQ2MX0.P8ncm0FJhb1yvb7Hp0FwS1vrQH1q5pGIBdoxbeqntZIMQ"},"version":2},"_wpas_customize_per_network":false},"categories":[405],"tags":[],"class_list":["post-31878","post","type-post","status-publish","format-standard","has-post-thumbnail","hentry","category-actu-france-monde"],"jetpack_publicize_connections":[],"jetpack_featured_media_url":"https:\/\/i0.wp.com\/www.iceagetv.com\/radiosite\/wp-content\/uploads\/2024\/12\/LrhSJcXh-1.jpg?fit=679%2C293&ssl=1","jetpack_sharing_enabled":true,"_links":{"self":[{"href":"https:\/\/www.iceagetv.com\/radiosite\/wp-json\/wp\/v2\/posts\/31878","targetHints":{"allow":["GET"]}}],"collection":[{"href":"https:\/\/www.iceagetv.com\/radiosite\/wp-json\/wp\/v2\/posts"}],"about":[{"href":"https:\/\/www.iceagetv.com\/radiosite\/wp-json\/wp\/v2\/types\/post"}],"author":[{"embeddable":true,"href":"https:\/\/www.iceagetv.com\/radiosite\/wp-json\/wp\/v2\/users\/2"}],"replies":[{"embeddable":true,"href":"https:\/\/www.iceagetv.com\/radiosite\/wp-json\/wp\/v2\/comments?post=31878"}],"version-history":[{"count":1,"href":"https:\/\/www.iceagetv.com\/radiosite\/wp-json\/wp\/v2\/posts\/31878\/revisions"}],"predecessor-version":[{"id":31880,"href":"https:\/\/www.iceagetv.com\/radiosite\/wp-json\/wp\/v2\/posts\/31878\/revisions\/31880"}],"wp:featuredmedia":[{"embeddable":true,"href":"https:\/\/www.iceagetv.com\/radiosite\/wp-json\/wp\/v2\/media\/31879"}],"wp:attachment":[{"href":"https:\/\/www.iceagetv.com\/radiosite\/wp-json\/wp\/v2\/media?parent=31878"}],"wp:term":[{"taxonomy":"category","embeddable":true,"href":"https:\/\/www.iceagetv.com\/radiosite\/wp-json\/wp\/v2\/categories?post=31878"},{"taxonomy":"post_tag","embeddable":true,"href":"https:\/\/www.iceagetv.com\/radiosite\/wp-json\/wp\/v2\/tags?post=31878"}],"curies":[{"name":"wp","href":"https:\/\/api.w.org\/{rel}","templated":true}]}}