{"id":31897,"date":"2024-12-19T11:48:16","date_gmt":"2024-12-19T10:48:16","guid":{"rendered":"https:\/\/www.iceagetv.com\/radiosite\/?p=31897"},"modified":"2024-12-19T11:48:20","modified_gmt":"2024-12-19T10:48:20","slug":"proces-des-viols-de-mazan-des-peines-de-trois-a-vingt-ans-de-prison-prononcees-contre-les-51-accuses-dont-dominique-pelicot-tous-reconnus-coupables","status":"publish","type":"post","link":"https:\/\/www.iceagetv.com\/radiosite\/proces-des-viols-de-mazan-des-peines-de-trois-a-vingt-ans-de-prison-prononcees-contre-les-51-accuses-dont-dominique-pelicot-tous-reconnus-coupables\/","title":{"rendered":"Proc\u00e8s des viols de Mazan: Des peines de trois \u00e0 vingt ans de prison prononc\u00e9es contre les 51 accus\u00e9s, dont Dominique Pelicot, tous reconnus coupables"},"content":{"rendered":"\n<p class=\"\"><strong>Le point sur ce que l&rsquo;on sait<\/strong><\/p>\n\n\n\n<p class=\"\">La cour criminelle de Vaucluse a condamn\u00e9 Dominique Pelicot \u00e0 la peine maximale de 20 ans de r\u00e9clusion criminelle et d\u00e9clar\u00e9 coupable l\u2019ensemble de ses 50 coaccus\u00e9s, jeudi matin \u00e0 Avignon, cl\u00f4turant ainsi quatre mois du proc\u00e8s des viols de Mazan, devenu symbole des violences faites aux femmes.<\/p>\n\n\n\n<p class=\"\">\u00ab M. Pelicot, vous \u00eates d\u00e9clar\u00e9 coupable de viols aggrav\u00e9s sur la personne de Gis\u00e8le Pelicot, \u00bb&nbsp;a d\u00e9clar\u00e9 le pr\u00e9sident de la cour, Roger Arata, \u00e0 celui qui avait assomm\u00e9 d\u2019anxiolytiques sa d\u00e9sormais ex-\u00e9pouse Gis\u00e8le, pendant une d\u00e9cennie, pour en faire son objet sexuel et la livrer \u00e0 des dizaines d\u2019hommes recrut\u00e9s sur internet.<\/p>\n\n\n\n<p class=\"\">Puis, sans surprise, il a annonc\u00e9 sa condamnation \u00e0 la peine maximale possible pour viols aggrav\u00e9s, soit 20 ans de r\u00e9clusion criminelle, avec une p\u00e9riode de s\u00fbret\u00e9 des deux tiers, suivant ainsi la demande de l\u2019accusation dans son r\u00e9quisitoire fin novembre. L\u2019avocate de Dominique Pelicot, B\u00e9atrice Zavarro, a indiqu\u00e9 que son client,&nbsp;\u00ab quelque peu h\u00e9b\u00e9t\u00e9 \u00bb&nbsp;par la p\u00e9riode de s\u00fbret\u00e9 prononc\u00e9, n\u2019excluant pas un appel afin qu\u2019il soit rejug\u00e9 par&nbsp;\u00ab un jury populaire \u00bb, la cour criminelle \u00e9tant elle constitu\u00e9e uniquement de magistrats professionnels.<\/p>\n\n\n\n<p class=\"\">Pour les 50 coaccus\u00e9s, des hommes de 27 \u00e0 74 ans dont aucun donc n\u2019a \u00e9t\u00e9 acquitt\u00e9, le pr\u00e9sident Arata a ensuite \u00e9gren\u00e9 une \u00e0 une les peines inflig\u00e9es, sans aucun commentaire ou motivation du verdict, lors de cette derni\u00e8re audience qui a dur\u00e9 \u00e0 peine plus d\u2019une heure.<\/p>\n\n\n\n<p class=\"\">La peine la plus basse, trois ans de prison dont deux avec sursis, a \u00e9t\u00e9 pour Joseph C., 69 ans, accus\u00e9 d\u2019\u00ab attouchements \u00bb&nbsp;sur Gis\u00e8le Pelicot, et qui \u00e9chappe donc \u00e0 la prison. La plus lourde, de 15 ans de r\u00e9clusion criminelle, a vis\u00e9 Romain V., 63 ans, venu six fois \u00e0 Mazan pour violer Mme Pelicot.<\/p>\n\n\n\n<p class=\"\">Dans son r\u00e9quisitoire, fin novembre, l\u2019accusation avait demand\u00e9 18 ans de r\u00e9clusion contre lui. Le minist\u00e8re public avait r\u00e9clam\u00e9 des peines de 10 \u00e0 18 ans de r\u00e9clusion contre les 49 coaccus\u00e9s jug\u00e9s pour viols aggrav\u00e9s ou tentative de viol, soit des peines sensiblement plus s\u00e9v\u00e8res que celles finalement prononc\u00e9es.<\/p>\n\n\n\n<p class=\"\">Au total l\u2019accusation avait demand\u00e9 652 ans de prison contre les 51 accus\u00e9s, qui ont finalement \u00e9t\u00e9 condamn\u00e9s \u00e0 428 ann\u00e9es derri\u00e8re les barreaux. \u00ab No\u00ebl en prison, P\u00e2ques en zonzon \u00bb,&nbsp;\u00ab la honte a chang\u00e9 de camp. Et la justice ? \u00bb: les collages du collectif f\u00e9ministe des Amazones d\u2019Avignon, dans la nuit, r\u00e9sumaient la pression sur les cinq juges professionnels de la cour.<\/p>\n\n\n\n<p class=\"\">\u00ab Le viol concerne des femmes du monde entier, c\u2019est pour \u00e7a que le monde entier a les yeux sur ce qui va se passer \u00bb, a expliqu\u00e9 \u00e0 l\u2019AFP une repr\u00e9sentante de ce mouvement, alors que 180 m\u00e9dias, dont 86 \u00e9trangers, \u00e9taient pr\u00e9sents sur place pour couvrir l\u2019\u00e9v\u00e9nement. Apr\u00e8s trois mois et demi d\u2019audience, la cour criminelle de Vaucluse \u00e9tait partie d\u00e9lib\u00e9rer lundi matin, apr\u00e8s avoir donn\u00e9 une derni\u00e8re fois la parole aux 51 accus\u00e9s.<\/p>\n","protected":false},"excerpt":{"rendered":"<p>Le point sur ce que l&rsquo;on sait La cour criminelle de Vaucluse a condamn\u00e9 Dominique Pelicot \u00e0 la peine maximale de 20 ans de r\u00e9clusion criminelle et d\u00e9clar\u00e9 coupable l\u2019ensemble de ses 50 coaccus\u00e9s, jeudi matin \u00e0 Avignon, cl\u00f4turant ainsi quatre mois du proc\u00e8s des viols de Mazan, devenu symbole des violences faites aux femmes. [&hellip;]<\/p>\n","protected":false},"author":2,"featured_media":31898,"comment_status":"open","ping_status":"open","sticky":false,"template":"","format":"standard","meta":{"_jetpack_memberships_contains_paid_content":false,"footnotes":"","jetpack_publicize_message":"","jetpack_publicize_feature_enabled":true,"jetpack_social_post_already_shared":true,"jetpack_social_options":{"image_generator_settings":{"template":"highway","enabled":true,"token":"eyJpbWciOiJodHRwczpcL1wvd3d3LmljZWFnZXR2LmNvbVwvcmFkaW9zaXRlXC93cC1jb250ZW50XC91cGxvYWRzXC8yMDI0XC8xMlwvSzVNajJORXcuanBnIiwidHh0IjoiUHJvY1x1MDBlOHMgZGVzIHZpb2xzIGRlIE1hemFuOiBEZXMgcGVpbmVzIGRlIHRyb2lzIFx1MDBlMCB2aW5ndCBhbnMgZGUgcHJpc29uIHByb25vbmNcdTAwZTllcyBjb250cmUgbGVzIDUxIGFjY3VzXHUwMGU5cywgZG9udCBEb21pbmlxdWUgUGVsaWNvdCwgdG91cyByZWNvbm51cyBjb3VwYWJsZXMiLCJ0ZW1wbGF0ZSI6ImhpZ2h3YXkiLCJibG9nX2lkIjoxMTEwMTY0NjF9.1mn9G4f_4FRIIDGjKVkORRpYDo8ZxUwQQJOSh7E7JTQMQ"},"version":2},"_wpas_customize_per_network":false},"categories":[405],"tags":[],"class_list":["post-31897","post","type-post","status-publish","format-standard","has-post-thumbnail","hentry","category-actu-france-monde"],"jetpack_publicize_connections":[],"jetpack_featured_media_url":"https:\/\/i0.wp.com\/www.iceagetv.com\/radiosite\/wp-content\/uploads\/2024\/12\/K5Mj2NEw.jpg?fit=679%2C293&ssl=1","jetpack_sharing_enabled":true,"_links":{"self":[{"href":"https:\/\/www.iceagetv.com\/radiosite\/wp-json\/wp\/v2\/posts\/31897","targetHints":{"allow":["GET"]}}],"collection":[{"href":"https:\/\/www.iceagetv.com\/radiosite\/wp-json\/wp\/v2\/posts"}],"about":[{"href":"https:\/\/www.iceagetv.com\/radiosite\/wp-json\/wp\/v2\/types\/post"}],"author":[{"embeddable":true,"href":"https:\/\/www.iceagetv.com\/radiosite\/wp-json\/wp\/v2\/users\/2"}],"replies":[{"embeddable":true,"href":"https:\/\/www.iceagetv.com\/radiosite\/wp-json\/wp\/v2\/comments?post=31897"}],"version-history":[{"count":1,"href":"https:\/\/www.iceagetv.com\/radiosite\/wp-json\/wp\/v2\/posts\/31897\/revisions"}],"predecessor-version":[{"id":31899,"href":"https:\/\/www.iceagetv.com\/radiosite\/wp-json\/wp\/v2\/posts\/31897\/revisions\/31899"}],"wp:featuredmedia":[{"embeddable":true,"href":"https:\/\/www.iceagetv.com\/radiosite\/wp-json\/wp\/v2\/media\/31898"}],"wp:attachment":[{"href":"https:\/\/www.iceagetv.com\/radiosite\/wp-json\/wp\/v2\/media?parent=31897"}],"wp:term":[{"taxonomy":"category","embeddable":true,"href":"https:\/\/www.iceagetv.com\/radiosite\/wp-json\/wp\/v2\/categories?post=31897"},{"taxonomy":"post_tag","embeddable":true,"href":"https:\/\/www.iceagetv.com\/radiosite\/wp-json\/wp\/v2\/tags?post=31897"}],"curies":[{"name":"wp","href":"https:\/\/api.w.org\/{rel}","templated":true}]}}