{"id":31900,"date":"2024-12-19T15:35:57","date_gmt":"2024-12-19T14:35:57","guid":{"rendered":"https:\/\/www.iceagetv.com\/radiosite\/?p=31900"},"modified":"2024-12-19T15:36:01","modified_gmt":"2024-12-19T14:36:01","slug":"un-cas-de-meningite-dans-une-ecole-du-havre-une-enfant-de-7-ans-meurt","status":"publish","type":"post","link":"https:\/\/www.iceagetv.com\/radiosite\/un-cas-de-meningite-dans-une-ecole-du-havre-une-enfant-de-7-ans-meurt\/","title":{"rendered":"Un cas de m\u00e9ningite dans une \u00e9cole du Havre : une enfant de 7 ans meurt"},"content":{"rendered":"\n<p class=\"\">Une issue dramatique. Mardi 17&nbsp;d\u00e9cembre 2024,&nbsp;<strong>un cas de m\u00e9ningite<\/strong>&nbsp;(infection invasive \u00e0 m\u00e9ningocoque) a \u00e9t\u00e9 d\u00e9tect\u00e9 sur&nbsp;<strong>une enfant de 7&nbsp;ans<\/strong>, scolaris\u00e9e \u00e0 l\u2019\u00e9cole primaire Jean-Baptiste Massillon, au&nbsp;<a href=\"https:\/\/actu.fr\/normandie\/le-havre_76351\">Havre<\/a>.<\/p>\n\n\n\n<p class=\"\">Malheureusement,<strong>&nbsp;la fillette est d\u00e9c\u00e9d\u00e9e<\/strong>, apprend-on via l\u2019ARS (Agence R\u00e9gionale de Sant\u00e9)<\/p>\n\n\n\n<blockquote class=\"wp-block-quote is-layout-flow wp-block-quote-is-layout-flow\">\n<p class=\"\">Malgr\u00e9 tous les efforts des \u00e9quipes de secours ayant pris en charge l\u2019enfant, celle-ci est malheureusement d\u00e9c\u00e9d\u00e9e au CHU de Rouen.Qu&rsquo;est-ce que la m\u00e9ningite ?<\/p>\n\n\n\n<p class=\"\">Il s&rsquo;agit d&rsquo;une maladie bact\u00e9rienne qui se traduit par une forte fi\u00e8vre, des maux de t\u00eate, des naus\u00e9es et vomissements ainsi qu\u2019une raideur de la nuque. La transmission est a\u00e9rienne lors de la toux. \u00ab\u00a0Lors de la survenue d\u2019un cas d\u2019Infection invasive \u00e0 m\u00e9ningocoque, on estime qu\u2019il y a un risque de transmission pour les personnes ayant \u00e9t\u00e9 expos\u00e9es directement et de mani\u00e8re prolong\u00e9e aux s\u00e9cr\u00e9tions rhino-pharyng\u00e9es de la personne malade dans les dix jours ayant pr\u00e9c\u00e9d\u00e9 la survenue de l\u2019IIM\u00a0\u00bb, indique l&rsquo;ARS. La contagiosit\u00e9 est peu importante et concerne les contacts proches, en collectivit\u00e9 et en famille.Un traitement pr\u00e9ventif<\/p>\n\n\n\n<p class=\"\">\u00c0 partir du moment o\u00f9 le diagnostic a \u00e9t\u00e9 pos\u00e9,&nbsp;<strong>une prise d\u2019antibiotiques a \u00e9t\u00e9 recommand\u00e9e<\/strong>&nbsp;pour 15&nbsp;\u00e9l\u00e8ves, 2 enseignants et 49&nbsp;personnes au sein du cercle familial et amical.<\/p>\n\n\n\n<p class=\"\">Cette prise de m\u00e9dicaments est propos\u00e9e le plus rapidement possible, soit maximum 10\u00a0jours apr\u00e8s le dernier contact avec l\u2019enfant et a pour objectif \u00ab\u2009d\u2019\u00e9radiquer le portage de la souche virulente et de pr\u00e9venir sa diffusion en population g\u00e9n\u00e9rale tout en r\u00e9duisant le risque de cas secondaires. Elle est propos\u00e9e \u00e0 tous les contacts \u00e0 risque, quel que soit leur statut vaccinal\u2009\u00bb, pr\u00e9vient l\u2019agence de Sant\u00e9.Une cellule d\u2019urgence m\u00e9dico-psychologique est \u00e9galement mobilis\u00e9e pour accompagner au mieux \u00e9l\u00e8ves, personnels et familles.<\/p>\n<\/blockquote>\n","protected":false},"excerpt":{"rendered":"<p>Une issue dramatique. Mardi 17&nbsp;d\u00e9cembre 2024,&nbsp;un cas de m\u00e9ningite&nbsp;(infection invasive \u00e0 m\u00e9ningocoque) a \u00e9t\u00e9 d\u00e9tect\u00e9 sur&nbsp;une enfant de 7&nbsp;ans, scolaris\u00e9e \u00e0 l\u2019\u00e9cole primaire Jean-Baptiste Massillon, au&nbsp;Havre. Malheureusement,&nbsp;la fillette est d\u00e9c\u00e9d\u00e9e, apprend-on via l\u2019ARS (Agence R\u00e9gionale de Sant\u00e9) Malgr\u00e9 tous les efforts des \u00e9quipes de secours ayant pris en charge l\u2019enfant, celle-ci est malheureusement d\u00e9c\u00e9d\u00e9e au [&hellip;]<\/p>\n","protected":false},"author":2,"featured_media":31901,"comment_status":"open","ping_status":"open","sticky":false,"template":"","format":"standard","meta":{"_jetpack_memberships_contains_paid_content":false,"footnotes":"","jetpack_publicize_message":"","jetpack_publicize_feature_enabled":true,"jetpack_social_post_already_shared":true,"jetpack_social_options":{"image_generator_settings":{"template":"highway","enabled":true,"token":"eyJpbWciOiJodHRwczpcL1wvd3d3LmljZWFnZXR2LmNvbVwvcmFkaW9zaXRlXC93cC1jb250ZW50XC91cGxvYWRzXC8yMDI0XC8xMlwvY2h1LXJvdWVuLTk2MHg2NDAtMS5qcGciLCJ0eHQiOiJVbiBjYXMgZGUgbVx1MDBlOW5pbmdpdGUgZGFucyB1bmUgXHUwMGU5Y29sZSBkdSBIYXZyZSA6IHVuZSBlbmZhbnQgZGUgNyBhbnMgbWV1cnQiLCJ0ZW1wbGF0ZSI6ImhpZ2h3YXkiLCJibG9nX2lkIjoxMTEwMTY0NjF9.yxO3N8Z-u-OvJaOJ054ppivZPD4ilxqSNeHzowm71ywMQ"},"version":2},"_wpas_customize_per_network":false},"categories":[405],"tags":[],"class_list":["post-31900","post","type-post","status-publish","format-standard","has-post-thumbnail","hentry","category-actu-france-monde"],"jetpack_publicize_connections":[],"jetpack_featured_media_url":"https:\/\/i0.wp.com\/www.iceagetv.com\/radiosite\/wp-content\/uploads\/2024\/12\/chu-rouen-960x640-1.jpg?fit=960%2C640&ssl=1","jetpack_sharing_enabled":true,"_links":{"self":[{"href":"https:\/\/www.iceagetv.com\/radiosite\/wp-json\/wp\/v2\/posts\/31900","targetHints":{"allow":["GET"]}}],"collection":[{"href":"https:\/\/www.iceagetv.com\/radiosite\/wp-json\/wp\/v2\/posts"}],"about":[{"href":"https:\/\/www.iceagetv.com\/radiosite\/wp-json\/wp\/v2\/types\/post"}],"author":[{"embeddable":true,"href":"https:\/\/www.iceagetv.com\/radiosite\/wp-json\/wp\/v2\/users\/2"}],"replies":[{"embeddable":true,"href":"https:\/\/www.iceagetv.com\/radiosite\/wp-json\/wp\/v2\/comments?post=31900"}],"version-history":[{"count":1,"href":"https:\/\/www.iceagetv.com\/radiosite\/wp-json\/wp\/v2\/posts\/31900\/revisions"}],"predecessor-version":[{"id":31902,"href":"https:\/\/www.iceagetv.com\/radiosite\/wp-json\/wp\/v2\/posts\/31900\/revisions\/31902"}],"wp:featuredmedia":[{"embeddable":true,"href":"https:\/\/www.iceagetv.com\/radiosite\/wp-json\/wp\/v2\/media\/31901"}],"wp:attachment":[{"href":"https:\/\/www.iceagetv.com\/radiosite\/wp-json\/wp\/v2\/media?parent=31900"}],"wp:term":[{"taxonomy":"category","embeddable":true,"href":"https:\/\/www.iceagetv.com\/radiosite\/wp-json\/wp\/v2\/categories?post=31900"},{"taxonomy":"post_tag","embeddable":true,"href":"https:\/\/www.iceagetv.com\/radiosite\/wp-json\/wp\/v2\/tags?post=31900"}],"curies":[{"name":"wp","href":"https:\/\/api.w.org\/{rel}","templated":true}]}}