{"id":31921,"date":"2024-12-21T08:39:04","date_gmt":"2024-12-21T07:39:04","guid":{"rendered":"https:\/\/www.iceagetv.com\/radiosite\/?p=31921"},"modified":"2024-12-21T08:39:08","modified_gmt":"2024-12-21T07:39:08","slug":"attaque-sur-un-marche-en-allemagne-qui-est-le-suspect-un-medecin-de-50-ans-originaire-darabie-saoudite-le-bilan-est-toujours-provisoire-avec-plusieurs-morts-et-des-dizaines-de-bles","status":"publish","type":"post","link":"https:\/\/www.iceagetv.com\/radiosite\/attaque-sur-un-marche-en-allemagne-qui-est-le-suspect-un-medecin-de-50-ans-originaire-darabie-saoudite-le-bilan-est-toujours-provisoire-avec-plusieurs-morts-et-des-dizaines-de-bles\/","title":{"rendered":"\u00a0Attaque sur un march\u00e9 en Allemagne &#8211; Qui est le suspect, un m\u00e9decin de 50 ans originaire d\u2019Arabie saoudite ? Le bilan est toujours provisoire avec plusieurs morts et des dizaines de bless\u00e9s"},"content":{"rendered":"\n<p class=\"\"><strong>Les autorit\u00e9s r\u00e9gionales confirment que le suspect arr\u00eat\u00e9 est originaire d&rsquo;Arabie Saoudite, comme l&rsquo;ont avanc\u00e9 plusieurs m\u00e9dias allemands.<\/strong>&nbsp;\u00ab\u00a0Nous avons arr\u00eat\u00e9 l&rsquo;auteur\u00a0\u00bb de l&rsquo;attentat et \u00ab\u00a0il s&rsquo;agit d&rsquo;un homme originaire d&rsquo;Arabie Saoudite qui exerce comme m\u00e9decin ici\u00a0\u00bb dans la r\u00e9gion de Saxe-Anhalt, a indiqu\u00e9 le chef du gouvernement r\u00e9gional, Reiner Haseloff, pr\u00e9cisant qu&rsquo;il avait \u00ab\u00a0agi seul\u00a0\u00bb.<\/p>\n\n\n\n<p class=\"\">Selon le journal local&nbsp;Mitteldeutsche Zeitung, le suspect arr\u00eat\u00e9 r\u00e9siderait \u00e0 Bernbourg, \u00e0 l\u2019est de l\u2019Allemagne. Une op\u00e9ration de police y aurait eu lieu ce vendredi soir, avec le d\u00e9ploiement de forces de police lourdement arm\u00e9es dans une maison.&nbsp;<\/p>\n\n\n\n<p class=\"\">Selon les informations du m\u00e9dia allemand&nbsp;Bild, le suspect vivrait en Allemagne depuis 2006, et disposerait d\u2019un permis de s\u00e9jour permanent.<\/p>\n\n\n\n<p class=\"\">Les motivations du suspect sont encore inconnues, mais selon le m\u00e9dia allemand\u00a0Welt, le suspect a lou\u00e9 une voiture, une BMW de couleur noire, avant de se rendre pr\u00e8s du march\u00e9 et de parcourir\u00a0\u00ab400 m\u00e8tres\u00bb\u00a0en zigzag dans les trav\u00e9es de l\u2019\u00e9v\u00e8nement festif. Il a finalement \u00e9t\u00e9 arr\u00eat\u00e9 alors qu\u2019il tentait de faire demi-tour pour poursuivre son action.<strong>Une voiture a percut\u00e9 vendredi 20 d\u00e9cembre au soir une foule rassembl\u00e9e dans cette ville au nord de l&rsquo;Allemagne, faisant au moins 60 bless\u00e9s, a indiqu\u00e9 Reiner Haseloff, ministre-pr\u00e9sident du Land de Saxe-Ahhalt.<\/strong>\u00a0Les autorit\u00e9s r\u00e9gionales disent suspecter un \u00ab\u00a0attentat\u00a0\u00bb. Arr\u00eat\u00e9 sur les lieux, le conducteur est un m\u00e9decin originaire d&rsquo;Arabie Saoudite de 50 ans. Reiner Haseloff a pr\u00e9cis\u00e9 qu&rsquo;il avait \u00ab\u00a0agi seul\u00a0\u00bb. Selon la police de Magdebourg, le v\u00e9hicule a fonc\u00e9 dans la foule \u00ab\u00a0sur au moins 400 m\u00e8tres \u00e0 travers le march\u00e9 de No\u00ebl\u00a0\u00bb. Une vid\u00e9o diffus\u00e9e sur les r\u00e9seaux sociaux montre une voiture fon\u00e7ant dans la foule \u00e0 vive allure entre deux rang\u00e9es d&rsquo;\u00e9tals.\u00a0<strong>Le chancelier allemand Olaf Scholz se rend samedi \u00e0 Magdebourg, ville meurtrie par un attentat \u00e0 la voiture-b\u00e9lier sur son march\u00e9 de No\u00ebl dont les motivations restent troubles malgr\u00e9 l&rsquo;arrestation de l&rsquo;auteur pr\u00e9sum\u00e9, d&rsquo;origine saoudienne.<\/strong>&nbsp; \u00ab\u00a0En l&rsquo;\u00e9tat actuel de l&rsquo;enqu\u00eate il n&rsquo;est pas encore possible de cat\u00e9goriser ce qui s&rsquo;est pass\u00e9 sur le march\u00e9 de No\u00ebl\u00a0\u00bb vendredi soir, a indiqu\u00e9 la police locale.<\/p>\n\n\n\n<p class=\"\">Olaf Scholz se rend sur place dans la matin\u00e9e, avec sa ministre de l&rsquo;Int\u00e9rieur, pour tenter d&rsquo;en savoir plus et apporter son soutien \u00e0 la population locale traumatis\u00e9e par cette attaque survenue en pleine campagne \u00e9lectorale. \u00ab\u00a0Ce qui s&rsquo;est pass\u00e9 aujourd&rsquo;hui affecte beaucoup de personnes, \u00e7a nous touche beaucoup\u00a0\u00bb, dit \u00e0 l&rsquo;AFP Fael Kelion, un Camerounais de 27 ans, install\u00e9 dans la ville.<\/p>\n","protected":false},"excerpt":{"rendered":"<p>Les autorit\u00e9s r\u00e9gionales confirment que le suspect arr\u00eat\u00e9 est originaire d&rsquo;Arabie Saoudite, comme l&rsquo;ont avanc\u00e9 plusieurs m\u00e9dias allemands.&nbsp;\u00ab\u00a0Nous avons arr\u00eat\u00e9 l&rsquo;auteur\u00a0\u00bb de l&rsquo;attentat et \u00ab\u00a0il s&rsquo;agit d&rsquo;un homme originaire d&rsquo;Arabie Saoudite qui exerce comme m\u00e9decin ici\u00a0\u00bb dans la r\u00e9gion de Saxe-Anhalt, a indiqu\u00e9 le chef du gouvernement r\u00e9gional, Reiner Haseloff, pr\u00e9cisant qu&rsquo;il avait \u00ab\u00a0agi seul\u00a0\u00bb. [&hellip;]<\/p>\n","protected":false},"author":2,"featured_media":31922,"comment_status":"open","ping_status":"open","sticky":false,"template":"","format":"standard","meta":{"_jetpack_memberships_contains_paid_content":false,"footnotes":"","jetpack_publicize_message":"","jetpack_publicize_feature_enabled":true,"jetpack_social_post_already_shared":false,"jetpack_social_options":{"image_generator_settings":{"template":"highway","enabled":true,"token":"eyJpbWciOiJodHRwczpcL1wvd3d3LmljZWFnZXR2LmNvbVwvcmFkaW9zaXRlXC93cC1jb250ZW50XC91cGxvYWRzXC8yMDI0XC8xMlwvR2ZSbzFTZVgwQUFjOS1ZLmpwZyIsInR4dCI6Ilx1MDBhMEF0dGFxdWUgc3VyIHVuIG1hcmNoXHUwMGU5IGVuIEFsbGVtYWduZSAmIzgyMTE7IFF1aSBlc3QgbGUgc3VzcGVjdCwgdW4gbVx1MDBlOWRlY2luIGRlIDUwIGFucyBvcmlnaW5haXJlIGRcdTIwMTlBcmFiaWUgc2FvdWRpdGUgPyBMZSBiaWxhbiBlc3QgdG91am91cnMgcHJvdmlzb2lyZSBhdmVjIHBsdXNpZXVycyBtb3J0cyBldCBkZXMgZGl6YWluZXMgZGUgYmxlc3NcdTAwZTlzIiwidGVtcGxhdGUiOiJoaWdod2F5IiwiYmxvZ19pZCI6MTExMDE2NDYxfQ.t0f58CaJgOVPbiyLxwZhQqovLm7Jsie96l6EIOGVNRIMQ"},"version":2},"_wpas_customize_per_network":false},"categories":[405],"tags":[],"class_list":["post-31921","post","type-post","status-publish","format-standard","has-post-thumbnail","hentry","category-actu-france-monde"],"jetpack_publicize_connections":[],"jetpack_featured_media_url":"https:\/\/i0.wp.com\/www.iceagetv.com\/radiosite\/wp-content\/uploads\/2024\/12\/GfRo1SeX0AAc9-Y.jpg?fit=680%2C383&ssl=1","jetpack_sharing_enabled":true,"_links":{"self":[{"href":"https:\/\/www.iceagetv.com\/radiosite\/wp-json\/wp\/v2\/posts\/31921","targetHints":{"allow":["GET"]}}],"collection":[{"href":"https:\/\/www.iceagetv.com\/radiosite\/wp-json\/wp\/v2\/posts"}],"about":[{"href":"https:\/\/www.iceagetv.com\/radiosite\/wp-json\/wp\/v2\/types\/post"}],"author":[{"embeddable":true,"href":"https:\/\/www.iceagetv.com\/radiosite\/wp-json\/wp\/v2\/users\/2"}],"replies":[{"embeddable":true,"href":"https:\/\/www.iceagetv.com\/radiosite\/wp-json\/wp\/v2\/comments?post=31921"}],"version-history":[{"count":1,"href":"https:\/\/www.iceagetv.com\/radiosite\/wp-json\/wp\/v2\/posts\/31921\/revisions"}],"predecessor-version":[{"id":31923,"href":"https:\/\/www.iceagetv.com\/radiosite\/wp-json\/wp\/v2\/posts\/31921\/revisions\/31923"}],"wp:featuredmedia":[{"embeddable":true,"href":"https:\/\/www.iceagetv.com\/radiosite\/wp-json\/wp\/v2\/media\/31922"}],"wp:attachment":[{"href":"https:\/\/www.iceagetv.com\/radiosite\/wp-json\/wp\/v2\/media?parent=31921"}],"wp:term":[{"taxonomy":"category","embeddable":true,"href":"https:\/\/www.iceagetv.com\/radiosite\/wp-json\/wp\/v2\/categories?post=31921"},{"taxonomy":"post_tag","embeddable":true,"href":"https:\/\/www.iceagetv.com\/radiosite\/wp-json\/wp\/v2\/tags?post=31921"}],"curies":[{"name":"wp","href":"https:\/\/api.w.org\/{rel}","templated":true}]}}