{"id":31927,"date":"2024-12-21T10:08:41","date_gmt":"2024-12-21T09:08:41","guid":{"rendered":"https:\/\/www.iceagetv.com\/radiosite\/?p=31927"},"modified":"2024-12-21T10:08:45","modified_gmt":"2024-12-21T09:08:45","slug":"je-suis-traumatise-les-temoins-de-lattentat-sur-le-marche-de-noel-de-magdebourg-horrifies-apres-le-drame","status":"publish","type":"post","link":"https:\/\/www.iceagetv.com\/radiosite\/je-suis-traumatise-les-temoins-de-lattentat-sur-le-marche-de-noel-de-magdebourg-horrifies-apres-le-drame\/","title":{"rendered":"\u00ab\u00a0Je suis traumatis\u00e9\u00a0\u00bb: les t\u00e9moins de l'\u00a0\u00bbattentat\u00a0\u00bb sur le march\u00e9 de No\u00ebl de Magdebourg \u00ab\u00a0horrifi\u00e9s\u00a0\u00bb apr\u00e8s le drame"},"content":{"rendered":"\n<p class=\"\">Au moins deux personnes ont \u00e9t\u00e9 tu\u00e9es, plus de 60 bless\u00e9es, dont une quinzaine gri\u00e8vement, par un homme interpell\u00e9 dont le profil intrigue.<\/p>\n\n\n\n<p class=\"\">Des t\u00e9moins encore horrifi\u00e9s. Vendredi 20 d\u00e9cembre, un v\u00e9hicule a fonc\u00e9 dans la foule r\u00e9unie&nbsp;<a href=\"https:\/\/www.bfmtv.com\/international\/europe\/allemagne\/attentat-sur-un-marche-de-noel-en-allemagne_DN-202412200912.html\">au march\u00e9 de No\u00ebl de Magdebourg<\/a>, en Allemagne, tuant au moins deux personnes et&nbsp;<a href=\"https:\/\/www.bfmtv.com\/international\/europe\/allemagne\/allemagne-ce-que-l-on-sait-du-possible-attentat-sur-un-marche-de-noel_AD-202412200883.html\">faisant une soixantaine de bless\u00e9s, dont 15 gri\u00e8vement<\/a>. La voiture a fonc\u00e9 dans la foule \u00ab\u00a0sur au moins 400 m\u00e8tres \u00e0 travers le march\u00e9 de No\u00ebl\u00a0\u00bb, a indiqu\u00e9 un porte-parole de la police de Magdebourg.<\/p>\n\n\n\n<p class=\"\">Durant les heures qui ont suivi les faits, les t\u00e9moignages, tous aussi gla\u00e7ants les uns que les autres, se sont succ\u00e9d\u00e9. \u00c0 BFMTV, Wolfgang, un employ\u00e9 de la mairie qui a travaill\u00e9 toute la journ\u00e9e sur un stand d&rsquo;information du march\u00e9, fait part de sa peine.\u00a0\u00bbComment vous dire, je suis traumatis\u00e9. Ces gens allaient sur le march\u00e9 de No\u00ebl et ils en sont partis en larmes, des enfants \u00e9taient en larmes, c\u2019est terrible. On est tristes, on est extr\u00eamement endeuill\u00e9s, horrifi\u00e9s par cet acte\u00a0\u00bb, dit-il.<\/p>\n\n\n\n<p class=\"\">Et ce dernier d&rsquo;ajouter: \u00ab\u00a0deux minutes avant, on entendait encore des chants de No\u00ebl, et puis d\u2019un coup un silence. Les enfants pleuraient et disaient qu\u2019il y a une voiture qui a fonc\u00e9 dans la foule\u00a0\u00bb, reprend-il.<\/p>\n\n\n\n<h2 class=\"wp-block-heading\" id=\"f070s\">\u00ab\u00a0Le monde est malade\u00a0\u00bb<\/h2>\n\n\n\n<p class=\"\">D&rsquo;autres t\u00e9moignages illustrent la violence avec laquelle les \u00e9v\u00e9nements se sont encha\u00een\u00e9s. Une victime de 32 ans, Nadine, se trouvait bras dessus bras dessous avec son petit ami Marco, 39 ans, lorsque la voiture l&rsquo;a happ\u00e9.<\/p>\n\n\n\n<p class=\"\">\u00ab\u00a0Il a \u00e9t\u00e9 tra\u00een\u00e9 et arrach\u00e9 \u00e0 moi, c&rsquo;\u00e9tait terrible\u00a0\u00bb, a-t-elle racont\u00e9. \u00ab\u00a0Personne n&rsquo;a cri\u00e9, nous n&rsquo;avons pas entendu la voiture\u00a0\u00bb, a-t-elle racont\u00e9 au journal\u00a0<a href=\"https:\/\/www.bild.de\/\" target=\"_blank\" rel=\"noreferrer noopener\">Bild<\/a>.Elle a pr\u00e9cis\u00e9 que son compagnon avait \u00e9t\u00e9 bless\u00e9 \u00e0 la jambe et \u00e0 la t\u00eate et qu&rsquo;elle ne savait pas dans quel h\u00f4pital il avait \u00e9t\u00e9 transport\u00e9, d\u00e9crivant une \u00ab\u00a0incertitude insupportable\u00a0\u00bb.<\/p>\n\n\n\n<p class=\"\">\u00ab\u00a0Nous avons vu le toit de la voiture, puis c&rsquo;est arriv\u00e9. Tout le monde \u00e9tait allong\u00e9 sur le sol, des enfants, des hommes, des bless\u00e9s, c&rsquo;est inimaginable\u00a0\u00bb, a racont\u00e9 un t\u00e9moin \u00e0 la cha\u00eene de t\u00e9l\u00e9vision&nbsp;<a href=\"https:\/\/www.welt.de\/tv-programm-live-stream\/\" target=\"_blank\" rel=\"noreferrer noopener\">Welt TV<\/a>.<\/p>\n\n\n\n<p class=\"\">\u00ab\u00a0C&rsquo;est terrible, il y avait un cadavre \u00e0 c\u00f4t\u00e9 de moi pendant tout ce temps. Je pensais que j&rsquo;allais juste au march\u00e9 de No\u00ebl et une telle chose arrive. Le monde est malade\u00a0\u00bb, a ajout\u00e9 sa compagne.<\/p>\n\n\n\n<p class=\"\">Une des deux victimes mortellement touch\u00e9es est un jeune enfant. Plus de 60 personnes ont \u00e9t\u00e9 bless\u00e9es.<\/p>\n\n\n\n<h2 class=\"wp-block-heading\" id=\"76git\">Profil qui intrigue<\/h2>\n\n\n\n<p class=\"\"><strong><a href=\"https:\/\/www.bfmtv.com\/international\/europe\/allemagne\/50-ans-medecin-saoudien-le-profil-du-suspect-interpelle-apres-le-passage-meurtrier-d-une-voiture-sur-un-marche-de-noel-de-magdebourg-se-precise_VN-202412200913.html\">Le suspect a \u00e9t\u00e9 interpell\u00e9 et plac\u00e9 en garde \u00e0 vue<\/a><\/strong>, selon la police allemande. D&rsquo;apr\u00e8s les informations de&nbsp;<strong><a href=\"https:\/\/www.welt.de\/politik\/article254938074\/Anschlag-in-Magdeburg-Verdaechtiger-aus-Saudi-Arabien-festgenommen.html\" target=\"_blank\" rel=\"noreferrer noopener\">Welt<\/a><\/strong>&nbsp;et&nbsp;<strong><a href=\"https:\/\/www.bild.de\/news\/magdeburg-raste-auto-in-menschenmenge-grosseinsatz-auf-weihnachtsmarkt-6765b9fff0c2b32e8c26d02b\" target=\"_blank\" rel=\"noreferrer noopener\">Bild<\/a><\/strong>, il s\u2019agit d\u2019un homme \u00e2g\u00e9 d&rsquo;une cinquantaine d&rsquo;ann\u00e9es et originaire d\u2019Arabie saoudite.<\/p>\n\n\n\n<p class=\"\">Le profil de l&rsquo;auteur pr\u00e9sum\u00e9, pr\u00e9sent\u00e9 dans les m\u00e9dias allemands comme Taleb A., arr\u00eat\u00e9 \u00e0 bord de la voiture-b\u00e9lier, intrigue.<\/p>\n","protected":false},"excerpt":{"rendered":"<p>Au moins deux personnes ont \u00e9t\u00e9 tu\u00e9es, plus de 60 bless\u00e9es, dont une quinzaine gri\u00e8vement, par un homme interpell\u00e9 dont le profil intrigue. Des t\u00e9moins encore horrifi\u00e9s. Vendredi 20 d\u00e9cembre, un v\u00e9hicule a fonc\u00e9 dans la foule r\u00e9unie&nbsp;au march\u00e9 de No\u00ebl de Magdebourg, en Allemagne, tuant au moins deux personnes et&nbsp;faisant une soixantaine de bless\u00e9s, [&hellip;]<\/p>\n","protected":false},"author":2,"featured_media":31928,"comment_status":"open","ping_status":"open","sticky":false,"template":"","format":"standard","meta":{"_jetpack_memberships_contains_paid_content":false,"footnotes":"","jetpack_publicize_message":"","jetpack_publicize_feature_enabled":true,"jetpack_social_post_already_shared":true,"jetpack_social_options":{"image_generator_settings":{"template":"highway","enabled":true,"token":"eyJpbWciOiJodHRwczpcL1wvd3d3LmljZWFnZXR2LmNvbVwvcmFkaW9zaXRlXC93cC1jb250ZW50XC91cGxvYWRzXC8yMDI0XC8xMlwvR2ZUNlZORFdnQUEzaHU3LmpwZyIsInR4dCI6IiYjODIyMDtKZSBzdWlzIHRyYXVtYXRpc1x1MDBlOSYjODIyMTs6IGxlcyB0XHUwMGU5bW9pbnMgZGUgbCcmIzgyMjE7YXR0ZW50YXQmIzgyMjE7IHN1ciBsZSBtYXJjaFx1MDBlOSBkZSBOb1x1MDBlYmwgZGUgTWFnZGVib3VyZyAmIzgyMjA7aG9ycmlmaVx1MDBlOXMmIzgyMjE7IGFwclx1MDBlOHMgbGUgZHJhbWUiLCJ0ZW1wbGF0ZSI6ImhpZ2h3YXkiLCJibG9nX2lkIjoxMTEwMTY0NjF9.SU3YPguE97q8SREscgdxsjtycf_0xIyH8cdaKmW-qWwMQ"},"version":2},"_wpas_customize_per_network":false},"categories":[405],"tags":[],"class_list":["post-31927","post","type-post","status-publish","format-standard","has-post-thumbnail","hentry","category-actu-france-monde"],"jetpack_publicize_connections":[],"jetpack_featured_media_url":"https:\/\/i0.wp.com\/www.iceagetv.com\/radiosite\/wp-content\/uploads\/2024\/12\/GfT6VNDWgAA3hu7.jpg?fit=680%2C383&ssl=1","jetpack_sharing_enabled":true,"_links":{"self":[{"href":"https:\/\/www.iceagetv.com\/radiosite\/wp-json\/wp\/v2\/posts\/31927","targetHints":{"allow":["GET"]}}],"collection":[{"href":"https:\/\/www.iceagetv.com\/radiosite\/wp-json\/wp\/v2\/posts"}],"about":[{"href":"https:\/\/www.iceagetv.com\/radiosite\/wp-json\/wp\/v2\/types\/post"}],"author":[{"embeddable":true,"href":"https:\/\/www.iceagetv.com\/radiosite\/wp-json\/wp\/v2\/users\/2"}],"replies":[{"embeddable":true,"href":"https:\/\/www.iceagetv.com\/radiosite\/wp-json\/wp\/v2\/comments?post=31927"}],"version-history":[{"count":1,"href":"https:\/\/www.iceagetv.com\/radiosite\/wp-json\/wp\/v2\/posts\/31927\/revisions"}],"predecessor-version":[{"id":31929,"href":"https:\/\/www.iceagetv.com\/radiosite\/wp-json\/wp\/v2\/posts\/31927\/revisions\/31929"}],"wp:featuredmedia":[{"embeddable":true,"href":"https:\/\/www.iceagetv.com\/radiosite\/wp-json\/wp\/v2\/media\/31928"}],"wp:attachment":[{"href":"https:\/\/www.iceagetv.com\/radiosite\/wp-json\/wp\/v2\/media?parent=31927"}],"wp:term":[{"taxonomy":"category","embeddable":true,"href":"https:\/\/www.iceagetv.com\/radiosite\/wp-json\/wp\/v2\/categories?post=31927"},{"taxonomy":"post_tag","embeddable":true,"href":"https:\/\/www.iceagetv.com\/radiosite\/wp-json\/wp\/v2\/tags?post=31927"}],"curies":[{"name":"wp","href":"https:\/\/api.w.org\/{rel}","templated":true}]}}