{"id":31934,"date":"2024-12-21T14:19:38","date_gmt":"2024-12-21T13:19:38","guid":{"rendered":"https:\/\/www.iceagetv.com\/radiosite\/?p=31934"},"modified":"2024-12-21T14:19:40","modified_gmt":"2024-12-21T13:19:40","slug":"le-reacteur-nucleaire-epr-de-flamanville-reacteur-le-plus-puissant-de-france-a-ete-raccorde-samedi-a-la-mi-journee-au-reseau-electrique-national","status":"publish","type":"post","link":"https:\/\/www.iceagetv.com\/radiosite\/le-reacteur-nucleaire-epr-de-flamanville-reacteur-le-plus-puissant-de-france-a-ete-raccorde-samedi-a-la-mi-journee-au-reseau-electrique-national\/","title":{"rendered":"Le r\u00e9acteur nucl\u00e9aire EPR de Flamanville, r\u00e9acteur le plus puissant de France, a \u00e9t\u00e9 raccord\u00e9 samedi \u00e0 la mi-journ\u00e9e au r\u00e9seau \u00e9lectrique national"},"content":{"rendered":"\n<p class=\"\">Le r\u00e9acteur nucl\u00e9aire EPR de Flamanville, r\u00e9acteur le plus puissant de France, a \u00e9t\u00e9 raccord\u00e9 samedi \u00e0 la mi-journ\u00e9e au r\u00e9seau \u00e9lectrique national, au terme de 17 ans de chantier et avec 12 ans de retard, a annonc\u00e9 le groupe EDF. \u00ab\u00a0Samedi 21 d\u00e9cembre 2024 \u00e0 11h48, l&rsquo;EPR de Flamanville a \u00e9t\u00e9 connect\u00e9 au r\u00e9seau \u00e9lectrique fran\u00e7ais et a commenc\u00e9 \u00e0 produire ses premiers \u00e9lectrons. C&rsquo;est un \u00e9v\u00e8nement historique pour toute la fili\u00e8re nucl\u00e9aire fran\u00e7aise.<\/p>\n\n\n\n<p class=\"\">Le dernier d\u00e9marrage d&rsquo;un r\u00e9acteur en France remonte \u00e0 celui de Civaux 2, il y a 25 ans\u00a0\u00bb, a annonc\u00e9 le PDG d&rsquo;EDF Luc R\u00e9mont sur son compte LinkedIn.<\/p>\n\n\n\n<p class=\"\">Le pr\u00e9sident fran\u00e7ais Emmanuel Macron a salu\u00e9 le raccordement samedi du r\u00e9acteur nucl\u00e9aire EPR de Flamanville, le plus puissant de France, au r\u00e9seau \u00e9lectrique national, qui \u00ab\u00a0renforce notre comp\u00e9titivit\u00e9 et prot\u00e8ge le climat\u00a0\u00bb.<\/p>\n\n\n\n<p class=\"\">\u00ab\u00a0Grand moment pour le pays. L&rsquo;un des r\u00e9acteurs nucl\u00e9aires les plus puissants du monde, l&rsquo;EPR de Flamanville, vient d&rsquo;\u00eatre raccord\u00e9 au r\u00e9seau \u00e9lectrique. R\u00e9industrialiser pour produire une \u00e9nergie bas carbone, c&rsquo;est l&rsquo;\u00e9cologie \u00e0 la fran\u00e7aise.<\/p>\n\n\n\n<p class=\"\">Elle renforce notre comp\u00e9titivit\u00e9 et prot\u00e8ge le climat\u00a0\u00bb, a affirm\u00e9 le chef de l&rsquo;\u00c9tat dans un message post\u00e9 sur le r\u00e9seau social professionnel Linkedin.<\/p>\n","protected":false},"excerpt":{"rendered":"<p>Le r\u00e9acteur nucl\u00e9aire EPR de Flamanville, r\u00e9acteur le plus puissant de France, a \u00e9t\u00e9 raccord\u00e9 samedi \u00e0 la mi-journ\u00e9e au r\u00e9seau \u00e9lectrique national, au terme de 17 ans de chantier et avec 12 ans de retard, a annonc\u00e9 le groupe EDF. \u00ab\u00a0Samedi 21 d\u00e9cembre 2024 \u00e0 11h48, l&rsquo;EPR de Flamanville a \u00e9t\u00e9 connect\u00e9 au r\u00e9seau [&hellip;]<\/p>\n","protected":false},"author":2,"featured_media":31935,"comment_status":"open","ping_status":"open","sticky":false,"template":"","format":"standard","meta":{"_jetpack_memberships_contains_paid_content":false,"footnotes":"","jetpack_publicize_message":"","jetpack_publicize_feature_enabled":true,"jetpack_social_post_already_shared":true,"jetpack_social_options":{"image_generator_settings":{"template":"highway","enabled":true,"token":"eyJpbWciOiJodHRwczpcL1wvd3d3LmljZWFnZXR2LmNvbVwvcmFkaW9zaXRlXC93cC1jb250ZW50XC91cGxvYWRzXC8yMDI0XC8xMlwvYW9tVEtsTmMuanBnIiwidHh0IjoiTGUgclx1MDBlOWFjdGV1ciBudWNsXHUwMGU5YWlyZSBFUFIgZGUgRmxhbWFudmlsbGUsIHJcdTAwZTlhY3RldXIgbGUgcGx1cyBwdWlzc2FudCBkZSBGcmFuY2UsIGEgXHUwMGU5dFx1MDBlOSByYWNjb3JkXHUwMGU5IHNhbWVkaSBcdTAwZTAgbGEgbWktam91cm5cdTAwZTllIGF1IHJcdTAwZTlzZWF1IFx1MDBlOWxlY3RyaXF1ZSBuYXRpb25hbCIsInRlbXBsYXRlIjoiaGlnaHdheSIsImJsb2dfaWQiOjExMTAxNjQ2MX0.IORWB3-qve8H5i8qVPkqb7aVqGw2HJ5TXELc486pd2IMQ"},"version":2},"_wpas_customize_per_network":false},"categories":[405],"tags":[],"class_list":["post-31934","post","type-post","status-publish","format-standard","has-post-thumbnail","hentry","category-actu-france-monde"],"jetpack_publicize_connections":[],"jetpack_featured_media_url":"https:\/\/i0.wp.com\/www.iceagetv.com\/radiosite\/wp-content\/uploads\/2024\/12\/aomTKlNc.jpg?fit=679%2C293&ssl=1","jetpack_sharing_enabled":true,"_links":{"self":[{"href":"https:\/\/www.iceagetv.com\/radiosite\/wp-json\/wp\/v2\/posts\/31934","targetHints":{"allow":["GET"]}}],"collection":[{"href":"https:\/\/www.iceagetv.com\/radiosite\/wp-json\/wp\/v2\/posts"}],"about":[{"href":"https:\/\/www.iceagetv.com\/radiosite\/wp-json\/wp\/v2\/types\/post"}],"author":[{"embeddable":true,"href":"https:\/\/www.iceagetv.com\/radiosite\/wp-json\/wp\/v2\/users\/2"}],"replies":[{"embeddable":true,"href":"https:\/\/www.iceagetv.com\/radiosite\/wp-json\/wp\/v2\/comments?post=31934"}],"version-history":[{"count":1,"href":"https:\/\/www.iceagetv.com\/radiosite\/wp-json\/wp\/v2\/posts\/31934\/revisions"}],"predecessor-version":[{"id":31936,"href":"https:\/\/www.iceagetv.com\/radiosite\/wp-json\/wp\/v2\/posts\/31934\/revisions\/31936"}],"wp:featuredmedia":[{"embeddable":true,"href":"https:\/\/www.iceagetv.com\/radiosite\/wp-json\/wp\/v2\/media\/31935"}],"wp:attachment":[{"href":"https:\/\/www.iceagetv.com\/radiosite\/wp-json\/wp\/v2\/media?parent=31934"}],"wp:term":[{"taxonomy":"category","embeddable":true,"href":"https:\/\/www.iceagetv.com\/radiosite\/wp-json\/wp\/v2\/categories?post=31934"},{"taxonomy":"post_tag","embeddable":true,"href":"https:\/\/www.iceagetv.com\/radiosite\/wp-json\/wp\/v2\/tags?post=31934"}],"curies":[{"name":"wp","href":"https:\/\/api.w.org\/{rel}","templated":true}]}}