{"id":31997,"date":"2024-12-24T09:38:01","date_gmt":"2024-12-24T08:38:01","guid":{"rendered":"https:\/\/www.iceagetv.com\/radiosite\/?p=31997"},"modified":"2024-12-24T09:38:06","modified_gmt":"2024-12-24T08:38:06","slug":"neige-pluie-beau-temps-quelle-meteo-est-prevue-pour-noel-les-previsions","status":"publish","type":"post","link":"https:\/\/www.iceagetv.com\/radiosite\/neige-pluie-beau-temps-quelle-meteo-est-prevue-pour-noel-les-previsions\/","title":{"rendered":"Neige, pluie, beau temps&#8230; Quelle m\u00e9t\u00e9o est pr\u00e9vue pour No\u00ebl ? Les pr\u00e9visions"},"content":{"rendered":"\n<p class=\"\">Vous aussi vous r\u00eavez d\u2019un\u00a0<a href=\"https:\/\/actu.fr\/tag\/noel\">No\u00ebl<\/a>\u00a0blanc comme Bing Crosby dans sa fameuse chanson\u2009? Malgr\u00e9 l\u2019\u00e9pisode neigeux de ce week-end qui semblait de bon augure pour ce mardi et mercredi, vous risquez d\u2019\u00eatre d\u00e9\u00e7u pour cette fin ann\u00e9e 2024.Le retour d\u2019un temps calme<\/p>\n\n\n\n<p class=\"\">Le week-end dernier a \u00e9t\u00e9 marqu\u00e9 par un \u00e9pisode neigeux remarquable avec<a href=\"https:\/\/actu.fr\/meteo\/un-episode-neigeux-remarquable-attention-au-risque-d-avalanches-ce-mardi-des-departements-en-vigilance_62037941.html\">&nbsp;quatre d\u00e9partements encore en vigilance orange<\/a>&nbsp;pour neige et avalanche ce lundi et mardi. \u00ab\u2009On a eu une grosse quantit\u00e9 de neige avec jusqu\u2019\u00e0 un m\u00e8tre d\u2019\u00e9paisseur \u00e0 1500 m\u00e8tres\u2009\u00bb, note aupr\u00e8s d\u2019<em>actu.fr<\/em>&nbsp;Guillaume S\u00e9chet, m\u00e9t\u00e9orologue et fondateur de&nbsp;<a href=\"https:\/\/www.meteo-villes.com\/\">m\u00e9t\u00e9o-villes.com.<\/a><\/p>\n\n\n\n<blockquote class=\"wp-block-quote is-layout-flow wp-block-quote-is-layout-flow\">\n<p class=\"\">\u00c7a n&rsquo;arrive pas chaque ann\u00e9e d&rsquo;avoir une telle quantit\u00e9 de neige en montagne. Mais il n&rsquo;y en a pas eu en plaine, hormis dans des villes de la vall\u00e9e alpine comme Annecy ou Grenoble.&nbsp;<strong>Guillaume S\u00e9chet<\/strong>M\u00e9t\u00e9orologue et fondateur de m\u00e9t\u00e9o-villes<\/p>\n<\/blockquote>\n\n\n\n<p class=\"\">Seulement, cet \u00e9pisode neigeux va s\u2019arr\u00eater d\u00e8s ce mardi matin. \u00ab<strong>\u2009Il n\u2019y aura pas de neige ni le 24 au soir ni le 25<\/strong>. Rien non plus dans les cinq prochains jours\u2009\u00bb, confirme Guillaume S\u00e9chet.<\/p>\n\n\n\n<p class=\"\">\u00ab\u2009Le temps va redevenir plus sec et calme avec un redoux des temp\u00e9ratures\u2009\u00bb, pr\u00e9cise la m\u00e9t\u00e9orologue. \u00ab\u2009Il n\u2019y aura pas de pluie non plus, peut-\u00eatre un peu de bruine localement.\u2009\u00bbCependant, rien d\u2019exceptionnel pour Guillaume S\u00e9chet. \u00ab\u2009On alterne entre des p\u00e9riodes perturb\u00e9es, plus froides, et des p\u00e9riodes plus calmes, c\u2019est tr\u00e8s classique.\u2009\u00bbUne neige qui va tenir en montagne<\/p>\n\n\n\n<p class=\"\">Mais bonne nouvelle pour les skieurs,&nbsp;<strong>la neige ne va pas fondre tout de suite<\/strong>.<\/p>\n\n\n\n<blockquote class=\"wp-block-quote is-layout-flow wp-block-quote-is-layout-flow\">\n<p class=\"\">Les temp\u00e9ratures vont se radoucir dans les massifs mais il n&rsquo;y aura pas de vent et un ciel d\u00e9gag\u00e9. La neige va rester et elle sera plut\u00f4t de bonne qualit\u00e9.<strong>Guillaume S\u00e9chet<\/strong>M\u00e9t\u00e9orologue et fondateur de m\u00e9t\u00e9o-villes<\/p>\n<\/blockquote>\n\n\n\n<p class=\"\">Mais cette p\u00e9riode plus calme ne va pas durer jusqu\u2019\u00e0 2025. \u00ab\u2009On aura une situation similaire \u00e0 ce qu\u2019on vient de conna\u00eetre pour la fin d\u2019ann\u00e9e\u2009\u00bb, pr\u00e9voit Guillaume S\u00e9chet.<\/p>\n\n\n\n<blockquote class=\"wp-block-quote is-layout-flow wp-block-quote-is-layout-flow\">\n<p class=\"\">On risque d&rsquo;avoir du gr\u00e9sil et de la neige fondante, mais il est peu probable qu&rsquo;il y ait plusieurs centim\u00e8tres de neige en plaine.<strong>Guillaume S\u00e9chet<\/strong>M\u00e9t\u00e9orologue et fondateur de m\u00e9t\u00e9o-villes<\/p>\n<\/blockquote>\n\n\n\n<p class=\"\">Il faudra cependant attendre de se rapprocher du 31 pour \u00eatre s\u00fbr d\u2019avoir (ou pas) un&nbsp;<a href=\"https:\/\/actu.fr\/societe\/fetes-de-fin-d-annee-pourquoi-noel-et-le-nouvel-an-peuvent-aussi-etre-synonymes-de-deprime_62030298.html\">Nouvel An<\/a>&nbsp;blanc.<\/p>\n","protected":false},"excerpt":{"rendered":"<p>Vous aussi vous r\u00eavez d\u2019un\u00a0No\u00ebl\u00a0blanc comme Bing Crosby dans sa fameuse chanson\u2009? Malgr\u00e9 l\u2019\u00e9pisode neigeux de ce week-end qui semblait de bon augure pour ce mardi et mercredi, vous risquez d\u2019\u00eatre d\u00e9\u00e7u pour cette fin ann\u00e9e 2024.Le retour d\u2019un temps calme Le week-end dernier a \u00e9t\u00e9 marqu\u00e9 par un \u00e9pisode neigeux remarquable avec&nbsp;quatre d\u00e9partements encore [&hellip;]<\/p>\n","protected":false},"author":2,"featured_media":31999,"comment_status":"open","ping_status":"open","sticky":false,"template":"","format":"standard","meta":{"_jetpack_memberships_contains_paid_content":false,"footnotes":"","jetpack_publicize_message":"","jetpack_publicize_feature_enabled":true,"jetpack_social_post_already_shared":true,"jetpack_social_options":{"image_generator_settings":{"template":"highway","enabled":true,"token":"eyJpbWciOiJodHRwczpcL1wvd3d3LmljZWFnZXR2LmNvbVwvcmFkaW9zaXRlXC93cC1jb250ZW50XC91cGxvYWRzXC8yMDI0XC8xMlwvNWQ1ZThhM2MwODU3NjcxNmU4YTNjMDg1NzY2NmU4di05NjB4NjQwLTEuanBnIiwidHh0IjoiTmVpZ2UsIHBsdWllLCBiZWF1IHRlbXBzJiM4MjMwOyBRdWVsbGUgbVx1MDBlOXRcdTAwZTlvIGVzdCBwclx1MDBlOXZ1ZSBwb3VyIE5vXHUwMGVibCA_IExlcyBwclx1MDBlOXZpc2lvbnMiLCJ0ZW1wbGF0ZSI6ImhpZ2h3YXkiLCJibG9nX2lkIjoxMTEwMTY0NjF9.F6ydUFfZqakX1FR5OEcNlyxwHSOg9weNgtQ5S2SCFIUMQ"},"version":2},"_wpas_customize_per_network":false},"categories":[14],"tags":[],"class_list":["post-31997","post","type-post","status-publish","format-standard","has-post-thumbnail","hentry","category-actu-meteo"],"jetpack_publicize_connections":[],"jetpack_featured_media_url":"https:\/\/i0.wp.com\/www.iceagetv.com\/radiosite\/wp-content\/uploads\/2024\/12\/5d5e8a3c08576716e8a3c0857666e8v-960x640-1.jpg?fit=960%2C640&ssl=1","jetpack_sharing_enabled":true,"_links":{"self":[{"href":"https:\/\/www.iceagetv.com\/radiosite\/wp-json\/wp\/v2\/posts\/31997","targetHints":{"allow":["GET"]}}],"collection":[{"href":"https:\/\/www.iceagetv.com\/radiosite\/wp-json\/wp\/v2\/posts"}],"about":[{"href":"https:\/\/www.iceagetv.com\/radiosite\/wp-json\/wp\/v2\/types\/post"}],"author":[{"embeddable":true,"href":"https:\/\/www.iceagetv.com\/radiosite\/wp-json\/wp\/v2\/users\/2"}],"replies":[{"embeddable":true,"href":"https:\/\/www.iceagetv.com\/radiosite\/wp-json\/wp\/v2\/comments?post=31997"}],"version-history":[{"count":1,"href":"https:\/\/www.iceagetv.com\/radiosite\/wp-json\/wp\/v2\/posts\/31997\/revisions"}],"predecessor-version":[{"id":32000,"href":"https:\/\/www.iceagetv.com\/radiosite\/wp-json\/wp\/v2\/posts\/31997\/revisions\/32000"}],"wp:featuredmedia":[{"embeddable":true,"href":"https:\/\/www.iceagetv.com\/radiosite\/wp-json\/wp\/v2\/media\/31999"}],"wp:attachment":[{"href":"https:\/\/www.iceagetv.com\/radiosite\/wp-json\/wp\/v2\/media?parent=31997"}],"wp:term":[{"taxonomy":"category","embeddable":true,"href":"https:\/\/www.iceagetv.com\/radiosite\/wp-json\/wp\/v2\/categories?post=31997"},{"taxonomy":"post_tag","embeddable":true,"href":"https:\/\/www.iceagetv.com\/radiosite\/wp-json\/wp\/v2\/tags?post=31997"}],"curies":[{"name":"wp","href":"https:\/\/api.w.org\/{rel}","templated":true}]}}