{"id":32003,"date":"2024-12-24T13:07:47","date_gmt":"2024-12-24T12:07:47","guid":{"rendered":"https:\/\/www.iceagetv.com\/radiosite\/?p=32003"},"modified":"2024-12-24T13:07:52","modified_gmt":"2024-12-24T12:07:52","slug":"pour-la-premiere-fois-depuis-lincendie-de-2019-notre-dame-de-paris-celebre-a-nouveau-noel-aujourdhui-et-demain-avec-les-traditionnelles-messes-de-la-nativite-qui-devraient-attirer-de-nombreux-fi","status":"publish","type":"post","link":"https:\/\/www.iceagetv.com\/radiosite\/pour-la-premiere-fois-depuis-lincendie-de-2019-notre-dame-de-paris-celebre-a-nouveau-noel-aujourdhui-et-demain-avec-les-traditionnelles-messes-de-la-nativite-qui-devraient-attirer-de-nombreux-fi\/","title":{"rendered":"Pour la premi\u00e8re fois depuis l&rsquo;incendie de 2019, Notre-Dame de Paris c\u00e9l\u00e8bre \u00e0 nouveau No\u00ebl aujourd&rsquo;hui et demain, avec les traditionnelles messes de la Nativit\u00e9 qui devraient attirer de nombreux fid\u00e8les"},"content":{"rendered":"\n<p class=\"\">Pour la premi\u00e8re fois depuis l&rsquo;incendie de 2019, Notre-Dame de Paris c\u00e9l\u00e8bre \u00e0 nouveau No\u00ebl mardi et mercredi, avec les traditionnelles messes de la Nativit\u00e9 qui devraient attirer de nombreux fid\u00e8les.<\/p>\n\n\n\n<p class=\"\">\u00ab\u00a0Nous voici d\u00e9sormais de retour \u00e0 Notre-Dame, qui vient tout juste d&rsquo;\u00eatre rendue au culte et \u00e0 la visite. Notre c\u0153ur est en f\u00eate!\u00a0\u00bb a lanc\u00e9 l&rsquo;archev\u00eaque de Paris Laurent Ulrich dans un message de No\u00ebl diffus\u00e9 mardi.<\/p>\n\n\n\n<p class=\"\">Il a rendu hommage aux \u00ab\u00a0talents d\u00e9ploy\u00e9s sur le chantier de restauration\u00a0\u00bb qui ont permis \u00ab\u00a0que la douleur de l&rsquo;incendie et les cinq ann\u00e9es de s\u00e9paration soient effac\u00e9es pour ne laisser que la joie des retrouvailles, la joie d&rsquo;habiter de nouveau ensemble cette maison commune, la maison de Dieu\u00a0\u00bb.<\/p>\n\n\n\n<p class=\"\">La cath\u00e9drale avait \u00e9t\u00e9 d\u00e9vast\u00e9e par les flammes le 15 avril 2019 et, depuis, n&rsquo;avait plus accueilli ces messes de la Nativit\u00e9 c\u00e9l\u00e9brant, pour les chr\u00e9tiens, la naissance de J\u00e9sus.<\/p>\n\n\n\n<p class=\"\">Pour le premier No\u00ebl sous les vo\u00fbtes nettoy\u00e9es de ce chef d&rsquo;\u0153uvre de l&rsquo;art gothique vieux de plus de 860 ans, plusieurs messes auront lieu mardi \u00e0 16H00, 18H00 et 20H00.<\/p>\n\n\n\n<p class=\"\">Apr\u00e8s une veill\u00e9e musicale \u00e0 partir de 23H00 avec la ma\u00eetrise de Notre-Dame, la traditionnelle messe de Minuit d\u00e9butera bien \u00e0 minuit, pr\u00e9sid\u00e9e par Mgr Ulrich.<\/p>\n\n\n\n<p class=\"\">Mercredi, jour de No\u00ebl, l&rsquo;archev\u00eaque de Paris pr\u00e9sidera la messe de 11H00, \u00e9galement retransmise par France 2. Deux autres offices sont pr\u00e9vus, \u00e0 08H30 et 18H00.<\/p>\n\n\n\n<p class=\"\">Comment y assister? \u00ab\u00a0Aucune r\u00e9servation n&rsquo;est possible pour les messes de No\u00ebl\u00a0\u00bb et l&rsquo;acc\u00e8s \u00e0 la cath\u00e9drale se fera \u00ab\u00a0dans la limite des places disponibles\u00a0\u00bb, pr\u00e9cise le dioc\u00e8se de Paris.<\/p>\n\n\n\n<p class=\"\">Le site internet de Notre-Dame conseille donc d&rsquo;arriver 30 minutes avant l&rsquo;heure des c\u00e9l\u00e9brations, \u00ab\u00a0en gardant \u00e0 l&rsquo;esprit que les files d&rsquo;attente peuvent \u00eatre longues, avec un risque de ne pas pouvoir acc\u00e9der \u00e0 la cath\u00e9drale\u00a0\u00bb.<\/p>\n\n\n\n<p class=\"\">L&rsquo;acc\u00e8s \u00e0 la cath\u00e9drale reste en effet soumis \u00e0 une jauge stricte de 2.700 personnes, alors que l&rsquo;engouement reste fort pour acc\u00e9der \u00e0 cet \u00e9difice magnifi\u00e9 par Victor Hugo et c\u00e9l\u00e9br\u00e9 dans divers films, romans et com\u00e9dies musicales.<\/p>\n\n\n\n<p class=\"\">Apr\u00e8s cinq ans de travaux colossaux, sur un chantier de pr\u00e8s de 700 millions d&rsquo;euros, Notre-Dame de Paris a rouvert d\u00e9but d\u00e9cembre, avec le 7 de ce mois-ci une c\u00e9r\u00e9monie en pr\u00e9sence de plusieurs personnalit\u00e9s dont le pr\u00e9sident \u00e9lu am\u00e9ricain Donald Trump et le dirigeant ukrainien Volodymyr Zelensky, retransmise en mondovision.<\/p>\n\n\n\n<p class=\"\">Depuis, la billetterie, gratuite, est prise d&rsquo;assaut, m\u00eame s&rsquo;il est toujours possible de se pr\u00e9senter sans r\u00e9servation et de faire la queue pour essayer d&rsquo;entrer.<\/p>\n\n\n\n<p class=\"\">\u00ab\u00a0Ce moment de No\u00ebl est un moment pour exprimer la charit\u00e9 et la g\u00e9n\u00e9rosit\u00e9\u00a0\u00bb mais aussi \u00ab\u00a0l&rsquo;esp\u00e9rance que Dieu ne nous abandonne pas\u00a0\u00bb, a soulign\u00e9 Laurent Ulrich dimanche sur Radio Notre-Dame, \u00e0 l&rsquo;issue d&rsquo;une ann\u00e9e 2024 emplie de situations \u00ab\u00a0qui nous pr\u00e9occupent tous, qui assombrissent l&rsquo;horizon, qui pour beaucoup ne permettent pas de vivre sereinement\u00a0\u00bb.<\/p>\n\n\n\n<p class=\"\">\u00ab\u00a0On est bien conscient de la difficult\u00e9 et de la complexit\u00e9 dans laquelle nous vivons\u00a0\u00bb, a-t-il ajout\u00e9, en soulignant notamment la situation politique \u00ab\u00a0inextricable, difficile\u00a0\u00bb, celle \u00ab\u00a0extr\u00eamement dramatique\u00a0\u00bb \u00e0 Mayotte, sans oublier \u00ab\u00a0la Palestine, le Liban, et bien d&rsquo;autres pays qui sont dans des chaos, l&rsquo;Ukraine&#8230;\u00a0\u00bb<\/p>\n\n\n\n<p class=\"\">Pour les catholiques, ce No\u00ebl marque aussi le d\u00e9but du Jubil\u00e9, l'\u00a0\u00bbAnn\u00e9e sainte\u00a0\u00bb 2025 de l&rsquo;Eglise catholique, qui sera lanc\u00e9 mardi soir par le pape Fran\u00e7ois depuis le Vatican. Ce grand p\u00e8lerinage international organis\u00e9 tous les 25 ans devrait attirer plus de 30 millions de fid\u00e8les \u00e0 Rome<\/p>\n","protected":false},"excerpt":{"rendered":"<p>Pour la premi\u00e8re fois depuis l&rsquo;incendie de 2019, Notre-Dame de Paris c\u00e9l\u00e8bre \u00e0 nouveau No\u00ebl mardi et mercredi, avec les traditionnelles messes de la Nativit\u00e9 qui devraient attirer de nombreux fid\u00e8les. \u00ab\u00a0Nous voici d\u00e9sormais de retour \u00e0 Notre-Dame, qui vient tout juste d&rsquo;\u00eatre rendue au culte et \u00e0 la visite. Notre c\u0153ur est en f\u00eate!\u00a0\u00bb [&hellip;]<\/p>\n","protected":false},"author":2,"featured_media":32004,"comment_status":"open","ping_status":"open","sticky":false,"template":"","format":"standard","meta":{"_jetpack_memberships_contains_paid_content":false,"footnotes":"","jetpack_publicize_message":"","jetpack_publicize_feature_enabled":true,"jetpack_social_post_already_shared":true,"jetpack_social_options":{"image_generator_settings":{"template":"highway","enabled":true,"token":"eyJpbWciOiJodHRwczpcL1wvd3d3LmljZWFnZXR2LmNvbVwvcmFkaW9zaXRlXC93cC1jb250ZW50XC91cGxvYWRzXC8yMDI0XC8xMlwvSk05cHVXNEUuanBnIiwidHh0IjoiUG91ciBsYSBwcmVtaVx1MDBlOHJlIGZvaXMgZGVwdWlzIGwmIzgyMTc7aW5jZW5kaWUgZGUgMjAxOSwgTm90cmUtRGFtZSBkZSBQYXJpcyBjXHUwMGU5bFx1MDBlOGJyZSBcdTAwZTAgbm91dmVhdSBOb1x1MDBlYmwgYXVqb3VyZCYjODIxNztodWkgZXQgZGVtYWluLCBhdmVjIGxlcyB0cmFkaXRpb25uZWxsZXMgbWVzc2VzIGRlIGxhIE5hdGl2aXRcdTAwZTkgcXVpIGRldnJhaWVudCBhdHRpcmVyIGRlIG5vbWJyZXV4IGZpZFx1MDBlOGxlcyIsInRlbXBsYXRlIjoiaGlnaHdheSIsImJsb2dfaWQiOjExMTAxNjQ2MX0.4NpGtYBGKvs-jYX6u7UWpZLOHoJlI3IR24FV_SlgKtoMQ"},"version":2},"_wpas_customize_per_network":false},"categories":[405],"tags":[],"class_list":["post-32003","post","type-post","status-publish","format-standard","has-post-thumbnail","hentry","category-actu-france-monde"],"jetpack_publicize_connections":[],"jetpack_featured_media_url":"https:\/\/i0.wp.com\/www.iceagetv.com\/radiosite\/wp-content\/uploads\/2024\/12\/JM9puW4E.jpg?fit=679%2C293&ssl=1","jetpack_sharing_enabled":true,"_links":{"self":[{"href":"https:\/\/www.iceagetv.com\/radiosite\/wp-json\/wp\/v2\/posts\/32003","targetHints":{"allow":["GET"]}}],"collection":[{"href":"https:\/\/www.iceagetv.com\/radiosite\/wp-json\/wp\/v2\/posts"}],"about":[{"href":"https:\/\/www.iceagetv.com\/radiosite\/wp-json\/wp\/v2\/types\/post"}],"author":[{"embeddable":true,"href":"https:\/\/www.iceagetv.com\/radiosite\/wp-json\/wp\/v2\/users\/2"}],"replies":[{"embeddable":true,"href":"https:\/\/www.iceagetv.com\/radiosite\/wp-json\/wp\/v2\/comments?post=32003"}],"version-history":[{"count":1,"href":"https:\/\/www.iceagetv.com\/radiosite\/wp-json\/wp\/v2\/posts\/32003\/revisions"}],"predecessor-version":[{"id":32005,"href":"https:\/\/www.iceagetv.com\/radiosite\/wp-json\/wp\/v2\/posts\/32003\/revisions\/32005"}],"wp:featuredmedia":[{"embeddable":true,"href":"https:\/\/www.iceagetv.com\/radiosite\/wp-json\/wp\/v2\/media\/32004"}],"wp:attachment":[{"href":"https:\/\/www.iceagetv.com\/radiosite\/wp-json\/wp\/v2\/media?parent=32003"}],"wp:term":[{"taxonomy":"category","embeddable":true,"href":"https:\/\/www.iceagetv.com\/radiosite\/wp-json\/wp\/v2\/categories?post=32003"},{"taxonomy":"post_tag","embeddable":true,"href":"https:\/\/www.iceagetv.com\/radiosite\/wp-json\/wp\/v2\/tags?post=32003"}],"curies":[{"name":"wp","href":"https:\/\/api.w.org\/{rel}","templated":true}]}}