{"id":32008,"date":"2024-12-24T16:01:51","date_gmt":"2024-12-24T15:01:51","guid":{"rendered":"https:\/\/www.iceagetv.com\/radiosite\/?p=32008"},"modified":"2024-12-24T16:01:55","modified_gmt":"2024-12-24T15:01:55","slug":"pourquoi-la-buche-de-noel-est-un-peu-plus-chere-cette-annee","status":"publish","type":"post","link":"https:\/\/www.iceagetv.com\/radiosite\/pourquoi-la-buche-de-noel-est-un-peu-plus-chere-cette-annee\/","title":{"rendered":"Pourquoi la b\u00fbche de No\u00ebl est un peu plus ch\u00e8re cette ann\u00e9e"},"content":{"rendered":"\n<p class=\"\">Beurre, sucre, chocolat\u2026 Bouscul\u00e9e par les co\u00fbts des mati\u00e8res premi\u00e8res, la traditionnelle b\u00fbche de No\u00ebl ne devrait pas \u00e9chapper \u00e0 une hausse des prix cette ann\u00e9e.<\/p>\n\n\n\n<p class=\"\"><a href=\"https:\/\/www.bfmtv.com\/economie\/consommation\/la-filiere-jouet-table-sur-un-noel-normal-malgre-des-achats-toujours-plus-tardifs_AD-202412040233.html\">Sur la table de No\u00ebl<\/a>, son tour arrive apr\u00e8s la pintade et le fromage: tradition oblige, la b\u00fbche s&rsquo;invite au moment du dessert. \u00c0 l&rsquo;approche des f\u00eates, les boulangeries et les p\u00e2tisseries avancent \u00e0 toute vapeur pour assurer les commandes de leurs clients.<\/p>\n\n\n\n<p class=\"\">Une p\u00e9riode cruciale: tous produits confondus, le mois de d\u00e9cembre \u00ab\u00a0repr\u00e9sente \u00e0 peu pr\u00e8s 25% du chiffre d&rsquo;affaires\u00a0\u00bb d&rsquo;une p\u00e2tisserie classique et \u00ab\u00a0jusqu&rsquo;\u00e0 40%\u00a0\u00bb pour une p\u00e2tisserie qui propose une offre importante de chocolats, souligne Laurent Le Daniel, pr\u00e9sident de la Conf\u00e9d\u00e9ration nationale des artisans p\u00e2tissiers (CNAP), lui-m\u00eame \u00e0 la t\u00eate d&rsquo;une p\u00e2tisserie de Rennes.La sacro-sainte b\u00fbche y joue le r\u00f4le de star de la saison.&nbsp;<strong><a href=\"https:\/\/www.bfmtv.com\/economie\/consommation\/la-production-a-retrouve-son-souffle-le-foie-gras-sera-t-il-moins-cher-a-noel_AV-202412080323.html\">\u00c0 l&rsquo;inverse du foie gras<\/a><\/strong>, elle n&rsquo;\u00e9chappera toutefois pas \u00e0 une hausse de prix, chahut\u00e9e par une augmentation des co\u00fbts de production.<\/p>\n\n\n\n<blockquote class=\"wp-block-quote is-layout-flow wp-block-quote-is-layout-flow\">\n<p class=\"\">\u00ab\u00a0\u00c9nergie, \u0153ufs, sucre, beurre, chocolat\u2026 Depuis deux ans, c&rsquo;est un peu la f\u00eate au village\u00a0\u00bb, note Dominique Anract, pr\u00e9sident de la Conf\u00e9d\u00e9ration nationale de la boulangerie p\u00e2tisserie (CNBPF).<\/p>\n<\/blockquote>\n\n\n\n<p class=\"\">L&rsquo;une des derni\u00e8res \u00e9chapp\u00e9es en date,\u00a0<a href=\"https:\/\/www.bfmtv.com\/economie\/le-cours-du-beurre-bat-son-record-historique-faut-il-craindre-une-explosion-des-prix-en-magasin_AN-202409260653.html\">le beurre s&rsquo;est effectivement envol\u00e9<\/a>\u00a0depuis le d\u00e9but de l&rsquo;ann\u00e9e. Aux alentours de 5.500 euros au mois de janvier, la cotation spot Atla du beurre a d\u00e9pass\u00e9 8.000 euros au mois de septembre. La faute, entre autres, \u00e0 la fi\u00e8vre catarrhale ovine (FCO) en Europe, une maladie virale qui se propage dans les \u00e9levages bovins en Europe, laissant craindre une chute de la collecte de lait. Le cacao, lui aussi,\u00a0<a href=\"https:\/\/www.bfmtv.com\/economie\/consommation\/menaces-sur-les-oeufs-de-paques-les-cours-record-du-cacao-font-grimper-les-prix-du-chocolat_AV-202402200665.html\">n&rsquo;a quasiment pas cess\u00e9 de grimper<\/a>\u00a0depuis l&rsquo;\u00e9t\u00e9 2023, n&rsquo;\u00e9pargnant pas le prix du chocolat, l&rsquo;un des ingr\u00e9dients phares des fameuses b\u00fbches.Nous n&rsquo;avons pas le choix\u00a0\u00bb<\/p>\n\n\n\n<p class=\"\">\u00c0 l&rsquo;\u00e9nergie et aux mati\u00e8res premi\u00e8res s&rsquo;ajoute encore une hausse des salaires. Entre la vente et la fabrication, le temps de travail constitue le premier poste de d\u00e9penses des p\u00e2tisseries et des boulangeries. \u00ab\u00a0Il faut que l&rsquo;on augmente nos prix cette ann\u00e9e, nous n&rsquo;avons pas le choix\u00a0\u00bb, t\u00e9moigne Laurent Le Daniel, rappelant que \u00ab\u00a0beaucoup d&rsquo;artisans n&rsquo;avaient pas voulu le faire l&rsquo;ann\u00e9e derni\u00e8re\u00a0\u00bb et avaient r\u00e9duit leurs marges pour y parvenir. Mais cela \u00ab\u00a0restera raisonnable\u00a0\u00bb pour les clients, soutient-il.<\/p>\n","protected":false},"excerpt":{"rendered":"<p>Beurre, sucre, chocolat\u2026 Bouscul\u00e9e par les co\u00fbts des mati\u00e8res premi\u00e8res, la traditionnelle b\u00fbche de No\u00ebl ne devrait pas \u00e9chapper \u00e0 une hausse des prix cette ann\u00e9e. Sur la table de No\u00ebl, son tour arrive apr\u00e8s la pintade et le fromage: tradition oblige, la b\u00fbche s&rsquo;invite au moment du dessert. \u00c0 l&rsquo;approche des f\u00eates, les boulangeries [&hellip;]<\/p>\n","protected":false},"author":2,"featured_media":32009,"comment_status":"open","ping_status":"open","sticky":false,"template":"","format":"standard","meta":{"_jetpack_memberships_contains_paid_content":false,"footnotes":"","jetpack_publicize_message":"","jetpack_publicize_feature_enabled":true,"jetpack_social_post_already_shared":true,"jetpack_social_options":{"image_generator_settings":{"template":"highway","enabled":true,"token":"eyJpbWciOiJodHRwczpcL1wvd3d3LmljZWFnZXR2LmNvbVwvcmFkaW9zaXRlXC93cC1jb250ZW50XC91cGxvYWRzXC8yMDI0XC8xMlwvUG91cnF1b2ktbGEtYnVjaGUtZGUtTm9lbC5qcGciLCJ0eHQiOiJQb3VycXVvaSBsYSBiXHUwMGZiY2hlIGRlIE5vXHUwMGVibCBlc3QgdW4gcGV1IHBsdXMgY2hcdTAwZThyZSBjZXR0ZSBhbm5cdTAwZTllIiwidGVtcGxhdGUiOiJoaWdod2F5IiwiYmxvZ19pZCI6MTExMDE2NDYxfQ.lnfgxTqohfVWJHXvR_y2mRIhuvjaivd4kH9KxhMp4EwMQ"},"version":2},"_wpas_customize_per_network":false},"categories":[405],"tags":[],"class_list":["post-32008","post","type-post","status-publish","format-standard","has-post-thumbnail","hentry","category-actu-france-monde"],"jetpack_publicize_connections":[],"jetpack_featured_media_url":"https:\/\/i0.wp.com\/www.iceagetv.com\/radiosite\/wp-content\/uploads\/2024\/12\/Pourquoi-la-buche-de-Noel.jpg?fit=389%2C375&ssl=1","jetpack_sharing_enabled":true,"_links":{"self":[{"href":"https:\/\/www.iceagetv.com\/radiosite\/wp-json\/wp\/v2\/posts\/32008","targetHints":{"allow":["GET"]}}],"collection":[{"href":"https:\/\/www.iceagetv.com\/radiosite\/wp-json\/wp\/v2\/posts"}],"about":[{"href":"https:\/\/www.iceagetv.com\/radiosite\/wp-json\/wp\/v2\/types\/post"}],"author":[{"embeddable":true,"href":"https:\/\/www.iceagetv.com\/radiosite\/wp-json\/wp\/v2\/users\/2"}],"replies":[{"embeddable":true,"href":"https:\/\/www.iceagetv.com\/radiosite\/wp-json\/wp\/v2\/comments?post=32008"}],"version-history":[{"count":1,"href":"https:\/\/www.iceagetv.com\/radiosite\/wp-json\/wp\/v2\/posts\/32008\/revisions"}],"predecessor-version":[{"id":32010,"href":"https:\/\/www.iceagetv.com\/radiosite\/wp-json\/wp\/v2\/posts\/32008\/revisions\/32010"}],"wp:featuredmedia":[{"embeddable":true,"href":"https:\/\/www.iceagetv.com\/radiosite\/wp-json\/wp\/v2\/media\/32009"}],"wp:attachment":[{"href":"https:\/\/www.iceagetv.com\/radiosite\/wp-json\/wp\/v2\/media?parent=32008"}],"wp:term":[{"taxonomy":"category","embeddable":true,"href":"https:\/\/www.iceagetv.com\/radiosite\/wp-json\/wp\/v2\/categories?post=32008"},{"taxonomy":"post_tag","embeddable":true,"href":"https:\/\/www.iceagetv.com\/radiosite\/wp-json\/wp\/v2\/tags?post=32008"}],"curies":[{"name":"wp","href":"https:\/\/api.w.org\/{rel}","templated":true}]}}