{"id":32027,"date":"2024-12-25T13:46:19","date_gmt":"2024-12-25T12:46:19","guid":{"rendered":"https:\/\/www.iceagetv.com\/radiosite\/?p=32027"},"modified":"2024-12-25T13:46:23","modified_gmt":"2024-12-25T12:46:23","slug":"le-25-decembre-on-fete-noel-mais-pourquoi-est-ce-un-jour-ferie-en-france-et-dans-dautres-pays","status":"publish","type":"post","link":"https:\/\/www.iceagetv.com\/radiosite\/le-25-decembre-on-fete-noel-mais-pourquoi-est-ce-un-jour-ferie-en-france-et-dans-dautres-pays\/","title":{"rendered":"Le 25 d\u00e9cembre, on f\u00eate No\u00ebl : mais pourquoi est-ce un jour f\u00e9ri\u00e9 en France (et dans d&rsquo;autres pays)\u00a0?"},"content":{"rendered":"\n<p class=\"\">Comme pour d&rsquo;autres jours f\u00e9ri\u00e9s, cette tradition vient du catholicisme. Le 25 d\u00e9cembre est ch\u00f4m\u00e9 pour permettre aux croyants de se rendre \u00e0 l&rsquo;\u00e9glise.\u00c7a y est, No\u00ebl est l\u00e0, ce mercredi 25 d\u00e9cembre 2024. Une f\u00eate appr\u00e9ci\u00e9e des plus jeunes pour les cadeaux, mais aussi des adultes, car il est&nbsp;<a href=\"https:\/\/actu.fr\/societe\/aucun-jour-ferie-ne-tombera-les-week-ends-pour-l-annee-2024-2025-voici-comment-optimiser-vos-conges_61513376.html\">synonyme de jour f\u00e9ri\u00e9<\/a>. Comme pour d\u2019autres jours ch\u00f4m\u00e9s, cette tradition nous vient du catholicisme.<\/p>\n\n\n\n<h2 class=\"wp-block-heading\">Une f\u00eate qui date de l\u2019empire romain<\/h2>\n\n\n\n<p class=\"\">F\u00eater&nbsp;<a href=\"https:\/\/actu.fr\/tag\/noel\">No\u00ebl<\/a>&nbsp;le 25&nbsp;d\u00e9cembre est une tradition qui&nbsp;<strong>remonte au IVe&nbsp;si\u00e8cle apr\u00e8s J-C<\/strong>. On le sait, \u00ab\u2009c\u2019est une f\u00eate qui marque le jour de la naissance de J\u00e9sus\u2009\u00bb, rappelle aupr\u00e8s d\u2019<em>actu.fr<\/em>&nbsp;Nadine Cretin, historienne des f\u00eates, sp\u00e9cialis\u00e9e en anthropologie religieuse.<\/p>\n\n\n\n<p class=\"\">D\u2019apr\u00e8s l\u2019historienne, on retrouve une trace de la naissance du Christ dans un calendrier romain en 354.<\/p>\n\n\n\n<blockquote class=\"wp-block-quote is-layout-flow wp-block-quote-is-layout-flow\">\n<p class=\"\">P\u00e2ques \u00e9tait auparavant la f\u00eate principale pour les catholiques. Mais la nativit\u00e9 est devenue une c\u00e9l\u00e9bration tr\u00e8s importante.<strong>Nadine Cretin<\/strong>Historienne des f\u00eates, sp\u00e9cialis\u00e9e en anthropologie religieuse<\/p>\n<\/blockquote>\n\n\n\n<p class=\"\">Et partout dans le monde, les chr\u00e9tiens c\u00e9l\u00e8brent No\u00ebl le m\u00eame jour, le 25\u00a0d\u00e9cembre.Deux jours f\u00e9ri\u00e9s pour No\u00ebl dans d\u2019autres pays<\/p>\n\n\n\n<p class=\"\">En France, le 25&nbsp;d\u00e9cembre fait partie des 11&nbsp;jours f\u00e9ri\u00e9s officiels. Selon Nadine Cretin,&nbsp;<strong>\u00ab\u2009cette date a \u00e9t\u00e9 f\u00e9ri\u00e9e tr\u00e8s t\u00f4t\u2009\u00bb<\/strong>. Avoir un jour ch\u00f4m\u00e9 permettait aux familles de se rendre \u00e0 l\u2019\u00e9glise pour prier. \u00ab\u2009C\u2019est un jour f\u00e9ri\u00e9 qui \u00e9tait vraiment respect\u00e9\u2009\u00bb, insiste la sp\u00e9cialiste des f\u00eates religieuses.<\/p>\n\n\n\n<p class=\"\">Encore aujourd\u2019hui, certains assistent \u00e0 la messe du 25 d\u00e9cembre, bien qu\u2019ils ne se rendent pas \u00e0 l\u2019\u00e9glise le reste de l\u2019ann\u00e9e.<\/p>\n\n\n\n<p class=\"\">Et bien que le 25 soit une date commune pour les chr\u00e9tiens, certains pays ont&nbsp;<strong>un jour f\u00e9ri\u00e9 suppl\u00e9mentaire.<\/strong><\/p>\n\n\n\n<blockquote class=\"wp-block-quote is-layout-flow wp-block-quote-is-layout-flow\">\n<p class=\"\">Dans les autres pays, comme l&rsquo;Allemagne ou l&rsquo;Angleterre, le 25 et le 26 sont f\u00e9ri\u00e9s. C&rsquo;est ce qu&rsquo;on appelle le Boxing Day outre-manche.&nbsp;<strong>Nadine Cretin<\/strong>Historienne des f\u00eates, sp\u00e9cialis\u00e9e en anthropologie religieuse<\/p>\n<\/blockquote>\n\n\n\n<p class=\"\">En Alsace et en Moselle, le 26\u00a0d\u00e9cembre est \u00e9galement f\u00e9ri\u00e9.\u00a0<a href=\"https:\/\/actu.fr\/societe\/pourquoi-26-decembre-est-un-jour-ferie-alsace-en-moselle_30366534.html\">Ce jour est ch\u00f4m\u00e9 depuis 1892<\/a>, lorsque la r\u00e9gion appartenait encore \u00e0 l\u2019Allemagne. Depuis, la coutume n\u2019a pas chang\u00e9.Le jour f\u00e9ri\u00e9 n\u2019est pas d\u00e9compt\u00e9 des cong\u00e9s pay\u00e9s<\/p>\n\n\n\n<p class=\"\">Pour la plupart, le 25 d\u00e9cembre est donc synonyme de repos (m\u00eame si les repas de famille ce jour-l\u00e0 ne sont pas toujours des plus reposants). Mais dans certains secteurs, les salari\u00e9s doivent continuer de travailler. C\u2019est le cas du secteur de l\u2019h\u00f4tellerie, de la restauration, des m\u00e9dias, du spectacle\u2026<\/p>\n\n\n\n<p class=\"\">Et hormis exception, les salari\u00e9s touchent le m\u00eame salaire s\u2019ils travaillent le 25, comme l\u2019explique&nbsp;<a href=\"https:\/\/inspection-du-travail.com\/jours-feries\/noel\/\">le site de l\u2019Inspection du travail.<\/a><\/p>\n\n\n\n<blockquote class=\"wp-block-quote is-layout-flow wp-block-quote-is-layout-flow\">\n<p class=\"\">En principe, les salari\u00e9s ne peuvent pas demander une majoration de salaire pour leur pr\u00e9sence au travail \u00e0 No\u00ebl. Cependant, un salari\u00e9 qui doit pointer au travail le jour de No\u00ebl pourra percevoir un compl\u00e9ment de r\u00e9mun\u00e9ration dans le cas o\u00f9 sa convention collective de travail l\u2019a pr\u00e9vu.<strong>Inspection du travail<\/strong><\/p>\n<\/blockquote>\n\n\n\n<p class=\"\">Si votre entreprise est ouverte \u00e0 No\u00ebl, mais que vous voulez ne pas travailler,&nbsp;\u00ab\u2009il faudra d\u00e9compter une journ\u00e9e de cong\u00e9 pay\u00e9\u2009\u00bb, pr\u00e9vient l\u2019Inspection du travail.<\/p>\n\n\n\n<p class=\"\">Au contraire, si l\u2019entreprise ne fonctionne pas le 25&nbsp;d\u00e9cembre,&nbsp;<strong>\u00ab\u2009le jour f\u00e9ri\u00e9 n\u2019est pas d\u00e9compt\u00e9 des cong\u00e9s pay\u00e9s\u2009\u00bb<\/strong>.<\/p>\n","protected":false},"excerpt":{"rendered":"<p>Comme pour d&rsquo;autres jours f\u00e9ri\u00e9s, cette tradition vient du catholicisme. Le 25 d\u00e9cembre est ch\u00f4m\u00e9 pour permettre aux croyants de se rendre \u00e0 l&rsquo;\u00e9glise.\u00c7a y est, No\u00ebl est l\u00e0, ce mercredi 25 d\u00e9cembre 2024. Une f\u00eate appr\u00e9ci\u00e9e des plus jeunes pour les cadeaux, mais aussi des adultes, car il est&nbsp;synonyme de jour f\u00e9ri\u00e9. Comme pour [&hellip;]<\/p>\n","protected":false},"author":2,"featured_media":32028,"comment_status":"open","ping_status":"open","sticky":false,"template":"","format":"standard","meta":{"_jetpack_memberships_contains_paid_content":false,"footnotes":"","jetpack_publicize_message":"","jetpack_publicize_feature_enabled":true,"jetpack_social_post_already_shared":true,"jetpack_social_options":{"image_generator_settings":{"template":"highway","enabled":true,"token":"eyJpbWciOiJodHRwczpcL1wvd3d3LmljZWFnZXR2LmNvbVwvcmFkaW9zaXRlXC93cC1jb250ZW50XC91cGxvYWRzXC8yMDI0XC8xMlwvTGUtMjUtZGVjZW1icmUuanBlZyIsInR4dCI6IkxlIDI1IGRcdTAwZTljZW1icmUsIG9uIGZcdTAwZWF0ZSBOb1x1MDBlYmwgOiBtYWlzIHBvdXJxdW9pIGVzdC1jZSB1biBqb3VyIGZcdTAwZTlyaVx1MDBlOSBlbiBGcmFuY2UgKGV0IGRhbnMgZCYjODIxNzthdXRyZXMgcGF5cylcdTAwYTA_IiwidGVtcGxhdGUiOiJoaWdod2F5IiwiYmxvZ19pZCI6MTExMDE2NDYxfQ.QAnsKrhBPOwJQwZ68TeFD2QMf5MgsCgzjci9EuA-B5kMQ"},"version":2},"_wpas_customize_per_network":false},"categories":[68],"tags":[],"class_list":["post-32027","post","type-post","status-publish","format-standard","has-post-thumbnail","hentry","category-actu-culturelle"],"jetpack_publicize_connections":[],"jetpack_featured_media_url":"https:\/\/i0.wp.com\/www.iceagetv.com\/radiosite\/wp-content\/uploads\/2024\/12\/Le-25-decembre.jpeg?fit=960%2C640&ssl=1","jetpack_sharing_enabled":true,"_links":{"self":[{"href":"https:\/\/www.iceagetv.com\/radiosite\/wp-json\/wp\/v2\/posts\/32027","targetHints":{"allow":["GET"]}}],"collection":[{"href":"https:\/\/www.iceagetv.com\/radiosite\/wp-json\/wp\/v2\/posts"}],"about":[{"href":"https:\/\/www.iceagetv.com\/radiosite\/wp-json\/wp\/v2\/types\/post"}],"author":[{"embeddable":true,"href":"https:\/\/www.iceagetv.com\/radiosite\/wp-json\/wp\/v2\/users\/2"}],"replies":[{"embeddable":true,"href":"https:\/\/www.iceagetv.com\/radiosite\/wp-json\/wp\/v2\/comments?post=32027"}],"version-history":[{"count":1,"href":"https:\/\/www.iceagetv.com\/radiosite\/wp-json\/wp\/v2\/posts\/32027\/revisions"}],"predecessor-version":[{"id":32029,"href":"https:\/\/www.iceagetv.com\/radiosite\/wp-json\/wp\/v2\/posts\/32027\/revisions\/32029"}],"wp:featuredmedia":[{"embeddable":true,"href":"https:\/\/www.iceagetv.com\/radiosite\/wp-json\/wp\/v2\/media\/32028"}],"wp:attachment":[{"href":"https:\/\/www.iceagetv.com\/radiosite\/wp-json\/wp\/v2\/media?parent=32027"}],"wp:term":[{"taxonomy":"category","embeddable":true,"href":"https:\/\/www.iceagetv.com\/radiosite\/wp-json\/wp\/v2\/categories?post=32027"},{"taxonomy":"post_tag","embeddable":true,"href":"https:\/\/www.iceagetv.com\/radiosite\/wp-json\/wp\/v2\/tags?post=32027"}],"curies":[{"name":"wp","href":"https:\/\/api.w.org\/{rel}","templated":true}]}}